{"id":20944,"date":"2025-02-10T13:01:48","date_gmt":"2025-02-10T12:01:48","guid":{"rendered":"https:\/\/agora.xtec.cat\/esc-la-cabana\/?p=20944"},"modified":"2025-04-28T11:42:08","modified_gmt":"2025-04-28T09:42:08","slug":"projecte-de-millora-dels-patis-un-espai-per-a-tots","status":"publish","type":"post","link":"https:\/\/agora.xtec.cat\/esc-la-cabana\/general\/projecte-de-millora-dels-patis-un-espai-per-a-tots\/","title":{"rendered":"PROJECTE DE MILLORA DELS PATIS: UN ESPAI PER A TOTHOM"},"content":{"rendered":"<p><span style=\"font-weight: 400;\">Durant el primer trimestre d&#8217;aquest curs escolar, hem seguit treballant en el <\/span><b><i>Projecte de Millora de Patis<\/i><\/b><span style=\"font-weight: 400;\">, una iniciativa que vam posar en marxa l&#8217;any anterior i que ha estat tot un \u00e8xit per transformar els nostres patis en espais din\u00e0mics, inclusius i educatius.<\/span><\/p>\n<p><span style=\"font-weight: 400;\">Com a part d&#8217;aquest projecte, aquest any hem organitzat una s\u00e8rie d&#8217;activitats que han transformat el pati en un lloc ple de vida i creativitat. Els dilluns han passat a ser una jornada especial per als amants de l&#8217;estrat\u00e8gia amb l&#8217;activitat d&#8217;<\/span><b><i>escacs al pati<\/i><\/b><span style=\"font-weight: 400;\">, que permet als infants gaudir d&#8217;una estona de reflexi\u00f3 i competici\u00f3 amistosa, mentre fomenten habilitats com la concentraci\u00f3, la paci\u00e8ncia i la presa de decisions. <\/span><\/p>\n<p><span style=\"font-weight: 400;\"><img loading=\"lazy\" decoding=\"async\" class=\"aligncenter wp-image-20945\" src=\"https:\/\/agora.xtec.cat\/esc-la-cabana\/wp-content\/uploads\/usu849\/2025\/02\/WhatsApp-Image-2025-02-03-at-16.18.26-300x225.jpeg\" alt=\"\" width=\"260\" height=\"195\" srcset=\"https:\/\/agora.xtec.cat\/esc-la-cabana\/wp-content\/uploads\/usu849\/2025\/02\/WhatsApp-Image-2025-02-03-at-16.18.26-300x225.jpeg 300w, https:\/\/agora.xtec.cat\/esc-la-cabana\/wp-content\/uploads\/usu849\/2025\/02\/WhatsApp-Image-2025-02-03-at-16.18.26-1024x768.jpeg 1024w, https:\/\/agora.xtec.cat\/esc-la-cabana\/wp-content\/uploads\/usu849\/2025\/02\/WhatsApp-Image-2025-02-03-at-16.18.26-768x576.jpeg 768w, https:\/\/agora.xtec.cat\/esc-la-cabana\/wp-content\/uploads\/usu849\/2025\/02\/WhatsApp-Image-2025-02-03-at-16.18.26-1536x1152.jpeg 1536w, https:\/\/agora.xtec.cat\/esc-la-cabana\/wp-content\/uploads\/usu849\/2025\/02\/WhatsApp-Image-2025-02-03-at-16.18.26-200x150.jpeg 200w, https:\/\/agora.xtec.cat\/esc-la-cabana\/wp-content\/uploads\/usu849\/2025\/02\/WhatsApp-Image-2025-02-03-at-16.18.26.jpeg 2000w\" sizes=\"auto, (max-width: 260px) 100vw, 260px\" \/><\/span><\/p>\n<p><span style=\"font-weight: 400;\">Els dimarts i dijous s\u00f3n dies musicals, amb el <\/span><b><i>M\u00fasicpati<\/i><\/b><span style=\"font-weight: 400;\">! Els infants poden tocar instruments com el sax\u00f2fon, el tromb\u00f3, el piano i l&#8217;ukelele, entre altres. D\u2019aquesta manera, els animem a descobrir el m\u00f3n de la m\u00fasica de forma activa i divertida, tot desenvolupant la seva creativitat i treballant en grup.<\/span><\/p>\n<p>Aquest espai ens permet, tamb\u00e9, desenvolupar les nostres pr\u00f2pies creacions musicals individualment o en grup.<\/p>\n<p><img loading=\"lazy\" decoding=\"async\" class=\"aligncenter size-medium wp-image-20952\" src=\"https:\/\/agora.xtec.cat\/esc-la-cabana\/wp-content\/uploads\/usu849\/2025\/02\/c0deed9d-63a7-40c4-af81-b2304cb508b4-300x225.jpg\" alt=\"\" width=\"300\" height=\"225\" srcset=\"https:\/\/agora.xtec.cat\/esc-la-cabana\/wp-content\/uploads\/usu849\/2025\/02\/c0deed9d-63a7-40c4-af81-b2304cb508b4-300x225.jpg 300w, https:\/\/agora.xtec.cat\/esc-la-cabana\/wp-content\/uploads\/usu849\/2025\/02\/c0deed9d-63a7-40c4-af81-b2304cb508b4-200x150.jpg 200w, https:\/\/agora.xtec.cat\/esc-la-cabana\/wp-content\/uploads\/usu849\/2025\/02\/c0deed9d-63a7-40c4-af81-b2304cb508b4.jpg 640w\" sizes=\"auto, (max-width: 300px) 100vw, 300px\" \/><\/p>\n<p>&nbsp;<\/p>\n<p><span style=\"font-weight: 400;\">Els dimecres i divendres, el <\/span><b><i>Bibliopati<\/i><\/b> <span style=\"font-weight: 400;\">permet als alumnes buscar llibres, endur-se&#8217;ls a casa i gaudir de la lectura. Aquesta activitat fomenta l&#8217;inter\u00e8s per la lectura i afavoreix moments de calma i reflexi\u00f3 entre els infants. <\/span><\/p>\n<p><span style=\"font-weight: 400;\">A m\u00e9s, cada setmana, un cicle t\u00e9 assignada una pista per practicar l<\/span><b><i>&#8216;Esport del Mes<\/i><\/b><span style=\"font-weight: 400;\">. Aquesta activitat ajuda els nens i nenes a con\u00e8ixer nous esports, promovent la inclusi\u00f3, el treball en equip i el respecte per les normes.<\/span><\/p>\n<p><span style=\"font-weight: 400;\">Una de les novetats m\u00e9s emocionants ha estat la creaci\u00f3 del <\/span><b><i>sorral<\/i><\/b><span style=\"font-weight: 400;\">, un espai creat per als infants d\u2019Educaci\u00f3 Infantil, on poden jugar i explorar amb seguretat. \u00c9s un espai de joc sensorial que fomenta la seva imaginaci\u00f3 i el desenvolupament motor. Aquest espai ha estat possible gr\u00e0cies al suport econ\u00f2mic de l&#8217;Ajuntament de Les Cabanyes.<\/span><\/p>\n<p><span style=\"font-weight: 400;\">Aquestes iniciatives han estat possibles gr\u00e0cies a la col\u00b7laboraci\u00f3 de tota la comunitat educativa, que treballa cada dia per fer del pati un espai m\u00e9s enriquidor per als nostres infants.<\/span><\/p>\n<p><span style=\"font-weight: 400;\">Ens veiem al pati!<\/span><\/p>\n","protected":false},"excerpt":{"rendered":"<p>Projecte de millora de pati, un espai per a tots.<\/p>\n","protected":false},"author":1,"featured_media":318,"comment_status":"open","ping_status":"closed","sticky":false,"template":"","format":"standard","meta":{"_bbp_topic_count":0,"_bbp_reply_count":0,"_bbp_total_topic_count":0,"_bbp_total_reply_count":0,"_bbp_voice_count":0,"_bbp_anonymous_reply_count":0,"_bbp_topic_count_hidden":0,"_bbp_reply_count_hidden":0,"_bbp_forum_subforum_count":0,"site-sidebar-layout":"default","site-content-layout":"","ast-site-content-layout":"","site-content-style":"default","site-sidebar-style":"default","ast-global-header-display":"","ast-banner-title-visibility":"","ast-main-header-display":"","ast-hfb-above-header-display":"","ast-hfb-below-header-display":"","ast-hfb-mobile-header-display":"","site-post-title":"","ast-breadcrumbs-content":"","ast-featured-img":"","footer-sml-layout":"","theme-transparent-header-meta":"","adv-header-id-meta":"","stick-header-meta":"","header-above-stick-meta":"","header-main-stick-meta":"","header-below-stick-meta":"","astra-migrate-meta-layouts":"default","ast-page-background-enabled":"default","ast-page-background-meta":{"desktop":{"background-color":"var(--ast-global-color-4)","background-image":"","background-repeat":"repeat","background-position":"center center","background-size":"auto","background-attachment":"scroll","background-type":"","background-media":"","overlay-type":"","overlay-color":"","overlay-opacity":"","overlay-gradient":""},"tablet":{"background-color":"","background-image":"","background-repeat":"repeat","background-position":"center center","background-size":"auto","background-attachment":"scroll","background-type":"","background-media":"","overlay-type":"","overlay-color":"","overlay-opacity":"","overlay-gradient":""},"mobile":{"background-color":"","background-image":"","background-repeat":"repeat","background-position":"center center","background-size":"auto","background-attachment":"scroll","background-type":"","background-media":"","overlay-type":"","overlay-color":"","overlay-opacity":"","overlay-gradient":""}},"ast-content-background-meta":{"desktop":{"background-color":"var(--ast-global-color-5)","background-image":"","background-repeat":"repeat","background-position":"center center","background-size":"auto","background-attachment":"scroll","background-type":"","background-media":"","overlay-type":"","overlay-color":"","overlay-opacity":"","overlay-gradient":""},"tablet":{"background-color":"var(--ast-global-color-5)","background-image":"","background-repeat":"repeat","background-position":"center center","background-size":"auto","background-attachment":"scroll","background-type":"","background-media":"","overlay-type":"","overlay-color":"","overlay-opacity":"","overlay-gradient":""},"mobile":{"background-color":"var(--ast-global-color-5)","background-image":"","background-repeat":"repeat","background-position":"center center","background-size":"auto","background-attachment":"scroll","background-type":"","background-media":"","overlay-type":"","overlay-color":"","overlay-opacity":"","overlay-gradient":""}},"footnotes":""},"categories":[195,1,4],"tags":[345,397,404,279,344,396],"class_list":["post-20944","post","type-post","status-publish","format-standard","has-post-thumbnail","hentry","category-escola_saludable","category-general","category-portada","tag-artpati","tag-bibliopati","tag-epsap","tag-la-cabana","tag-musicpati","tag-pati"],"post_mailing_queue_ids":[],"_links":{"self":[{"href":"https:\/\/agora.xtec.cat\/esc-la-cabana\/wp-json\/wp\/v2\/posts\/20944","targetHints":{"allow":["GET"]}}],"collection":[{"href":"https:\/\/agora.xtec.cat\/esc-la-cabana\/wp-json\/wp\/v2\/posts"}],"about":[{"href":"https:\/\/agora.xtec.cat\/esc-la-cabana\/wp-json\/wp\/v2\/types\/post"}],"author":[{"embeddable":true,"href":"https:\/\/agora.xtec.cat\/esc-la-cabana\/wp-json\/wp\/v2\/users\/1"}],"replies":[{"embeddable":true,"href":"https:\/\/agora.xtec.cat\/esc-la-cabana\/wp-json\/wp\/v2\/comments?post=20944"}],"version-history":[{"count":3,"href":"https:\/\/agora.xtec.cat\/esc-la-cabana\/wp-json\/wp\/v2\/posts\/20944\/revisions"}],"predecessor-version":[{"id":20991,"href":"https:\/\/agora.xtec.cat\/esc-la-cabana\/wp-json\/wp\/v2\/posts\/20944\/revisions\/20991"}],"wp:featuredmedia":[{"embeddable":true,"href":"https:\/\/agora.xtec.cat\/esc-la-cabana\/wp-json\/wp\/v2\/media\/318"}],"wp:attachment":[{"href":"https:\/\/agora.xtec.cat\/esc-la-cabana\/wp-json\/wp\/v2\/media?parent=20944"}],"wp:term":[{"taxonomy":"category","embeddable":true,"href":"https:\/\/agora.xtec.cat\/esc-la-cabana\/wp-json\/wp\/v2\/categories?post=20944"},{"taxonomy":"post_tag","embeddable":true,"href":"https:\/\/agora.xtec.cat\/esc-la-cabana\/wp-json\/wp\/v2\/tags?post=20944"}],"curies":[{"name":"wp","href":"https:\/\/api.w.org\/{rel}","templated":true}]}}