{"id":20778,"date":"2025-02-03T16:27:01","date_gmt":"2025-02-03T15:27:01","guid":{"rendered":"https:\/\/agora.xtec.cat\/esc-la-cabana\/?p=20778"},"modified":"2025-02-03T16:29:10","modified_gmt":"2025-02-03T15:29:10","slug":"projecte-interdisciplinari-de-lelectricitat","status":"publish","type":"post","link":"https:\/\/agora.xtec.cat\/esc-la-cabana\/general\/projecte-interdisciplinari-de-lelectricitat\/","title":{"rendered":"PROJECTE INTERDISCIPLINARI DE L&#8217;ELECTRICITAT"},"content":{"rendered":"<p><strong><img loading=\"lazy\" decoding=\"async\" class=\"size-medium wp-image-20782 alignright\" src=\"https:\/\/agora.xtec.cat\/esc-la-cabana\/wp-content\/uploads\/usu849\/2025\/02\/WhatsApp-Image-2025-02-03-at-16.21.45-3_Easy-Resize.com_-300x225.jpg\" alt=\"\" width=\"300\" height=\"225\" srcset=\"https:\/\/agora.xtec.cat\/esc-la-cabana\/wp-content\/uploads\/usu849\/2025\/02\/WhatsApp-Image-2025-02-03-at-16.21.45-3_Easy-Resize.com_-300x225.jpg 300w, https:\/\/agora.xtec.cat\/esc-la-cabana\/wp-content\/uploads\/usu849\/2025\/02\/WhatsApp-Image-2025-02-03-at-16.21.45-3_Easy-Resize.com_-1024x768.jpg 1024w, https:\/\/agora.xtec.cat\/esc-la-cabana\/wp-content\/uploads\/usu849\/2025\/02\/WhatsApp-Image-2025-02-03-at-16.21.45-3_Easy-Resize.com_-768x576.jpg 768w, https:\/\/agora.xtec.cat\/esc-la-cabana\/wp-content\/uploads\/usu849\/2025\/02\/WhatsApp-Image-2025-02-03-at-16.21.45-3_Easy-Resize.com_-200x150.jpg 200w, https:\/\/agora.xtec.cat\/esc-la-cabana\/wp-content\/uploads\/usu849\/2025\/02\/WhatsApp-Image-2025-02-03-at-16.21.45-3_Easy-Resize.com_.jpg 1280w\" sizes=\"auto, (max-width: 300px) 100vw, 300px\" \/><\/strong>Com cada curs, dediquem una setmana sencera a un projecte interdiciplinari, i aquest any es realitzar\u00e0 del 3 al\u00a0 7 de febrer de 2025. Durant aquest per\u00edode els horaris normals es paren i es dedica tot el temps a aquesta tasca. No obstant aix\u00f2, la setmana anterior es fan les actuacions pr\u00e8vies per iniciar el dilluns 3: <strong>&#8220;El projecte interdisciplinari de la electricitat&#8221;.<\/strong><\/p>\n<p>Donada la situaci\u00f3 actual de la problem\u00e0tica relacionada amb el consum energ\u00e8tic, l\u2019equip docent hem decidit treballar la llum des d\u2019una perspectiva de <strong>conscienciaci\u00f3 del consum responsable,\u00a0<\/strong>degut al context econ\u00f2mic en el qual estem immersos com a societat, on el preu de llum s\u2019ha incrementat.<\/p>\n<p><img loading=\"lazy\" decoding=\"async\" class=\" wp-image-20779 alignleft\" src=\"https:\/\/agora.xtec.cat\/esc-la-cabana\/wp-content\/uploads\/usu849\/2025\/02\/01_SA_Electricitat_Presentacio-3_Easy-Resize.com_-300x225.jpg\" alt=\"\" width=\"272\" height=\"204\" srcset=\"https:\/\/agora.xtec.cat\/esc-la-cabana\/wp-content\/uploads\/usu849\/2025\/02\/01_SA_Electricitat_Presentacio-3_Easy-Resize.com_-300x225.jpg 300w, https:\/\/agora.xtec.cat\/esc-la-cabana\/wp-content\/uploads\/usu849\/2025\/02\/01_SA_Electricitat_Presentacio-3_Easy-Resize.com_-1024x768.jpg 1024w, https:\/\/agora.xtec.cat\/esc-la-cabana\/wp-content\/uploads\/usu849\/2025\/02\/01_SA_Electricitat_Presentacio-3_Easy-Resize.com_-768x576.jpg 768w, https:\/\/agora.xtec.cat\/esc-la-cabana\/wp-content\/uploads\/usu849\/2025\/02\/01_SA_Electricitat_Presentacio-3_Easy-Resize.com_-200x150.jpg 200w, https:\/\/agora.xtec.cat\/esc-la-cabana\/wp-content\/uploads\/usu849\/2025\/02\/01_SA_Electricitat_Presentacio-3_Easy-Resize.com_.jpg 1280w\" sizes=\"auto, (max-width: 272px) 100vw, 272px\" \/><\/p>\n<p>Per iniciar aquesta situaci\u00f3 d&#8217;aprenentatge, vam sol\u00b7licitar la col\u00b7laboraci\u00f3 de l&#8217;Ajuntament, fent-los c\u00f2mplices, per tal que ens fessin la demanda de baixar el consum el\u00e8ctric de l&#8217;escola. Un cop ens va arribar la carta, l&#8217;alumnat del tercer cicle, ens va comunicar la demanda tots junts al gimn\u00e0s de l&#8217;escola.<\/p>\n<p>Cada cicle parteix d&#8217;una pregunta-repte, que els portar\u00e0 a recollir dades i extreure conclusions. Finalment, a mode de conclusi\u00f3, aquest divendres a la tarda ens trobarem i posarem en com\u00fa tota la informaci\u00f3:<\/p>\n<p>&nbsp;<\/p>\n<ul>\n<li>Educaci\u00f3 infantil (Som energ\u00e8tics.):\u00a0 \u00a0\u201cQu\u00e8 passaria si ens qued\u00e9ssim sense llum uns quants dies?\u201d<\/li>\n<li>1r cicle (Aprofitem la llum natural.): &#8220;Aprofitem prou la llum natural a l\u2019escola?&#8221;<\/li>\n<li>2n cicle ( L\u2019electricitat i el medi ambient. Endollats.): &#8220;Quant i com consumim realment?&#8221;<\/li>\n<li>3r cicle (Efici\u00e8ncia energ\u00e8tica): &#8220;Quins canvis podem fer per estalviar en el consum de l\u2019electricitat de l\u2019escola?&#8221;<\/li>\n<\/ul>\n<h4>Per tant, aquesta proposta educativa t\u00e9 per <strong>objectiu crear en el nostre alumnat una consci\u00e8ncia de persones responsables, compromeses amb el Medi Ambient tot fomentant actituds \u00e8tiques envers el consum.<\/strong><\/h4>\n<p>&nbsp;<\/p>\n","protected":false},"excerpt":{"rendered":"<p>Com cada curs, dediquem una setmana sencera a un projecte interdiciplinari, i aquest any es realitzar\u00e0 del 3 al\u00a0 7 de febrer de 2025. Durant aquest per\u00edode els horaris normals es paren i es dedica tot el temps a aquesta tasca. No obstant aix\u00f2, la setmana anterior es fan les actuacions pr\u00e8vies per iniciar el [&hellip;]<\/p>\n","protected":false},"author":1,"featured_media":0,"comment_status":"open","ping_status":"closed","sticky":false,"template":"","format":"standard","meta":{"_bbp_topic_count":0,"_bbp_reply_count":0,"_bbp_total_topic_count":0,"_bbp_total_reply_count":0,"_bbp_voice_count":0,"_bbp_anonymous_reply_count":0,"_bbp_topic_count_hidden":0,"_bbp_reply_count_hidden":0,"_bbp_forum_subforum_count":0,"site-sidebar-layout":"default","site-content-layout":"","ast-site-content-layout":"","site-content-style":"default","site-sidebar-style":"default","ast-global-header-display":"","ast-banner-title-visibility":"","ast-main-header-display":"","ast-hfb-above-header-display":"","ast-hfb-below-header-display":"","ast-hfb-mobile-header-display":"","site-post-title":"","ast-breadcrumbs-content":"","ast-featured-img":"","footer-sml-layout":"","theme-transparent-header-meta":"","adv-header-id-meta":"","stick-header-meta":"","header-above-stick-meta":"","header-main-stick-meta":"","header-below-stick-meta":"","astra-migrate-meta-layouts":"default","ast-page-background-enabled":"default","ast-page-background-meta":{"desktop":{"background-color":"var(--ast-global-color-4)","background-image":"","background-repeat":"repeat","background-position":"center center","background-size":"auto","background-attachment":"scroll","background-type":"","background-media":"","overlay-type":"","overlay-color":"","overlay-opacity":"","overlay-gradient":""},"tablet":{"background-color":"","background-image":"","background-repeat":"repeat","background-position":"center center","background-size":"auto","background-attachment":"scroll","background-type":"","background-media":"","overlay-type":"","overlay-color":"","overlay-opacity":"","overlay-gradient":""},"mobile":{"background-color":"","background-image":"","background-repeat":"repeat","background-position":"center center","background-size":"auto","background-attachment":"scroll","background-type":"","background-media":"","overlay-type":"","overlay-color":"","overlay-opacity":"","overlay-gradient":""}},"ast-content-background-meta":{"desktop":{"background-color":"var(--ast-global-color-5)","background-image":"","background-repeat":"repeat","background-position":"center center","background-size":"auto","background-attachment":"scroll","background-type":"","background-media":"","overlay-type":"","overlay-color":"","overlay-opacity":"","overlay-gradient":""},"tablet":{"background-color":"var(--ast-global-color-5)","background-image":"","background-repeat":"repeat","background-position":"center center","background-size":"auto","background-attachment":"scroll","background-type":"","background-media":"","overlay-type":"","overlay-color":"","overlay-opacity":"","overlay-gradient":""},"mobile":{"background-color":"var(--ast-global-color-5)","background-image":"","background-repeat":"repeat","background-position":"center center","background-size":"auto","background-attachment":"scroll","background-type":"","background-media":"","overlay-type":"","overlay-color":"","overlay-opacity":"","overlay-gradient":""}},"footnotes":""},"categories":[1,4],"tags":[103,101],"class_list":["post-20778","post","type-post","status-publish","format-standard","hentry","category-general","category-portada","tag-interdisciplinari","tag-projecte"],"post_mailing_queue_ids":[],"_links":{"self":[{"href":"https:\/\/agora.xtec.cat\/esc-la-cabana\/wp-json\/wp\/v2\/posts\/20778","targetHints":{"allow":["GET"]}}],"collection":[{"href":"https:\/\/agora.xtec.cat\/esc-la-cabana\/wp-json\/wp\/v2\/posts"}],"about":[{"href":"https:\/\/agora.xtec.cat\/esc-la-cabana\/wp-json\/wp\/v2\/types\/post"}],"author":[{"embeddable":true,"href":"https:\/\/agora.xtec.cat\/esc-la-cabana\/wp-json\/wp\/v2\/users\/1"}],"replies":[{"embeddable":true,"href":"https:\/\/agora.xtec.cat\/esc-la-cabana\/wp-json\/wp\/v2\/comments?post=20778"}],"version-history":[{"count":4,"href":"https:\/\/agora.xtec.cat\/esc-la-cabana\/wp-json\/wp\/v2\/posts\/20778\/revisions"}],"predecessor-version":[{"id":20784,"href":"https:\/\/agora.xtec.cat\/esc-la-cabana\/wp-json\/wp\/v2\/posts\/20778\/revisions\/20784"}],"wp:attachment":[{"href":"https:\/\/agora.xtec.cat\/esc-la-cabana\/wp-json\/wp\/v2\/media?parent=20778"}],"wp:term":[{"taxonomy":"category","embeddable":true,"href":"https:\/\/agora.xtec.cat\/esc-la-cabana\/wp-json\/wp\/v2\/categories?post=20778"},{"taxonomy":"post_tag","embeddable":true,"href":"https:\/\/agora.xtec.cat\/esc-la-cabana\/wp-json\/wp\/v2\/tags?post=20778"}],"curies":[{"name":"wp","href":"https:\/\/api.w.org\/{rel}","templated":true}]}}