{"id":20773,"date":"2025-01-27T09:55:33","date_gmt":"2025-01-27T08:55:33","guid":{"rendered":"https:\/\/agora.xtec.cat\/esc-la-cabana\/?p=20773"},"modified":"2025-01-26T02:07:20","modified_gmt":"2025-01-26T01:07:20","slug":"aprendre-mirant-a-dinamarca-job-shadowing-in-denmark","status":"publish","type":"post","link":"https:\/\/agora.xtec.cat\/esc-la-cabana\/general\/aprendre-mirant-a-dinamarca-job-shadowing-in-denmark\/","title":{"rendered":"APRENDRE MIRANT A DINAMARCA \/ JOB SHADOWING IN DENMARK"},"content":{"rendered":"<p style=\"text-align: justify;\"><a href=\"https:\/\/agora.xtec.cat\/esc-la-cabana\/wp-content\/uploads\/usu849\/2025\/01\/Mapa-Aalborg-i-Vodskov.jpg\"><img loading=\"lazy\" decoding=\"async\" class=\"wp-image-20775 alignright\" src=\"https:\/\/agora.xtec.cat\/esc-la-cabana\/wp-content\/uploads\/usu849\/2025\/01\/Mapa-Aalborg-i-Vodskov.jpg\" alt=\"\" width=\"375\" height=\"234\" srcset=\"https:\/\/agora.xtec.cat\/esc-la-cabana\/wp-content\/uploads\/usu849\/2025\/01\/Mapa-Aalborg-i-Vodskov.jpg 861w, https:\/\/agora.xtec.cat\/esc-la-cabana\/wp-content\/uploads\/usu849\/2025\/01\/Mapa-Aalborg-i-Vodskov-300x187.jpg 300w, https:\/\/agora.xtec.cat\/esc-la-cabana\/wp-content\/uploads\/usu849\/2025\/01\/Mapa-Aalborg-i-Vodskov-768x479.jpg 768w\" sizes=\"auto, (max-width: 375px) 100vw, 375px\" \/><\/a>A finals del primer trimestre, una de les mestres d&#8217;angl\u00e8s de l&#8217;Escola La Cabana, la No\u00e8lia Callau, va poder gaudir d&#8217;una estada professional de dues setmanes de durada a Dinamarca, per aprendre mirant com treballaven els mestres danesos de l&#8217;Escola Grindsted, prop de Vodskov (a la regi\u00f3 de Jutl\u00e0ndia).<\/p>\n<p style=\"text-align: justify;\">A Grindsted va poder observar i participar en totes les classes del que seria l&#8217;equivalent aqu\u00ed d&#8217;I3 fins a 6\u00e8 de Prim\u00e0ria. Tamb\u00e9 va poder compartir moments i reunions molt enriquidores, tant amb el Claustre, l&#8217;equip directiu de l&#8217;escola acollidora com amb el mateix alumnat. Uns\/es alumnes entregats\/des i curiosos\/es que tamb\u00e9 volien aprendre moltes coses sobre nosaltres.<\/p>\n<p style=\"text-align: justify;\">D&#8217;una banda, va ser un gran orgull poder gaudir d&#8217;aquesta estada, perqu\u00e8 a la convocat\u00f2ria nom\u00e9s hi havia 5 places a Dinamarca a nivell de tota Espanya i d&#8217;altra banda, va ser tota una gran experi\u00e8ncia professional i personal que li va permetre comparar ambd\u00f3s sistemes educatius amb l&#8217;objectiu d&#8217;enriquir la pr\u00e0ctica educativa i de gesti\u00f3 del centre un cop retornada a l&#8217;escola.<\/p>\n<p style=\"text-align: justify;\">Per si en voleu saber m\u00e9s, al final del document trobareu un enlla\u00e7 a la Sites que va elaborar la mestra especialista amb llengua anglesa durant la seva estada a les terres daneses. Es tracta d&#8217;un dietari on es recull el treball diari fet durant l&#8217;estada, amb un apartat de &#8220;My learning suitcase&#8221; on s&#8217;expliquen els aprenentatges que s&#8217;emportava a diari d&#8217;aquesta experi\u00e8ncia i una secci\u00f3 de &#8220;Being global: culture knowledge&#8221; on s&#8217;engloben els coneixements m\u00e9s culturals del viatge.<\/p>\n<p style=\"text-align: justify;\">Abans de passar-vos l&#8217;enlla\u00e7, i tot i que ja es menciona a la Sites, nom\u00e9s queda tornar a agrair a l&#8217;Escola Grindsted per haver acollit a la No\u00e8lia tan b\u00e9 fent-la sentir com una mestra m\u00e9s del seu Claustre i per haver fet una planificaci\u00f3 tan acurada de la visita. I&#8230; moltes gr\u00e0cies per saber-li transmetre la filosofia de vida\u00a0 &#8220;HUGGE&#8221; \/\u02c8h\u028a\u0261.\u0259\/, \u00e9s a dir, per haver-la fet sentir tan feli\u00e7 i gaudir de cada petit moment en companyia d&#8217;un equip docent incre\u00efble i en un final de trimestre tan relaxat. Un &#8220;relax&#8221; que \u00e9s IMPOSSIBLE de trobar a les nostres escoles de Catalunya i menys en un final de trimestre. IT WAS AMAZING!<\/p>\n<p style=\"text-align: justify;\">Esperem que la gaudiu i aprengueu moltes coses; tal i com ho va fer la mestra:<\/p>\n<p style=\"text-align: center;\"><span style=\"text-decoration: underline;\"><a href=\"https:\/\/sites.google.com\/xtec.cat\/noe-job-shadowing-in-grindsted\/home\" target=\"_blank\" rel=\"noopener\">JOB SHADOWING IN GRINDSTED<\/a><\/span>.<\/p>\n<p>&nbsp;<\/p>\n","protected":false},"excerpt":{"rendered":"<p>UNA ESTADA PROFESSIONAL PER APRENDRE DEL SISTEMA EDUCATIU DAN\u00c8S. US HO PERDREU?<\/p>\n","protected":false},"author":18,"featured_media":20774,"comment_status":"open","ping_status":"closed","sticky":false,"template":"","format":"standard","meta":{"_bbp_topic_count":0,"_bbp_reply_count":0,"_bbp_total_topic_count":0,"_bbp_total_reply_count":0,"_bbp_voice_count":0,"_bbp_anonymous_reply_count":0,"_bbp_topic_count_hidden":0,"_bbp_reply_count_hidden":0,"_bbp_forum_subforum_count":0,"site-sidebar-layout":"default","site-content-layout":"","ast-site-content-layout":"","site-content-style":"default","site-sidebar-style":"default","ast-global-header-display":"","ast-banner-title-visibility":"","ast-main-header-display":"","ast-hfb-above-header-display":"","ast-hfb-below-header-display":"","ast-hfb-mobile-header-display":"","site-post-title":"","ast-breadcrumbs-content":"","ast-featured-img":"","footer-sml-layout":"","theme-transparent-header-meta":"","adv-header-id-meta":"","stick-header-meta":"","header-above-stick-meta":"","header-main-stick-meta":"","header-below-stick-meta":"","astra-migrate-meta-layouts":"default","ast-page-background-enabled":"default","ast-page-background-meta":{"desktop":{"background-color":"var(--ast-global-color-4)","background-image":"","background-repeat":"repeat","background-position":"center center","background-size":"auto","background-attachment":"scroll","background-type":"","background-media":"","overlay-type":"","overlay-color":"","overlay-opacity":"","overlay-gradient":""},"tablet":{"background-color":"","background-image":"","background-repeat":"repeat","background-position":"center center","background-size":"auto","background-attachment":"scroll","background-type":"","background-media":"","overlay-type":"","overlay-color":"","overlay-opacity":"","overlay-gradient":""},"mobile":{"background-color":"","background-image":"","background-repeat":"repeat","background-position":"center center","background-size":"auto","background-attachment":"scroll","background-type":"","background-media":"","overlay-type":"","overlay-color":"","overlay-opacity":"","overlay-gradient":""}},"ast-content-background-meta":{"desktop":{"background-color":"var(--ast-global-color-5)","background-image":"","background-repeat":"repeat","background-position":"center center","background-size":"auto","background-attachment":"scroll","background-type":"","background-media":"","overlay-type":"","overlay-color":"","overlay-opacity":"","overlay-gradient":""},"tablet":{"background-color":"var(--ast-global-color-5)","background-image":"","background-repeat":"repeat","background-position":"center center","background-size":"auto","background-attachment":"scroll","background-type":"","background-media":"","overlay-type":"","overlay-color":"","overlay-opacity":"","overlay-gradient":""},"mobile":{"background-color":"var(--ast-global-color-5)","background-image":"","background-repeat":"repeat","background-position":"center center","background-size":"auto","background-attachment":"scroll","background-type":"","background-media":"","overlay-type":"","overlay-color":"","overlay-opacity":"","overlay-gradient":""}},"footnotes":""},"categories":[33,83,1,4,5],"tags":[129,395,394],"class_list":["post-20773","post","type-post","status-publish","format-standard","has-post-thumbnail","hentry","category-e-i","category-especialitats","category-general","category-portada","category-primaria","tag-angles","tag-job-shadowing","tag-som-escola"],"post_mailing_queue_ids":[],"_links":{"self":[{"href":"https:\/\/agora.xtec.cat\/esc-la-cabana\/wp-json\/wp\/v2\/posts\/20773","targetHints":{"allow":["GET"]}}],"collection":[{"href":"https:\/\/agora.xtec.cat\/esc-la-cabana\/wp-json\/wp\/v2\/posts"}],"about":[{"href":"https:\/\/agora.xtec.cat\/esc-la-cabana\/wp-json\/wp\/v2\/types\/post"}],"author":[{"embeddable":true,"href":"https:\/\/agora.xtec.cat\/esc-la-cabana\/wp-json\/wp\/v2\/users\/18"}],"replies":[{"embeddable":true,"href":"https:\/\/agora.xtec.cat\/esc-la-cabana\/wp-json\/wp\/v2\/comments?post=20773"}],"version-history":[{"count":2,"href":"https:\/\/agora.xtec.cat\/esc-la-cabana\/wp-json\/wp\/v2\/posts\/20773\/revisions"}],"predecessor-version":[{"id":20777,"href":"https:\/\/agora.xtec.cat\/esc-la-cabana\/wp-json\/wp\/v2\/posts\/20773\/revisions\/20777"}],"wp:featuredmedia":[{"embeddable":true,"href":"https:\/\/agora.xtec.cat\/esc-la-cabana\/wp-json\/wp\/v2\/media\/20774"}],"wp:attachment":[{"href":"https:\/\/agora.xtec.cat\/esc-la-cabana\/wp-json\/wp\/v2\/media?parent=20773"}],"wp:term":[{"taxonomy":"category","embeddable":true,"href":"https:\/\/agora.xtec.cat\/esc-la-cabana\/wp-json\/wp\/v2\/categories?post=20773"},{"taxonomy":"post_tag","embeddable":true,"href":"https:\/\/agora.xtec.cat\/esc-la-cabana\/wp-json\/wp\/v2\/tags?post=20773"}],"curies":[{"name":"wp","href":"https:\/\/api.w.org\/{rel}","templated":true}]}}