{"id":20761,"date":"2024-12-20T12:46:29","date_gmt":"2024-12-20T11:46:29","guid":{"rendered":"https:\/\/agora.xtec.cat\/esc-la-cabana\/?p=20761"},"modified":"2024-12-20T12:47:24","modified_gmt":"2024-12-20T11:47:24","slug":"festival-dhivern-encesos-desperanca","status":"publish","type":"post","link":"https:\/\/agora.xtec.cat\/esc-la-cabana\/general\/festival-dhivern-encesos-desperanca\/","title":{"rendered":"FESTIVAL D\u2019HIVERN \u201cENCESOS D\u2019ESPERAN\u00c7A\u201d"},"content":{"rendered":"<p data-pm-slice=\"1 1 []\">El passat dia 19 de desembre, la nostra escola es va omplir d&#8217;il\u00b7lusi\u00f3 i alegria per celebrar el tradicional <strong>Festival d&#8217;hivern<\/strong>. Volem agrair de tot cor a totes les fam\u00edlies, alumnes i personal del centre per la seva assist\u00e8ncia i participaci\u00f3 en aquesta jornada tan m\u00e0gica.<\/p>\n<p>Un agra\u00efment molt especial als <strong>m\u00fasics en directe<\/strong>, que amb les seves melodies van donar un toc m\u00e0gic a l&#8217;espectacle.<\/p>\n<p>A continuaci\u00f3, podeu trobar l&#8217;ordre de les actuacions i el v\u00eddeo complet de l&#8217;acte per reviure aquest gran dia:<\/p>\n<p><strong>I4 &#8211; I5 :<\/strong><br \/>\n<a href=\"https:\/\/drive.google.com\/file\/d\/1Wy4CsOyr1-iINjT22KTNbQXNKQHZDil0\/view?usp=sharing\">Poema: Els Reis d\u2019Orient (An\u00f2nim).<\/a><br \/>\n<a href=\"https:\/\/drive.google.com\/file\/d\/1Wy4CsOyr1-iINjT22KTNbQXNKQHZDil0\/view?usp=sharing\">Can\u00e7\u00f3 de Nadal: Viu el Nadal (Jordi Ninus).<\/a><br \/>\n<strong>I3:<\/strong><br \/>\n<a href=\"https:\/\/drive.google.com\/file\/d\/1jtIl2Q6EvOZjFglefrYUzi55z4BlxvFf\/view?usp=sharing\">Poema: Jo tinc 3 anys (Popular)\u00a0<\/a><br \/>\n<a href=\"https:\/\/drive.google.com\/file\/d\/1jtIl2Q6EvOZjFglefrYUzi55z4BlxvFf\/view?usp=sharing\">Can\u00e7\u00f3 de Nadal: Estel de Nadal (Esc. de M\u00fasica de Bellaterra).<\/a><br \/>\n<strong>1r. Cicle:<\/strong><br \/>\n<a href=\"https:\/\/drive.google.com\/file\/d\/16UVSc4kit8YdOxi6XGJy46zxM4AqiWg3\/view?usp=sharing\">Poema: El Pessebre (Ramon Muntanyola).<\/a><br \/>\n<a href=\"https:\/\/drive.google.com\/file\/d\/16UVSc4kit8YdOxi6XGJy46zxM4AqiWg3\/view?usp=sharing\">Can\u00e7\u00f3: Nadal de Colors (Xavi Gonz\u00e1lez i Anna Llopart).<\/a><br \/>\n<strong>2n. Cicle:<\/strong><br \/>\n<a href=\"https:\/\/drive.google.com\/file\/d\/1IGA-U3oxaY9y1edoHE1DrRkJJKr1RO5a\/view?usp=sharing\">Poema: Com si f\u00f3ssiu nens (Daniel Espresate).<\/a><br \/>\n<a href=\"https:\/\/drive.google.com\/file\/d\/1FSTjUONHiuueMo6TY-llFv7q0xfvM96X\/view?usp=sharing\">Can\u00e7\u00f3: Estimo el Nadal (Antoni Tolmos).<\/a><br \/>\n<strong>3r. Cicle:<\/strong><br \/>\nPoema: Nadal M\u00e0gic (Montse Assens i Borda).<br \/>\n<a href=\"https:\/\/drive.google.com\/file\/d\/1Cbjqlf47hRA6MSg9mbXc7-CSi9T6S9jq\/view?usp=sharing\">Can\u00e7\u00f3: Els teus ulls (Alfred Garc\u00eda).<\/a><\/p>\n<p><a href=\"https:\/\/drive.google.com\/file\/d\/1N7T8QtLnoC3zesASro_t0HYg11lnA6iK\/view?usp=sharing\">TOTS JUNTS: AQUEST NADAL (BETA)<\/a><\/p>\n<p>Gr\u00e0cies per formar part d&#8217;aquesta gran fam\u00edlia! Us desitgem a tots i totes unes <strong>Bones Festes i un Feli\u00e7 Any Nou<\/strong>!<\/p>\n","protected":false},"excerpt":{"rendered":"<p>V\u00eddeos del festival d&#8217;hivern<\/p>\n","protected":false},"author":1,"featured_media":20767,"comment_status":"open","ping_status":"closed","sticky":false,"template":"","format":"standard","meta":{"_bbp_topic_count":0,"_bbp_reply_count":0,"_bbp_total_topic_count":0,"_bbp_total_reply_count":0,"_bbp_voice_count":0,"_bbp_anonymous_reply_count":0,"_bbp_topic_count_hidden":0,"_bbp_reply_count_hidden":0,"_bbp_forum_subforum_count":0,"site-sidebar-layout":"default","site-content-layout":"","ast-site-content-layout":"","site-content-style":"default","site-sidebar-style":"default","ast-global-header-display":"","ast-banner-title-visibility":"","ast-main-header-display":"","ast-hfb-above-header-display":"","ast-hfb-below-header-display":"","ast-hfb-mobile-header-display":"","site-post-title":"","ast-breadcrumbs-content":"","ast-featured-img":"","footer-sml-layout":"","theme-transparent-header-meta":"","adv-header-id-meta":"","stick-header-meta":"","header-above-stick-meta":"","header-main-stick-meta":"","header-below-stick-meta":"","astra-migrate-meta-layouts":"default","ast-page-background-enabled":"default","ast-page-background-meta":{"desktop":{"background-color":"var(--ast-global-color-4)","background-image":"","background-repeat":"repeat","background-position":"center center","background-size":"auto","background-attachment":"scroll","background-type":"","background-media":"","overlay-type":"","overlay-color":"","overlay-opacity":"","overlay-gradient":""},"tablet":{"background-color":"","background-image":"","background-repeat":"repeat","background-position":"center center","background-size":"auto","background-attachment":"scroll","background-type":"","background-media":"","overlay-type":"","overlay-color":"","overlay-opacity":"","overlay-gradient":""},"mobile":{"background-color":"","background-image":"","background-repeat":"repeat","background-position":"center center","background-size":"auto","background-attachment":"scroll","background-type":"","background-media":"","overlay-type":"","overlay-color":"","overlay-opacity":"","overlay-gradient":""}},"ast-content-background-meta":{"desktop":{"background-color":"var(--ast-global-color-5)","background-image":"","background-repeat":"repeat","background-position":"center center","background-size":"auto","background-attachment":"scroll","background-type":"","background-media":"","overlay-type":"","overlay-color":"","overlay-opacity":"","overlay-gradient":""},"tablet":{"background-color":"var(--ast-global-color-5)","background-image":"","background-repeat":"repeat","background-position":"center center","background-size":"auto","background-attachment":"scroll","background-type":"","background-media":"","overlay-type":"","overlay-color":"","overlay-opacity":"","overlay-gradient":""},"mobile":{"background-color":"var(--ast-global-color-5)","background-image":"","background-repeat":"repeat","background-position":"center center","background-size":"auto","background-attachment":"scroll","background-type":"","background-media":"","overlay-type":"","overlay-color":"","overlay-opacity":"","overlay-gradient":""}},"footnotes":""},"categories":[10,12,14,33,1,25,4,5],"tags":[106,74,70,82,38,86,102,145],"class_list":["post-20761","post","type-post","status-publish","format-standard","has-post-thumbnail","hentry","category-c-i","category-c-m","category-c-s","category-e-i","category-general","category-musica","category-portada","category-primaria","tag-cicle-mitja","tag-cicle-superior","tag-educacio-infantil","tag-festes","tag-musica","tag-nadal","tag-primaria","tag-primer-inicial"],"post_mailing_queue_ids":[],"_links":{"self":[{"href":"https:\/\/agora.xtec.cat\/esc-la-cabana\/wp-json\/wp\/v2\/posts\/20761","targetHints":{"allow":["GET"]}}],"collection":[{"href":"https:\/\/agora.xtec.cat\/esc-la-cabana\/wp-json\/wp\/v2\/posts"}],"about":[{"href":"https:\/\/agora.xtec.cat\/esc-la-cabana\/wp-json\/wp\/v2\/types\/post"}],"author":[{"embeddable":true,"href":"https:\/\/agora.xtec.cat\/esc-la-cabana\/wp-json\/wp\/v2\/users\/1"}],"replies":[{"embeddable":true,"href":"https:\/\/agora.xtec.cat\/esc-la-cabana\/wp-json\/wp\/v2\/comments?post=20761"}],"version-history":[{"count":6,"href":"https:\/\/agora.xtec.cat\/esc-la-cabana\/wp-json\/wp\/v2\/posts\/20761\/revisions"}],"predecessor-version":[{"id":20769,"href":"https:\/\/agora.xtec.cat\/esc-la-cabana\/wp-json\/wp\/v2\/posts\/20761\/revisions\/20769"}],"wp:featuredmedia":[{"embeddable":true,"href":"https:\/\/agora.xtec.cat\/esc-la-cabana\/wp-json\/wp\/v2\/media\/20767"}],"wp:attachment":[{"href":"https:\/\/agora.xtec.cat\/esc-la-cabana\/wp-json\/wp\/v2\/media?parent=20761"}],"wp:term":[{"taxonomy":"category","embeddable":true,"href":"https:\/\/agora.xtec.cat\/esc-la-cabana\/wp-json\/wp\/v2\/categories?post=20761"},{"taxonomy":"post_tag","embeddable":true,"href":"https:\/\/agora.xtec.cat\/esc-la-cabana\/wp-json\/wp\/v2\/tags?post=20761"}],"curies":[{"name":"wp","href":"https:\/\/api.w.org\/{rel}","templated":true}]}}