{"id":20674,"date":"2024-10-23T09:49:08","date_gmt":"2024-10-23T07:49:08","guid":{"rendered":"https:\/\/agora.xtec.cat\/esc-la-cabana\/?p=20674"},"modified":"2024-11-25T13:04:32","modified_gmt":"2024-11-25T12:04:32","slug":"transumancia_entrevista-a-dani-giraldo","status":"publish","type":"post","link":"https:\/\/agora.xtec.cat\/esc-la-cabana\/general\/transumancia_entrevista-a-dani-giraldo\/","title":{"rendered":"TRANSHUM\u00c0NCIA ENTREVISTA A DANI GIRALDO"},"content":{"rendered":"<p><span style=\"font-weight: 400;\"><img loading=\"lazy\" decoding=\"async\" class=\"size-medium wp-image-20685 alignright\" src=\"https:\/\/agora.xtec.cat\/esc-la-cabana\/wp-content\/uploads\/usu849\/2024\/10\/01_entrevista-Dani-pastor-3-300x225.jpg\" alt=\"\" width=\"300\" height=\"225\" srcset=\"https:\/\/agora.xtec.cat\/esc-la-cabana\/wp-content\/uploads\/usu849\/2024\/10\/01_entrevista-Dani-pastor-3-300x225.jpg 300w, https:\/\/agora.xtec.cat\/esc-la-cabana\/wp-content\/uploads\/usu849\/2024\/10\/01_entrevista-Dani-pastor-3-1024x768.jpg 1024w, https:\/\/agora.xtec.cat\/esc-la-cabana\/wp-content\/uploads\/usu849\/2024\/10\/01_entrevista-Dani-pastor-3-768x576.jpg 768w, https:\/\/agora.xtec.cat\/esc-la-cabana\/wp-content\/uploads\/usu849\/2024\/10\/01_entrevista-Dani-pastor-3-1536x1152.jpg 1536w, https:\/\/agora.xtec.cat\/esc-la-cabana\/wp-content\/uploads\/usu849\/2024\/10\/01_entrevista-Dani-pastor-3-2048x1536.jpg 2048w, https:\/\/agora.xtec.cat\/esc-la-cabana\/wp-content\/uploads\/usu849\/2024\/10\/01_entrevista-Dani-pastor-3-200x150.jpg 200w\" sizes=\"auto, (max-width: 300px) 100vw, 300px\" \/><\/span><span style=\"font-weight: 400;\">Dani Giraldo de 41 anys i nacionalitat colombiana, ja fa 10 anys que viu al Baix Camp amb la seva fam\u00edlia.\u00a0 En Dani no \u00e9s un pastor com els d\u2019abans, \u00e9s una persona inquieta, culte i que s\u2019ha format.\u00a0 Aquest pastor ent\u00e9n la seva professi\u00f3 i la transhum\u00e0ncia com una manera de reivindicar el patrimoni natural i cultural, aprofitant-lo tamb\u00e9 com un reclam tur\u00edstic que beneficia econ\u00f2micament als pobles rurals per on passa la seva ruta.<\/span><\/p>\n<ol>\n<li><strong><span style=\"font-weight: 400;\">(Ariadna\u00a0 i Jan H.) <\/span>Hola Dani, sabem que fa molts anys que ets pastor per\u00f2 amb quants anys vas comen\u00e7ar a ser-ho? <\/strong><span style=\"font-weight: 400;\">\u00a0<\/span>Vaig comen\u00e7ar a treballar de pastor als 21 anys, aix\u00ed que porto 20 anys fent aquest ofici.<\/li>\n<li style=\"font-weight: 400;\" aria-level=\"1\"><strong><span style=\"font-weight: 400;\">(Biel D. i Eloi P.)\u00a0 <\/span>Avui en dia, fer de pastor \u00e9s una feina poc usual. Com se\u2019t va oc\u00f3rrer la idea de ser-ho?<\/strong> Per mi les cabres son un animal molt important i al comen\u00e7ament necessitava la femta de les cabres per l&#8217;agricultura.<\/li>\n<li style=\"font-weight: 400;\" aria-level=\"1\"><span style=\"font-weight: 400;\">(Emma i D\u00e0lia) <strong>Quan arribeu a un lloc, on dormiu? I les cabres a on es queden?\u00a0<\/strong><\/span><span style=\"font-weight: 400;\">Les cabres es queden a una tanca que fan ells. Els ramaders\/es dormen o al cami\u00f3 o a una tenda de campanya.<\/span><\/li>\n<li aria-level=\"1\"><span style=\"font-weight: 400;\">(Sim\u00f3 i Marc) <strong>Quant de temps fa que fas el cam\u00ed ramader de Marina? <\/strong>Fa dos anys que el faig.<\/span><\/li>\n<li aria-level=\"1\"><span style=\"font-weight: 400;\">(Nil G. i Hugo) <strong>Durant la ruta s\u2019ha perdut alguna cabra?<\/strong> Durant la ruta no s\u2019ha perdut cap cabra perqu\u00e8 el Dani Giraldo va fent sorolls perqu\u00e8 les cabres no es perdin. A m\u00e9s, tenen uns gossos que l&#8217;ajuden.<\/span><\/li>\n<li style=\"font-weight: 400;\" aria-level=\"1\"><span style=\"font-weight: 400;\">(Darel i Eliseu) <strong>Com ensinistres al gos perqu\u00e8 gui\u00ef al ramat?\u00a0<\/strong> Els gossos tenen instint i el que fem nosaltres \u00e9s corregir-los.<\/span><\/li>\n<li style=\"font-weight: 400;\" aria-level=\"1\"><span style=\"font-weight: 400;\">(Irene i \u00c8ric O.) <strong>Tenim ent\u00e8s que la ruta dura uns 23 dies i feu uns 230 km. Trobes a faltar molt a la teva fam\u00edlia durant aquests dies? Se\u2019t fa molt llarga la ruta? <\/strong>Els caps de setmana tinc la sort que la meva fam\u00edlia es despla\u00e7a all\u00e0 on estigui i d&#8217;aquesta manera podem estar junts. A vegades fem un tros de ruta, i les meves filles si estan cansades, pugen a cavall. Per tant, no es fa tan llarg el cam\u00ed.<\/span><\/li>\n<li style=\"font-weight: 400;\" aria-level=\"1\"><span style=\"font-weight: 400;\"><span style=\"font-weight: 400;\">(Pau G. i Iria) <b>Sempre sou el mateix grup de gent?\u00a0 Com us vau con\u00e8ixer? <\/b><\/span><\/span>Van canviant les persones per\u00f2 hi ha 4 fixes. Es coneixen dels camins ramaders i d\u2019altres ajuden a portar les cabres de forma altruista.<\/li>\n<li aria-level=\"1\"><span style=\"font-weight: 400;\">(Hugo M. i Xavi) <b>La ruta sempre la feu aqu\u00ed a Catalunya o aneu per Espanya, Andorra o Fran\u00e7a? <\/b>Anem normalment per Catalunya (Lleida i el Prat) i en alguna ocasi\u00f3 hem fet ruta per una part de Fran\u00e7a.<\/span><\/li>\n<li aria-level=\"1\">(Logan i Ruth) <b>Per qu\u00e8 la ruta ha d\u2019acabar un dia espec\u00edfic? <span style=\"font-weight: 400;\">Perqu\u00e8 tenim un cronograma per poder arribar als pobles.<\/span><\/b><\/li>\n<li aria-level=\"1\">(\u00c0lex \/ Ti\u00e9n\/ \u00c8ric O.) <b>Quan les cabres s\u00f3n velles, qu\u00e8 feu amb elles?\u00a0<\/b><span style=\"font-weight: 400;\">En alguna ocasi\u00f3 es queden amb altres ramaders\/es si veiem que estan fluixetes i no poden seguir la ruta.<\/span><\/li>\n<li aria-level=\"1\"><span style=\"font-weight: 400;\">(Eloi V., Lucia i Cl\u00e0udia) <strong>Com us organitzeu pels \u00e0pats, \u00e9s a dir, compreu el menjar cada dia, com el cuineu,\u2026? <\/strong>Normalment nosaltres sempre mengem molt del que produ\u00efm com: formatge, llet, etc. Per\u00f2 tamb\u00e9 ens agrada provar coses de diferents territoris per on passem com les llonganisses, etc. Moltes vegades fem intercanvis, canviant els nostres productes per menjar t\u00edpic del territori on estem en aquell moment.<\/span><\/li>\n<li aria-level=\"1\">(David, Jan C. i Jan H.) <strong>Les cabres mengen tot tipus d\u2019herbes o hi ha algun tipus que no puguin menjar?<\/strong> <span style=\"font-weight: 400;\">Les cabres son capritxoses i volen provar-ho tot. Hi han coses que mengen m\u00e9s i d\u2019altres menys. \u00c9s l\u2019animal que m\u00e9s tipus de plantes menja.<\/span><\/li>\n<li aria-level=\"1\"><span style=\"font-weight: 400;\">(David i D\u00e0lia) <strong>Guanyeu diners per fer aquesta ruta?<\/strong> No, ho fan de manera altru\u00efsta, per no perdre la tradici\u00f3 ramadera.<\/span><\/li>\n<li aria-level=\"1\"><span style=\"font-weight: 400;\">(Pau G. i Eliseu) <strong>Per cert, quan una cabra es posa malalta com l\u2019ateneu? Alg\u00fa de vosaltres \u00e9s veterinari?<\/strong> No hi ha veterinaris. La majoria de vegades nosaltres les curem amb herbes que trobem pel cam\u00ed.<\/span><\/li>\n<li aria-level=\"1\"><span style=\"font-weight: 400;\">(Leire i Cl\u00e0udia) <strong>Rebeu queixes de la gent perqu\u00e8 les cabres embruten els camins i els carrers dels pobles per on passeu?<\/strong> Als pobles no molt perqu\u00e8 son m\u00e9s r\u00fastics, per\u00f2 a alguna ciutat hi ha gent que els hi molesta perqu\u00e8 no estan acostumats. Abans, es recullen els fems amb escombres i les feien servir com a compost.<\/span><\/li>\n<li aria-level=\"1\"><span style=\"font-weight: 400;\">(Abel i Pau E.) <strong>Totes les cabres que portes a la ruta s\u00f3n teves?<\/strong> Totes les cabres s\u00ed, son<\/span><span style=\"font-weight: 400;\">\u00a0seves.<\/span><\/li>\n<\/ol>\n","protected":false},"excerpt":{"rendered":"<p>Aprofitant que un any m\u00e9s el pastor Dani Giraldo i el seu ramat de 119 cabres de ra\u00e7a murciana i granadina torna a passar pel nostre poble, els nens i nenes de 3r cicle de prim\u00e0ria hem decidit fer-li una entrevista.<\/p>\n","protected":false},"author":1,"featured_media":20686,"comment_status":"open","ping_status":"closed","sticky":false,"template":"","format":"standard","meta":{"_bbp_topic_count":0,"_bbp_reply_count":0,"_bbp_total_topic_count":0,"_bbp_total_reply_count":0,"_bbp_voice_count":0,"_bbp_anonymous_reply_count":0,"_bbp_topic_count_hidden":0,"_bbp_reply_count_hidden":0,"_bbp_forum_subforum_count":0,"site-sidebar-layout":"default","site-content-layout":"","ast-site-content-layout":"","site-content-style":"default","site-sidebar-style":"default","ast-global-header-display":"","ast-banner-title-visibility":"","ast-main-header-display":"","ast-hfb-above-header-display":"","ast-hfb-below-header-display":"","ast-hfb-mobile-header-display":"","site-post-title":"","ast-breadcrumbs-content":"","ast-featured-img":"","footer-sml-layout":"","theme-transparent-header-meta":"","adv-header-id-meta":"","stick-header-meta":"","header-above-stick-meta":"","header-main-stick-meta":"","header-below-stick-meta":"","astra-migrate-meta-layouts":"default","ast-page-background-enabled":"default","ast-page-background-meta":{"desktop":{"background-color":"var(--ast-global-color-4)","background-image":"","background-repeat":"repeat","background-position":"center center","background-size":"auto","background-attachment":"scroll","background-type":"","background-media":"","overlay-type":"","overlay-color":"","overlay-opacity":"","overlay-gradient":""},"tablet":{"background-color":"","background-image":"","background-repeat":"repeat","background-position":"center center","background-size":"auto","background-attachment":"scroll","background-type":"","background-media":"","overlay-type":"","overlay-color":"","overlay-opacity":"","overlay-gradient":""},"mobile":{"background-color":"","background-image":"","background-repeat":"repeat","background-position":"center center","background-size":"auto","background-attachment":"scroll","background-type":"","background-media":"","overlay-type":"","overlay-color":"","overlay-opacity":"","overlay-gradient":""}},"ast-content-background-meta":{"desktop":{"background-color":"var(--ast-global-color-5)","background-image":"","background-repeat":"repeat","background-position":"center center","background-size":"auto","background-attachment":"scroll","background-type":"","background-media":"","overlay-type":"","overlay-color":"","overlay-opacity":"","overlay-gradient":""},"tablet":{"background-color":"var(--ast-global-color-5)","background-image":"","background-repeat":"repeat","background-position":"center center","background-size":"auto","background-attachment":"scroll","background-type":"","background-media":"","overlay-type":"","overlay-color":"","overlay-opacity":"","overlay-gradient":""},"mobile":{"background-color":"var(--ast-global-color-5)","background-image":"","background-repeat":"repeat","background-position":"center center","background-size":"auto","background-attachment":"scroll","background-type":"","background-media":"","overlay-type":"","overlay-color":"","overlay-opacity":"","overlay-gradient":""}},"footnotes":""},"categories":[14,1,4],"tags":[74,388,89,384],"class_list":["post-20674","post","type-post","status-publish","format-standard","has-post-thumbnail","hentry","category-c-s","category-general","category-portada","tag-cicle-superior","tag-curs-24-25","tag-entrevista","tag-transhumancia"],"post_mailing_queue_ids":[],"_links":{"self":[{"href":"https:\/\/agora.xtec.cat\/esc-la-cabana\/wp-json\/wp\/v2\/posts\/20674","targetHints":{"allow":["GET"]}}],"collection":[{"href":"https:\/\/agora.xtec.cat\/esc-la-cabana\/wp-json\/wp\/v2\/posts"}],"about":[{"href":"https:\/\/agora.xtec.cat\/esc-la-cabana\/wp-json\/wp\/v2\/types\/post"}],"author":[{"embeddable":true,"href":"https:\/\/agora.xtec.cat\/esc-la-cabana\/wp-json\/wp\/v2\/users\/1"}],"replies":[{"embeddable":true,"href":"https:\/\/agora.xtec.cat\/esc-la-cabana\/wp-json\/wp\/v2\/comments?post=20674"}],"version-history":[{"count":6,"href":"https:\/\/agora.xtec.cat\/esc-la-cabana\/wp-json\/wp\/v2\/posts\/20674\/revisions"}],"predecessor-version":[{"id":20734,"href":"https:\/\/agora.xtec.cat\/esc-la-cabana\/wp-json\/wp\/v2\/posts\/20674\/revisions\/20734"}],"wp:featuredmedia":[{"embeddable":true,"href":"https:\/\/agora.xtec.cat\/esc-la-cabana\/wp-json\/wp\/v2\/media\/20686"}],"wp:attachment":[{"href":"https:\/\/agora.xtec.cat\/esc-la-cabana\/wp-json\/wp\/v2\/media?parent=20674"}],"wp:term":[{"taxonomy":"category","embeddable":true,"href":"https:\/\/agora.xtec.cat\/esc-la-cabana\/wp-json\/wp\/v2\/categories?post=20674"},{"taxonomy":"post_tag","embeddable":true,"href":"https:\/\/agora.xtec.cat\/esc-la-cabana\/wp-json\/wp\/v2\/tags?post=20674"}],"curies":[{"name":"wp","href":"https:\/\/api.w.org\/{rel}","templated":true}]}}