{"id":20614,"date":"2024-06-28T11:07:40","date_gmt":"2024-06-28T09:07:40","guid":{"rendered":"https:\/\/agora.xtec.cat\/esc-la-cabana\/?p=20614"},"modified":"2024-06-28T11:14:23","modified_gmt":"2024-06-28T09:14:23","slug":"festa-final-de-curs-2","status":"publish","type":"post","link":"https:\/\/agora.xtec.cat\/esc-la-cabana\/general\/festa-final-de-curs-2\/","title":{"rendered":"FESTA FINAL DE CURS"},"content":{"rendered":"<p style=\"font-weight: 400;\">El passat 14 de juny, l&#8217;Escola La Cabana va celebrar el Festival de Final de Curs. Aquesta jornada va estar plena de diversi\u00f3 i alegria, amb una s\u00e8rie de balls preparats pels alumnes amb molta dedicaci\u00f3.<\/p>\n<p style=\"font-weight: 400;\">Dels m\u00e9s petits fins als m\u00e9s grans, van mostrar el seu talent en diverses coreografies. Tota la comunitat de l&#8217;Escola que va poder assistir a l&#8217;espectacle va gaudir molt d&#8217;aquest dia tan especial.<\/p>\n<p>Des de l&#8217;Escola La Cabana, volem agrair a l\u2019equip docent, a l\u2019alumnat i a les fam\u00edlies fer possible aquesta jornada tan especial. Ens acomiadem del curs amb un somriure, esperant retrobar-nos al setembre amb noves il\u00b7lusions i projectes.<\/p>\n<p>Gr\u00e0cies a tothom per fer del festival una experi\u00e8ncia inoblidable!<\/p>\n<p>Aqu\u00ed us deixem els enlla\u00e7os per veure l&#8217;espectacle:<\/p>\n<p><a href=\"https:\/\/youtu.be\/mqGG_im4JHE\">Cliqueu aqu\u00ed per veure el video d&#8217;Infantil I3<\/a>.<\/p>\n<p><a href=\"https:\/\/youtu.be\/IolGBMVl4V8\">Cliqueu aqu\u00ed per veure el video d&#8217;Infantil I4\/I5<\/a>.<\/p>\n<p><a href=\"https:\/\/youtu.be\/ySzPA9Fqql8\">Cliqueu aqu\u00ed per veure el video de 1r i 2n.<\/a><\/p>\n<p><a href=\"https:\/\/youtu.be\/nBsOHhMIG94\">Cliqueu aqu\u00ed per veure el video de 3r i 4t.<\/a><\/p>\n<p>Cliqueu aqu\u00ed per veure els videos de 5\u00e8 i 6\u00e8: \u00a0\u00a0 \u00a0<a href=\"https:\/\/youtu.be\/FsN8TwGE9KA\">Video Part 1.<\/a>\u00a0 \u00a0 \u00a0 \u00a0<a href=\"https:\/\/youtu.be\/HA-Q02Sgt1s\"> Video Part 2.<\/a><\/p>\n<p>Cliqueu aqu\u00ed per veure els videos d&#8217;agraiments: \u00a0\u00a0 <a style=\"color: #2795b6;\" href=\"https:\/\/youtu.be\/iJaXB3KzDbA\">Video 1.<\/a>\u00a0 \u00a0 \u00a0 \u00a0 <a href=\"https:\/\/youtu.be\/ut3EsUUtVgY\">Video 2.<\/a><\/p>\n<p><a href=\"https:\/\/youtu.be\/v1QU-QW_-2E\">Cliqueu aqu\u00ed per veure els video ball de les families.<\/a><\/p>\n","protected":false},"excerpt":{"rendered":"<p>El passat 14 de juny, l&#8217;Escola La Cabana va celebrar el Festival de Final de Curs. Aquesta jornada va estar plena de diversi\u00f3 i alegria, amb una s\u00e8rie de balls preparats pels alumnes amb molta dedicaci\u00f3. Dels m\u00e9s petits fins als m\u00e9s grans, van mostrar el seu talent en diverses coreografies. Tota la comunitat de [&hellip;]<\/p>\n","protected":false},"author":1,"featured_media":20615,"comment_status":"open","ping_status":"closed","sticky":false,"template":"","format":"standard","meta":{"_bbp_topic_count":0,"_bbp_reply_count":0,"_bbp_total_topic_count":0,"_bbp_total_reply_count":0,"_bbp_voice_count":0,"_bbp_anonymous_reply_count":0,"_bbp_topic_count_hidden":0,"_bbp_reply_count_hidden":0,"_bbp_forum_subforum_count":0,"site-sidebar-layout":"default","site-content-layout":"","ast-site-content-layout":"","site-content-style":"default","site-sidebar-style":"default","ast-global-header-display":"","ast-banner-title-visibility":"","ast-main-header-display":"","ast-hfb-above-header-display":"","ast-hfb-below-header-display":"","ast-hfb-mobile-header-display":"","site-post-title":"","ast-breadcrumbs-content":"","ast-featured-img":"","footer-sml-layout":"","theme-transparent-header-meta":"","adv-header-id-meta":"","stick-header-meta":"","header-above-stick-meta":"","header-main-stick-meta":"","header-below-stick-meta":"","astra-migrate-meta-layouts":"default","ast-page-background-enabled":"default","ast-page-background-meta":{"desktop":{"background-color":"var(--ast-global-color-4)","background-image":"","background-repeat":"repeat","background-position":"center center","background-size":"auto","background-attachment":"scroll","background-type":"","background-media":"","overlay-type":"","overlay-color":"","overlay-opacity":"","overlay-gradient":""},"tablet":{"background-color":"","background-image":"","background-repeat":"repeat","background-position":"center center","background-size":"auto","background-attachment":"scroll","background-type":"","background-media":"","overlay-type":"","overlay-color":"","overlay-opacity":"","overlay-gradient":""},"mobile":{"background-color":"","background-image":"","background-repeat":"repeat","background-position":"center center","background-size":"auto","background-attachment":"scroll","background-type":"","background-media":"","overlay-type":"","overlay-color":"","overlay-opacity":"","overlay-gradient":""}},"ast-content-background-meta":{"desktop":{"background-color":"var(--ast-global-color-5)","background-image":"","background-repeat":"repeat","background-position":"center center","background-size":"auto","background-attachment":"scroll","background-type":"","background-media":"","overlay-type":"","overlay-color":"","overlay-opacity":"","overlay-gradient":""},"tablet":{"background-color":"var(--ast-global-color-5)","background-image":"","background-repeat":"repeat","background-position":"center center","background-size":"auto","background-attachment":"scroll","background-type":"","background-media":"","overlay-type":"","overlay-color":"","overlay-opacity":"","overlay-gradient":""},"mobile":{"background-color":"var(--ast-global-color-5)","background-image":"","background-repeat":"repeat","background-position":"center center","background-size":"auto","background-attachment":"scroll","background-type":"","background-media":"","overlay-type":"","overlay-color":"","overlay-opacity":"","overlay-gradient":""}},"footnotes":""},"categories":[7,10,12,14,33,1,4,5],"tags":[106,74,381,360,102,145,131],"class_list":["post-20614","post","type-post","status-publish","format-standard","has-post-thumbnail","hentry","category-ampa","category-c-i","category-c-m","category-c-s","category-e-i","category-general","category-portada","category-primaria","tag-cicle-mitja","tag-cicle-superior","tag-festa-final-de-curs","tag-portada","tag-primaria","tag-primer-inicial","tag-videos"],"post_mailing_queue_ids":[],"_links":{"self":[{"href":"https:\/\/agora.xtec.cat\/esc-la-cabana\/wp-json\/wp\/v2\/posts\/20614","targetHints":{"allow":["GET"]}}],"collection":[{"href":"https:\/\/agora.xtec.cat\/esc-la-cabana\/wp-json\/wp\/v2\/posts"}],"about":[{"href":"https:\/\/agora.xtec.cat\/esc-la-cabana\/wp-json\/wp\/v2\/types\/post"}],"author":[{"embeddable":true,"href":"https:\/\/agora.xtec.cat\/esc-la-cabana\/wp-json\/wp\/v2\/users\/1"}],"replies":[{"embeddable":true,"href":"https:\/\/agora.xtec.cat\/esc-la-cabana\/wp-json\/wp\/v2\/comments?post=20614"}],"version-history":[{"count":2,"href":"https:\/\/agora.xtec.cat\/esc-la-cabana\/wp-json\/wp\/v2\/posts\/20614\/revisions"}],"predecessor-version":[{"id":20617,"href":"https:\/\/agora.xtec.cat\/esc-la-cabana\/wp-json\/wp\/v2\/posts\/20614\/revisions\/20617"}],"wp:featuredmedia":[{"embeddable":true,"href":"https:\/\/agora.xtec.cat\/esc-la-cabana\/wp-json\/wp\/v2\/media\/20615"}],"wp:attachment":[{"href":"https:\/\/agora.xtec.cat\/esc-la-cabana\/wp-json\/wp\/v2\/media?parent=20614"}],"wp:term":[{"taxonomy":"category","embeddable":true,"href":"https:\/\/agora.xtec.cat\/esc-la-cabana\/wp-json\/wp\/v2\/categories?post=20614"},{"taxonomy":"post_tag","embeddable":true,"href":"https:\/\/agora.xtec.cat\/esc-la-cabana\/wp-json\/wp\/v2\/tags?post=20614"}],"curies":[{"name":"wp","href":"https:\/\/api.w.org\/{rel}","templated":true}]}}