{"id":20468,"date":"2024-04-26T23:42:02","date_gmt":"2024-04-26T21:42:02","guid":{"rendered":"https:\/\/agora.xtec.cat\/esc-la-cabana\/?p=20468"},"modified":"2024-04-26T23:43:49","modified_gmt":"2024-04-26T21:43:49","slug":"going-to-the-final-logo-contest","status":"publish","type":"post","link":"https:\/\/agora.xtec.cat\/esc-la-cabana\/portada\/going-to-the-final-logo-contest\/","title":{"rendered":"GOING TO THE FINAL &#8211; LOGO CONTEST"},"content":{"rendered":"<h4><a href=\"https:\/\/agora.xtec.cat\/esc-la-cabana\/wp-content\/uploads\/usu849\/2024\/04\/breaking-news-logos-in-La-Cabana.jpg\"><img loading=\"lazy\" decoding=\"async\" class=\"wp-image-20474 alignleft\" src=\"https:\/\/agora.xtec.cat\/esc-la-cabana\/wp-content\/uploads\/usu849\/2024\/04\/breaking-news-logos-in-La-Cabana-1024x576.jpg\" alt=\"\" width=\"404\" height=\"227\" srcset=\"https:\/\/agora.xtec.cat\/esc-la-cabana\/wp-content\/uploads\/usu849\/2024\/04\/breaking-news-logos-in-La-Cabana-1024x576.jpg 1024w, https:\/\/agora.xtec.cat\/esc-la-cabana\/wp-content\/uploads\/usu849\/2024\/04\/breaking-news-logos-in-La-Cabana-300x169.jpg 300w, https:\/\/agora.xtec.cat\/esc-la-cabana\/wp-content\/uploads\/usu849\/2024\/04\/breaking-news-logos-in-La-Cabana-768x432.jpg 768w, https:\/\/agora.xtec.cat\/esc-la-cabana\/wp-content\/uploads\/usu849\/2024\/04\/breaking-news-logos-in-La-Cabana.jpg 1280w\" sizes=\"auto, (max-width: 404px) 100vw, 404px\" \/><\/a><\/h4>\n<h4><\/h4>\n<h4>We are really glad to announce the 4 logos that will go to the international eTwinning logo contest.<\/h4>\n<p><em>Estem encantades de comunicar-vos els 4 logotips que aniran al concurs internacional eTwinning de logotips.<\/em><\/p>\n<h4><\/h4>\n<h4><\/h4>\n<h4>However, first of all, we would like to thank and congratulate on the one hand, the winners that are going to represent each class, but above all, all the participants; not only for designing the logos, which are awesome and made the contest really difficult to choose for the four finalists, but also for your voting. So, THANKS AND HATS OFF TO EVERYONE!<\/h4>\n<p><em>No obstant, primer que res, ens agradaria donar les gr\u00e0cies i felicitar d&#8217;una banda, als guanyadors i a les guanyadores que ens representaran de cada classe, per\u00f2 sobretot, a tots i totes els i les participants; no nom\u00e9s pel disseny dels logotips, els quals s\u00f3n fant\u00e0stics i van fer que el concurs sigu\u00e9s realment dif\u00edcil d&#8217;escollir els quatre finalistes, sin\u00f3 tamb\u00e9 per la vostra votaci\u00f3. Per tant, GR\u00c0CIES I ENHORABONA A TOTHOM!<\/em><\/p>\n<h3>And now&#8230; an image is worth than a thousand words&#8230; the 4 finalist logos are&#8230;<\/h3>\n<p><em>I ara&#8230; una imatge val m\u00e9s que mil paraules&#8230; els 4 logos finalistes s\u00f3n&#8230;<\/em><\/p>\n<p><a href=\"https:\/\/agora.xtec.cat\/esc-la-cabana\/wp-content\/uploads\/usu849\/2024\/04\/Japan-Logo-Winner-5.jpg\"><img loading=\"lazy\" decoding=\"async\" class=\"alignnone size-large wp-image-20471\" src=\"https:\/\/agora.xtec.cat\/esc-la-cabana\/wp-content\/uploads\/usu849\/2024\/04\/Japan-Logo-Winner-5-1024x542.jpg\" alt=\"\" width=\"1024\" height=\"542\" srcset=\"https:\/\/agora.xtec.cat\/esc-la-cabana\/wp-content\/uploads\/usu849\/2024\/04\/Japan-Logo-Winner-5-1024x542.jpg 1024w, https:\/\/agora.xtec.cat\/esc-la-cabana\/wp-content\/uploads\/usu849\/2024\/04\/Japan-Logo-Winner-5-300x159.jpg 300w, https:\/\/agora.xtec.cat\/esc-la-cabana\/wp-content\/uploads\/usu849\/2024\/04\/Japan-Logo-Winner-5-768x407.jpg 768w, https:\/\/agora.xtec.cat\/esc-la-cabana\/wp-content\/uploads\/usu849\/2024\/04\/Japan-Logo-Winner-5.jpg 1497w\" sizes=\"auto, (max-width: 1024px) 100vw, 1024px\" \/><\/a><\/p>\n<p><a href=\"https:\/\/agora.xtec.cat\/esc-la-cabana\/wp-content\/uploads\/usu849\/2024\/04\/Egyptian-logo-winner-11.jpg\"><img loading=\"lazy\" decoding=\"async\" class=\"alignnone size-large wp-image-20469\" src=\"https:\/\/agora.xtec.cat\/esc-la-cabana\/wp-content\/uploads\/usu849\/2024\/04\/Egyptian-logo-winner-11-1024x531.jpg\" alt=\"\" width=\"1024\" height=\"531\" srcset=\"https:\/\/agora.xtec.cat\/esc-la-cabana\/wp-content\/uploads\/usu849\/2024\/04\/Egyptian-logo-winner-11-1024x531.jpg 1024w, https:\/\/agora.xtec.cat\/esc-la-cabana\/wp-content\/uploads\/usu849\/2024\/04\/Egyptian-logo-winner-11-300x156.jpg 300w, https:\/\/agora.xtec.cat\/esc-la-cabana\/wp-content\/uploads\/usu849\/2024\/04\/Egyptian-logo-winner-11-768x398.jpg 768w, https:\/\/agora.xtec.cat\/esc-la-cabana\/wp-content\/uploads\/usu849\/2024\/04\/Egyptian-logo-winner-11.jpg 1414w\" sizes=\"auto, (max-width: 1024px) 100vw, 1024px\" \/><\/a><\/p>\n<p><a href=\"https:\/\/agora.xtec.cat\/esc-la-cabana\/wp-content\/uploads\/usu849\/2024\/04\/Incas-logo-winner-15.jpg\"><img loading=\"lazy\" decoding=\"async\" class=\"alignnone size-large wp-image-20470\" src=\"https:\/\/agora.xtec.cat\/esc-la-cabana\/wp-content\/uploads\/usu849\/2024\/04\/Incas-logo-winner-15-1024x556.jpg\" alt=\"\" width=\"1024\" height=\"556\" srcset=\"https:\/\/agora.xtec.cat\/esc-la-cabana\/wp-content\/uploads\/usu849\/2024\/04\/Incas-logo-winner-15-1024x556.jpg 1024w, https:\/\/agora.xtec.cat\/esc-la-cabana\/wp-content\/uploads\/usu849\/2024\/04\/Incas-logo-winner-15-300x163.jpg 300w, https:\/\/agora.xtec.cat\/esc-la-cabana\/wp-content\/uploads\/usu849\/2024\/04\/Incas-logo-winner-15-768x417.jpg 768w, https:\/\/agora.xtec.cat\/esc-la-cabana\/wp-content\/uploads\/usu849\/2024\/04\/Incas-logo-winner-15-1536x833.jpg 1536w, https:\/\/agora.xtec.cat\/esc-la-cabana\/wp-content\/uploads\/usu849\/2024\/04\/Incas-logo-winner-15.jpg 1572w\" sizes=\"auto, (max-width: 1024px) 100vw, 1024px\" \/><\/a><\/p>\n<p><a href=\"https:\/\/agora.xtec.cat\/esc-la-cabana\/wp-content\/uploads\/usu849\/2024\/04\/Mayans-logo-winner-7.jpg\"><img loading=\"lazy\" decoding=\"async\" class=\"alignnone size-large wp-image-20472\" src=\"https:\/\/agora.xtec.cat\/esc-la-cabana\/wp-content\/uploads\/usu849\/2024\/04\/Mayans-logo-winner-7-1024x610.jpg\" alt=\"\" width=\"1024\" height=\"610\" srcset=\"https:\/\/agora.xtec.cat\/esc-la-cabana\/wp-content\/uploads\/usu849\/2024\/04\/Mayans-logo-winner-7-1024x610.jpg 1024w, https:\/\/agora.xtec.cat\/esc-la-cabana\/wp-content\/uploads\/usu849\/2024\/04\/Mayans-logo-winner-7-300x179.jpg 300w, https:\/\/agora.xtec.cat\/esc-la-cabana\/wp-content\/uploads\/usu849\/2024\/04\/Mayans-logo-winner-7-768x457.jpg 768w, https:\/\/agora.xtec.cat\/esc-la-cabana\/wp-content\/uploads\/usu849\/2024\/04\/Mayans-logo-winner-7.jpg 1426w\" sizes=\"auto, (max-width: 1024px) 100vw, 1024px\" \/><\/a><\/p>\n<h3>UE!!! DO YOU KNOW WHICH ARE THEY? CLICK THE LINK BELOW TO FIND THEM OUT:<\/h3>\n<p><em>Ue!!! Sabeu quins s\u00f3n? Cliqueu l&#8217;enlla\u00e7 de sota per descobrir-los:<\/em><\/p>\n<p>&nbsp;<\/p>\n<h2 style=\"text-align: center\"><a href=\"https:\/\/www.canva.com\/design\/DAGDdCXmcHA\/JC8Uyz1qb6qK7Y9m3m2GIA\/watch?utm_content=DAGDdCXmcHA&amp;utm_campaign=designshare&amp;utm_medium=link&amp;utm_source=editor\" target=\"_blank\" rel=\"noopener\"><span style=\"text-decoration: underline\">LOGOS PARTICIPATING FROM LA CABANA<\/span><\/a><\/h2>\n<p>&nbsp;<\/p>\n<p>&nbsp;<\/p>\n<p><a href=\"https:\/\/agora.xtec.cat\/esc-la-cabana\/wp-content\/uploads\/usu849\/2021\/12\/Congratulations.gif\"><img loading=\"lazy\" decoding=\"async\" class=\"size-full wp-image-18334 aligncenter\" src=\"https:\/\/agora.xtec.cat\/esc-la-cabana\/wp-content\/uploads\/usu849\/2021\/12\/Congratulations.gif\" alt=\"\" width=\"600\" height=\"252\" \/><\/a><\/p>\n<p>&nbsp;<\/p>\n<h4>WHAT WILL BE NEXT? We will have to wait until Monday to see the 4 finalist from Slovakia and to have the 8 finalists for the final contest!<\/h4>\n<h4>Only then, we will be able to vote again for the best one.<\/h4>\n<p><em>QU\u00c8 VINDR\u00c0 ARA? Haurem d&#8217;esperar al dilluns per veure els 4 finalistes d&#8217;Eslov\u00e0quia i tenir els 8 finalistes per a la final del concurs!<\/em><\/p>\n<p><em>Nom\u00e9s llavors podrem votar un altre cop per al millor logotip.<\/em><\/p>\n<h4 style=\"text-align: center\">KEEP UPDATE TO THE SCHOOL WEBSITE!<\/h4>\n<p style=\"text-align: center\"><em>MANTENIU-VOS INFORMATS A LA P\u00c0GINA WEB DE L&#8217;ESCOLA!<\/em><\/p>\n","protected":false},"excerpt":{"rendered":"<p>ARE YOU WILLING TO KNOW THE 4 LOGOS, FROM LA CABANA SCHOOL, THAT WILL GO TO THE FINAL INTERNATIONAL LOGO CONTEST?<\/p>\n","protected":false},"author":43,"featured_media":20474,"comment_status":"open","ping_status":"closed","sticky":false,"template":"","format":"standard","meta":{"_bbp_topic_count":0,"_bbp_reply_count":0,"_bbp_total_topic_count":0,"_bbp_total_reply_count":0,"_bbp_voice_count":0,"_bbp_anonymous_reply_count":0,"_bbp_topic_count_hidden":0,"_bbp_reply_count_hidden":0,"_bbp_forum_subforum_count":0,"site-sidebar-layout":"default","site-content-layout":"","ast-site-content-layout":"","site-content-style":"default","site-sidebar-style":"default","ast-global-header-display":"","ast-banner-title-visibility":"","ast-main-header-display":"","ast-hfb-above-header-display":"","ast-hfb-below-header-display":"","ast-hfb-mobile-header-display":"","site-post-title":"","ast-breadcrumbs-content":"","ast-featured-img":"","footer-sml-layout":"","theme-transparent-header-meta":"","adv-header-id-meta":"","stick-header-meta":"","header-above-stick-meta":"","header-main-stick-meta":"","header-below-stick-meta":"","astra-migrate-meta-layouts":"default","ast-page-background-enabled":"default","ast-page-background-meta":{"desktop":{"background-color":"var(--ast-global-color-4)","background-image":"","background-repeat":"repeat","background-position":"center center","background-size":"auto","background-attachment":"scroll","background-type":"","background-media":"","overlay-type":"","overlay-color":"","overlay-opacity":"","overlay-gradient":""},"tablet":{"background-color":"","background-image":"","background-repeat":"repeat","background-position":"center center","background-size":"auto","background-attachment":"scroll","background-type":"","background-media":"","overlay-type":"","overlay-color":"","overlay-opacity":"","overlay-gradient":""},"mobile":{"background-color":"","background-image":"","background-repeat":"repeat","background-position":"center center","background-size":"auto","background-attachment":"scroll","background-type":"","background-media":"","overlay-type":"","overlay-color":"","overlay-opacity":"","overlay-gradient":""}},"ast-content-background-meta":{"desktop":{"background-color":"var(--ast-global-color-5)","background-image":"","background-repeat":"repeat","background-position":"center center","background-size":"auto","background-attachment":"scroll","background-type":"","background-media":"","overlay-type":"","overlay-color":"","overlay-opacity":"","overlay-gradient":""},"tablet":{"background-color":"var(--ast-global-color-5)","background-image":"","background-repeat":"repeat","background-position":"center center","background-size":"auto","background-attachment":"scroll","background-type":"","background-media":"","overlay-type":"","overlay-color":"","overlay-opacity":"","overlay-gradient":""},"mobile":{"background-color":"var(--ast-global-color-5)","background-image":"","background-repeat":"repeat","background-position":"center center","background-size":"auto","background-attachment":"scroll","background-type":"","background-media":"","overlay-type":"","overlay-color":"","overlay-opacity":"","overlay-gradient":""}},"footnotes":""},"categories":[23,12,14,83,4,5,370],"tags":[129,106,74,315,87],"class_list":["post-20468","post","type-post","status-publish","format-standard","has-post-thumbnail","hentry","category-angles","category-c-m","category-c-s","category-especialitats","category-portada","category-primaria","category-projecte-etwinning-slovakia-spain-2023-24","tag-angles","tag-cicle-mitja","tag-cicle-superior","tag-etwinning","tag-projectes"],"post_mailing_queue_ids":[],"_links":{"self":[{"href":"https:\/\/agora.xtec.cat\/esc-la-cabana\/wp-json\/wp\/v2\/posts\/20468","targetHints":{"allow":["GET"]}}],"collection":[{"href":"https:\/\/agora.xtec.cat\/esc-la-cabana\/wp-json\/wp\/v2\/posts"}],"about":[{"href":"https:\/\/agora.xtec.cat\/esc-la-cabana\/wp-json\/wp\/v2\/types\/post"}],"author":[{"embeddable":true,"href":"https:\/\/agora.xtec.cat\/esc-la-cabana\/wp-json\/wp\/v2\/users\/43"}],"replies":[{"embeddable":true,"href":"https:\/\/agora.xtec.cat\/esc-la-cabana\/wp-json\/wp\/v2\/comments?post=20468"}],"version-history":[{"count":6,"href":"https:\/\/agora.xtec.cat\/esc-la-cabana\/wp-json\/wp\/v2\/posts\/20468\/revisions"}],"predecessor-version":[{"id":20485,"href":"https:\/\/agora.xtec.cat\/esc-la-cabana\/wp-json\/wp\/v2\/posts\/20468\/revisions\/20485"}],"wp:featuredmedia":[{"embeddable":true,"href":"https:\/\/agora.xtec.cat\/esc-la-cabana\/wp-json\/wp\/v2\/media\/20474"}],"wp:attachment":[{"href":"https:\/\/agora.xtec.cat\/esc-la-cabana\/wp-json\/wp\/v2\/media?parent=20468"}],"wp:term":[{"taxonomy":"category","embeddable":true,"href":"https:\/\/agora.xtec.cat\/esc-la-cabana\/wp-json\/wp\/v2\/categories?post=20468"},{"taxonomy":"post_tag","embeddable":true,"href":"https:\/\/agora.xtec.cat\/esc-la-cabana\/wp-json\/wp\/v2\/tags?post=20468"}],"curies":[{"name":"wp","href":"https:\/\/api.w.org\/{rel}","templated":true}]}}