{"id":2039,"date":"2018-05-18T11:39:53","date_gmt":"2018-05-18T09:39:53","guid":{"rendered":"http:\/\/agora.xtec.cat\/esc-la-cabana\/?p=2039"},"modified":"2018-05-18T11:44:24","modified_gmt":"2018-05-18T09:44:24","slug":"la-janna-de-6e-a-la-final-del-clv","status":"publish","type":"post","link":"https:\/\/agora.xtec.cat\/esc-la-cabana\/general\/la-janna-de-6e-a-la-final-del-clv\/","title":{"rendered":"LA JANNA DE 6\u00c8 A LA FINAL DEL CLV"},"content":{"rendered":"<p><a href=\"http:\/\/agora.xtec.cat\/esc-la-cabana\/wp-content\/uploads\/usu849\/2018\/05\/83e6697b-e5a0-4524-bf10-1d22bfe7f308.jpg\"><img loading=\"lazy\" decoding=\"async\" class=\"wp-image-2036 alignleft\" src=\"http:\/\/agora.xtec.cat\/esc-la-cabana\/wp-content\/uploads\/usu849\/2018\/05\/83e6697b-e5a0-4524-bf10-1d22bfe7f308-768x1024.jpg\" alt=\"\" width=\"324\" height=\"432\" srcset=\"https:\/\/agora.xtec.cat\/esc-la-cabana\/wp-content\/uploads\/usu849\/2018\/05\/83e6697b-e5a0-4524-bf10-1d22bfe7f308-768x1024.jpg 768w, https:\/\/agora.xtec.cat\/esc-la-cabana\/wp-content\/uploads\/usu849\/2018\/05\/83e6697b-e5a0-4524-bf10-1d22bfe7f308-225x300.jpg 225w, https:\/\/agora.xtec.cat\/esc-la-cabana\/wp-content\/uploads\/usu849\/2018\/05\/83e6697b-e5a0-4524-bf10-1d22bfe7f308.jpg 1200w\" sizes=\"auto, (max-width: 324px) 100vw, 324px\" \/><\/a><\/p>\n<p>&nbsp;<\/p>\n<p>La Janna Picas Via, de l\u2019escola La Cabana, ha passat a la final del Certamen en Lectura en Veu Alta que se celebrar\u00e0 el proper 5 de juny al Teatre Nacional de Catalunya.<\/p>\n<p>Tota l\u2019escola estem molt contents i la volem felicitar pel seu esfor\u00e7 i treball.<\/p>\n<p>Al llarg del curs s\u2019ha fet pr\u00e0ctica de la lectura en veu alta des de l\u2019\u00e0rea de Catal\u00e0 i la Biblioteca. Hem treballat aspectes com la projecci\u00f3 de la veu, l\u2019expressi\u00f3, el ritme i les pauses,&#8230;.<\/p>\n<p>Bona lectura i molta sort a la final el 5 de juny!<\/p>\n<p>&nbsp;<\/p>\n","protected":false},"excerpt":{"rendered":"<p>&nbsp; La Janna Picas Via, de l\u2019escola La Cabana, ha passat a la final del Certamen en Lectura en Veu Alta que se celebrar\u00e0 el proper 5 de juny al Teatre Nacional de Catalunya. Tota l\u2019escola estem molt contents i la volem felicitar pel seu esfor\u00e7 i treball. Al llarg del curs s\u2019ha fet pr\u00e0ctica [&hellip;]<\/p>\n","protected":false},"author":1,"featured_media":2036,"comment_status":"open","ping_status":"closed","sticky":false,"template":"","format":"standard","meta":{"_bbp_topic_count":0,"_bbp_reply_count":0,"_bbp_total_topic_count":0,"_bbp_total_reply_count":0,"_bbp_voice_count":0,"_bbp_anonymous_reply_count":0,"_bbp_topic_count_hidden":0,"_bbp_reply_count_hidden":0,"_bbp_forum_subforum_count":0,"site-sidebar-layout":"default","site-content-layout":"","ast-site-content-layout":"","site-content-style":"default","site-sidebar-style":"default","ast-global-header-display":"","ast-banner-title-visibility":"","ast-main-header-display":"","ast-hfb-above-header-display":"","ast-hfb-below-header-display":"","ast-hfb-mobile-header-display":"","site-post-title":"","ast-breadcrumbs-content":"","ast-featured-img":"","footer-sml-layout":"","theme-transparent-header-meta":"","adv-header-id-meta":"","stick-header-meta":"","header-above-stick-meta":"","header-main-stick-meta":"","header-below-stick-meta":"","astra-migrate-meta-layouts":"default","ast-page-background-enabled":"default","ast-page-background-meta":{"desktop":{"background-color":"var(--ast-global-color-4)","background-image":"","background-repeat":"repeat","background-position":"center center","background-size":"auto","background-attachment":"scroll","background-type":"","background-media":"","overlay-type":"","overlay-color":"","overlay-opacity":"","overlay-gradient":""},"tablet":{"background-color":"","background-image":"","background-repeat":"repeat","background-position":"center center","background-size":"auto","background-attachment":"scroll","background-type":"","background-media":"","overlay-type":"","overlay-color":"","overlay-opacity":"","overlay-gradient":""},"mobile":{"background-color":"","background-image":"","background-repeat":"repeat","background-position":"center center","background-size":"auto","background-attachment":"scroll","background-type":"","background-media":"","overlay-type":"","overlay-color":"","overlay-opacity":"","overlay-gradient":""}},"ast-content-background-meta":{"desktop":{"background-color":"var(--ast-global-color-5)","background-image":"","background-repeat":"repeat","background-position":"center center","background-size":"auto","background-attachment":"scroll","background-type":"","background-media":"","overlay-type":"","overlay-color":"","overlay-opacity":"","overlay-gradient":""},"tablet":{"background-color":"var(--ast-global-color-5)","background-image":"","background-repeat":"repeat","background-position":"center center","background-size":"auto","background-attachment":"scroll","background-type":"","background-media":"","overlay-type":"","overlay-color":"","overlay-opacity":"","overlay-gradient":""},"mobile":{"background-color":"var(--ast-global-color-5)","background-image":"","background-repeat":"repeat","background-position":"center center","background-size":"auto","background-attachment":"scroll","background-type":"","background-media":"","overlay-type":"","overlay-color":"","overlay-opacity":"","overlay-gradient":""}},"footnotes":""},"categories":[34,14,1,4,5],"tags":[97,179],"class_list":["post-2039","post","type-post","status-publish","format-standard","has-post-thumbnail","hentry","category-biblioteca","category-c-s","category-general","category-portada","category-primaria","tag-biblioteca","tag-clva"],"post_mailing_queue_ids":[],"_links":{"self":[{"href":"https:\/\/agora.xtec.cat\/esc-la-cabana\/wp-json\/wp\/v2\/posts\/2039","targetHints":{"allow":["GET"]}}],"collection":[{"href":"https:\/\/agora.xtec.cat\/esc-la-cabana\/wp-json\/wp\/v2\/posts"}],"about":[{"href":"https:\/\/agora.xtec.cat\/esc-la-cabana\/wp-json\/wp\/v2\/types\/post"}],"author":[{"embeddable":true,"href":"https:\/\/agora.xtec.cat\/esc-la-cabana\/wp-json\/wp\/v2\/users\/1"}],"replies":[{"embeddable":true,"href":"https:\/\/agora.xtec.cat\/esc-la-cabana\/wp-json\/wp\/v2\/comments?post=2039"}],"version-history":[{"count":3,"href":"https:\/\/agora.xtec.cat\/esc-la-cabana\/wp-json\/wp\/v2\/posts\/2039\/revisions"}],"predecessor-version":[{"id":2043,"href":"https:\/\/agora.xtec.cat\/esc-la-cabana\/wp-json\/wp\/v2\/posts\/2039\/revisions\/2043"}],"wp:featuredmedia":[{"embeddable":true,"href":"https:\/\/agora.xtec.cat\/esc-la-cabana\/wp-json\/wp\/v2\/media\/2036"}],"wp:attachment":[{"href":"https:\/\/agora.xtec.cat\/esc-la-cabana\/wp-json\/wp\/v2\/media?parent=2039"}],"wp:term":[{"taxonomy":"category","embeddable":true,"href":"https:\/\/agora.xtec.cat\/esc-la-cabana\/wp-json\/wp\/v2\/categories?post=2039"},{"taxonomy":"post_tag","embeddable":true,"href":"https:\/\/agora.xtec.cat\/esc-la-cabana\/wp-json\/wp\/v2\/tags?post=2039"}],"curies":[{"name":"wp","href":"https:\/\/api.w.org\/{rel}","templated":true}]}}