{"id":20324,"date":"2024-04-10T14:22:59","date_gmt":"2024-04-10T12:22:59","guid":{"rendered":"https:\/\/agora.xtec.cat\/esc-la-cabana\/?p=20324"},"modified":"2024-04-10T14:22:59","modified_gmt":"2024-04-10T12:22:59","slug":"nou-segell-de-qualitat-nacional-repetim","status":"publish","type":"post","link":"https:\/\/agora.xtec.cat\/esc-la-cabana\/general\/nou-segell-de-qualitat-nacional-repetim\/","title":{"rendered":"NOU SEGELL DE QUALITAT NACIONAL: REPETIM!"},"content":{"rendered":"<h5><a href=\"https:\/\/agora.xtec.cat\/esc-la-cabana\/wp-content\/uploads\/usu849\/2024\/04\/breaking-news-announcing-NQL.jpg\"><img loading=\"lazy\" decoding=\"async\" class=\"alignnone size-large wp-image-20325\" src=\"https:\/\/agora.xtec.cat\/esc-la-cabana\/wp-content\/uploads\/usu849\/2024\/04\/breaking-news-announcing-NQL-1024x576.jpg\" alt=\"\" width=\"1024\" height=\"576\" srcset=\"https:\/\/agora.xtec.cat\/esc-la-cabana\/wp-content\/uploads\/usu849\/2024\/04\/breaking-news-announcing-NQL-1024x576.jpg 1024w, https:\/\/agora.xtec.cat\/esc-la-cabana\/wp-content\/uploads\/usu849\/2024\/04\/breaking-news-announcing-NQL-300x169.jpg 300w, https:\/\/agora.xtec.cat\/esc-la-cabana\/wp-content\/uploads\/usu849\/2024\/04\/breaking-news-announcing-NQL-768x432.jpg 768w, https:\/\/agora.xtec.cat\/esc-la-cabana\/wp-content\/uploads\/usu849\/2024\/04\/breaking-news-announcing-NQL.jpg 1280w\" sizes=\"auto, (max-width: 1024px) 100vw, 1024px\" \/><\/a><\/h5>\n<h5><\/h5>\n<h5><\/h5>\n<h5>Les tres mestres d&#8217;angl\u00e8s involucrades en el projecte eTwinning desenvolupat durant el curs 2022-23 &#8220;HEALTHY INTERNATIONAL WEEKLY MENU&#8221; (de l&#8217;Escola La Cabana i Szkola Podstawowa)\u00a0han aconseguit <strong>EL SEGELL DE QUALITAT NACIONAL<\/strong> que van dur a terme el curs passat amb l\u2019alumnat de 2n i 3r cicles.<\/h5>\n<p>&nbsp;<\/p>\n<p><a href=\"https:\/\/agora.xtec.cat\/esc-la-cabana\/wp-content\/uploads\/usu849\/2024\/04\/Teachers-Dream-Team.jpg\"><img loading=\"lazy\" decoding=\"async\" class=\"wp-image-20328 alignleft\" src=\"https:\/\/agora.xtec.cat\/esc-la-cabana\/wp-content\/uploads\/usu849\/2024\/04\/Teachers-Dream-Team.jpg\" alt=\"\" width=\"276\" height=\"156\" srcset=\"https:\/\/agora.xtec.cat\/esc-la-cabana\/wp-content\/uploads\/usu849\/2024\/04\/Teachers-Dream-Team.jpg 778w, https:\/\/agora.xtec.cat\/esc-la-cabana\/wp-content\/uploads\/usu849\/2024\/04\/Teachers-Dream-Team-300x169.jpg 300w, https:\/\/agora.xtec.cat\/esc-la-cabana\/wp-content\/uploads\/usu849\/2024\/04\/Teachers-Dream-Team-768x433.jpg 768w\" sizes=\"auto, (max-width: 276px) 100vw, 276px\" \/><\/a><\/p>\n<p>&nbsp;<\/p>\n<p>Estem molt orgulloses d\u2019aquest premi, perqu\u00e8 es reconeix el treball, l&#8217;esfor\u00e7 i els resultats darrere d&#8217;una\u00a0 feina ben feta i coordinada entre dues escoles europees. Despr\u00e9s d\u2019una bona implicaci\u00f3, arriba la recompensa!<\/p>\n<p>&nbsp;<\/p>\n<p>El Segell de Qualitat Nacional \u00e9s un reconeixement individual al treball realitzat en un projecte i atorgat pel Servei de Suport Nacional Espanyol.\u00a0 Aix\u00ed que el reben cadascun dels mestres i alumnes que l\u2019han desenvolupat. En el nostre cas, tot l\u2019alumnat del 2n i 3r cicles que hi van participar el curs passat i les dues mestres especialistes en llengua anglesa que el van crear i posar en pr\u00e0ctica a l&#8217;Escola La Cabana.<\/p>\n<h4><strong>ENHORABONA A TOTHOM! I\u2026 MOLT\u00cdSSIMES GR\u00c0CIES<\/strong> a l\u2019equip directiu per creure amb el projecte i facilitar totes les gestions oportunes per poder-lo tirar endavant, a la resta d\u2019equip docent per la comprensi\u00f3, a les fam\u00edlies per la confian\u00e7a dipositada i a l\u2019alumnat per la seva implicaci\u00f3. Sense tots\/es vosaltres aquest reconeixement no hagu\u00e9s estat possible: WE ARE A GREAT TEAM!<\/h4>\n<p>Ara s\u00ed que encarem el final de curs amb m\u00e9s ganes i optimisme que mai!<\/p>\n<p>Ben aviat seguirem informant-vos del nostre dia a dia a les classes d&#8217;angl\u00e8s.<\/p>\n<p>&nbsp;<\/p>\n","protected":false},"excerpt":{"rendered":"<p>DARRERE UN GRAN ESFOR\u00c7 I  FEINA DE QUALITAT ARRIBA UNA BONA RECOMPENSA: EL SEGELL DE QUALITAT NACIONAL ETWINNING!<\/p>\n","protected":false},"author":43,"featured_media":20327,"comment_status":"open","ping_status":"closed","sticky":false,"template":"","format":"standard","meta":{"_bbp_topic_count":0,"_bbp_reply_count":0,"_bbp_total_topic_count":0,"_bbp_total_reply_count":0,"_bbp_voice_count":0,"_bbp_anonymous_reply_count":0,"_bbp_topic_count_hidden":0,"_bbp_reply_count_hidden":0,"_bbp_forum_subforum_count":0,"site-sidebar-layout":"default","site-content-layout":"","ast-site-content-layout":"","site-content-style":"default","site-sidebar-style":"default","ast-global-header-display":"","ast-banner-title-visibility":"","ast-main-header-display":"","ast-hfb-above-header-display":"","ast-hfb-below-header-display":"","ast-hfb-mobile-header-display":"","site-post-title":"","ast-breadcrumbs-content":"","ast-featured-img":"","footer-sml-layout":"","theme-transparent-header-meta":"","adv-header-id-meta":"","stick-header-meta":"","header-above-stick-meta":"","header-main-stick-meta":"","header-below-stick-meta":"","astra-migrate-meta-layouts":"default","ast-page-background-enabled":"default","ast-page-background-meta":{"desktop":{"background-color":"var(--ast-global-color-4)","background-image":"","background-repeat":"repeat","background-position":"center center","background-size":"auto","background-attachment":"scroll","background-type":"","background-media":"","overlay-type":"","overlay-color":"","overlay-opacity":"","overlay-gradient":""},"tablet":{"background-color":"","background-image":"","background-repeat":"repeat","background-position":"center center","background-size":"auto","background-attachment":"scroll","background-type":"","background-media":"","overlay-type":"","overlay-color":"","overlay-opacity":"","overlay-gradient":""},"mobile":{"background-color":"","background-image":"","background-repeat":"repeat","background-position":"center center","background-size":"auto","background-attachment":"scroll","background-type":"","background-media":"","overlay-type":"","overlay-color":"","overlay-opacity":"","overlay-gradient":""}},"ast-content-background-meta":{"desktop":{"background-color":"var(--ast-global-color-5)","background-image":"","background-repeat":"repeat","background-position":"center center","background-size":"auto","background-attachment":"scroll","background-type":"","background-media":"","overlay-type":"","overlay-color":"","overlay-opacity":"","overlay-gradient":""},"tablet":{"background-color":"var(--ast-global-color-5)","background-image":"","background-repeat":"repeat","background-position":"center center","background-size":"auto","background-attachment":"scroll","background-type":"","background-media":"","overlay-type":"","overlay-color":"","overlay-opacity":"","overlay-gradient":""},"mobile":{"background-color":"var(--ast-global-color-5)","background-image":"","background-repeat":"repeat","background-position":"center center","background-size":"auto","background-attachment":"scroll","background-type":"","background-media":"","overlay-type":"","overlay-color":"","overlay-opacity":"","overlay-gradient":""}},"footnotes":""},"categories":[23,1,4,5,355],"tags":[129,106,74,315,102,87],"class_list":["post-20324","post","type-post","status-publish","format-standard","has-post-thumbnail","hentry","category-angles","category-general","category-portada","category-primaria","category-projecte-etwinning-poland-spain","tag-angles","tag-cicle-mitja","tag-cicle-superior","tag-etwinning","tag-primaria","tag-projectes"],"post_mailing_queue_ids":[],"_links":{"self":[{"href":"https:\/\/agora.xtec.cat\/esc-la-cabana\/wp-json\/wp\/v2\/posts\/20324","targetHints":{"allow":["GET"]}}],"collection":[{"href":"https:\/\/agora.xtec.cat\/esc-la-cabana\/wp-json\/wp\/v2\/posts"}],"about":[{"href":"https:\/\/agora.xtec.cat\/esc-la-cabana\/wp-json\/wp\/v2\/types\/post"}],"author":[{"embeddable":true,"href":"https:\/\/agora.xtec.cat\/esc-la-cabana\/wp-json\/wp\/v2\/users\/43"}],"replies":[{"embeddable":true,"href":"https:\/\/agora.xtec.cat\/esc-la-cabana\/wp-json\/wp\/v2\/comments?post=20324"}],"version-history":[{"count":2,"href":"https:\/\/agora.xtec.cat\/esc-la-cabana\/wp-json\/wp\/v2\/posts\/20324\/revisions"}],"predecessor-version":[{"id":20330,"href":"https:\/\/agora.xtec.cat\/esc-la-cabana\/wp-json\/wp\/v2\/posts\/20324\/revisions\/20330"}],"wp:featuredmedia":[{"embeddable":true,"href":"https:\/\/agora.xtec.cat\/esc-la-cabana\/wp-json\/wp\/v2\/media\/20327"}],"wp:attachment":[{"href":"https:\/\/agora.xtec.cat\/esc-la-cabana\/wp-json\/wp\/v2\/media?parent=20324"}],"wp:term":[{"taxonomy":"category","embeddable":true,"href":"https:\/\/agora.xtec.cat\/esc-la-cabana\/wp-json\/wp\/v2\/categories?post=20324"},{"taxonomy":"post_tag","embeddable":true,"href":"https:\/\/agora.xtec.cat\/esc-la-cabana\/wp-json\/wp\/v2\/tags?post=20324"}],"curies":[{"name":"wp","href":"https:\/\/api.w.org\/{rel}","templated":true}]}}