{"id":20180,"date":"2024-02-16T22:35:44","date_gmt":"2024-02-16T21:35:44","guid":{"rendered":"https:\/\/agora.xtec.cat\/esc-la-cabana\/?p=20180"},"modified":"2024-02-22T15:49:53","modified_gmt":"2024-02-22T14:49:53","slug":"que-podem-fer-per-regar-lhort","status":"publish","type":"post","link":"https:\/\/agora.xtec.cat\/esc-la-cabana\/portada\/que-podem-fer-per-regar-lhort\/","title":{"rendered":"QU\u00c8 PODEM FER PER REGAR L&#8217;HORT?"},"content":{"rendered":"<p>Despr\u00e9s del servei de menjador\u00a0gots\u00a0i gerres queden amb aigua. Qu\u00e8 podem fer per evitar que aquesta aigua acabi amb el gest\u00a0d&#8217;abocar-la a la pica?, la podem reaprofitar?, com?, o\u00a0la tirem a la pica i ja est\u00e0?<br \/>\nEns hem posat en acci\u00f3 per a reciclar-la!!<br \/>\nTota l&#8217;escola, ens hem marcat com a objectiu primordial reciclar absolutament tota l&#8217;aigua que sobri al menjador, \u00e9s a dir, que aquesta no acabi a les clavegueres, sin\u00f3 a altres llocs on aquesta pugui aportar el seu gran valor. Recollim l&#8217;aigua sobrant de gots i gerres en un bid\u00f3 que ens ha regalat l&#8217; AFA\u00a0on la conservem\u00a0fins al\u00a0dia que toca regar l&#8217;hort a c\u00e0rrec del de\u00a0l&#8217;alumnat\u00a0de primer cicle.<br \/>\nUna iniciativa on TENO, l&#8217;AFA i l&#8217;equip docent\u00a0 ens hem coordinat per fer aquest canvi de gest i engegar aquesta iniciativa.<\/p>\n<div><\/div>\n<div><\/div>\n<div><\/div>\n<div><img loading=\"lazy\" decoding=\"async\" class=\"aligncenter size-medium wp-image-20186\" src=\"https:\/\/agora.xtec.cat\/esc-la-cabana\/wp-content\/uploads\/usu849\/2024\/02\/Captura-1-300x287.jpg\" alt=\"\" width=\"300\" height=\"287\" srcset=\"https:\/\/agora.xtec.cat\/esc-la-cabana\/wp-content\/uploads\/usu849\/2024\/02\/Captura-1-300x287.jpg 300w, https:\/\/agora.xtec.cat\/esc-la-cabana\/wp-content\/uploads\/usu849\/2024\/02\/Captura-1.jpg 600w\" sizes=\"auto, (max-width: 300px) 100vw, 300px\" \/><\/div>\n<div>\n<div class=\"adL\">\n<div class=\"slideshow_container slideshow_container_style-light\" data-slideshow-id=\"8843\" data-style-name=\"style-light\" data-style-version=\"2.3.1\" data-slideshow-active=\"1\">\n<div class=\"slideshow_content\">\n<div class=\"slideshow_slide slideshow_slide_image\"><\/div>\n<\/div>\n<\/div>\n<\/div>\n<\/div>\n","protected":false},"excerpt":{"rendered":"<p>Hort, conscienciaci\u00f3, medi ambient, reciclem, accions <\/p>\n","protected":false},"author":1,"featured_media":20186,"comment_status":"open","ping_status":"closed","sticky":false,"template":"","format":"standard","meta":{"_bbp_topic_count":0,"_bbp_reply_count":0,"_bbp_total_topic_count":0,"_bbp_total_reply_count":0,"_bbp_voice_count":0,"_bbp_anonymous_reply_count":0,"_bbp_topic_count_hidden":0,"_bbp_reply_count_hidden":0,"_bbp_forum_subforum_count":0,"site-sidebar-layout":"default","site-content-layout":"","ast-site-content-layout":"","site-content-style":"default","site-sidebar-style":"default","ast-global-header-display":"","ast-banner-title-visibility":"","ast-main-header-display":"","ast-hfb-above-header-display":"","ast-hfb-below-header-display":"","ast-hfb-mobile-header-display":"","site-post-title":"","ast-breadcrumbs-content":"","ast-featured-img":"","footer-sml-layout":"","theme-transparent-header-meta":"","adv-header-id-meta":"","stick-header-meta":"","header-above-stick-meta":"","header-main-stick-meta":"","header-below-stick-meta":"","astra-migrate-meta-layouts":"default","ast-page-background-enabled":"default","ast-page-background-meta":{"desktop":{"background-color":"var(--ast-global-color-4)","background-image":"","background-repeat":"repeat","background-position":"center center","background-size":"auto","background-attachment":"scroll","background-type":"","background-media":"","overlay-type":"","overlay-color":"","overlay-opacity":"","overlay-gradient":""},"tablet":{"background-color":"","background-image":"","background-repeat":"repeat","background-position":"center center","background-size":"auto","background-attachment":"scroll","background-type":"","background-media":"","overlay-type":"","overlay-color":"","overlay-opacity":"","overlay-gradient":""},"mobile":{"background-color":"","background-image":"","background-repeat":"repeat","background-position":"center center","background-size":"auto","background-attachment":"scroll","background-type":"","background-media":"","overlay-type":"","overlay-color":"","overlay-opacity":"","overlay-gradient":""}},"ast-content-background-meta":{"desktop":{"background-color":"var(--ast-global-color-5)","background-image":"","background-repeat":"repeat","background-position":"center center","background-size":"auto","background-attachment":"scroll","background-type":"","background-media":"","overlay-type":"","overlay-color":"","overlay-opacity":"","overlay-gradient":""},"tablet":{"background-color":"var(--ast-global-color-5)","background-image":"","background-repeat":"repeat","background-position":"center center","background-size":"auto","background-attachment":"scroll","background-type":"","background-media":"","overlay-type":"","overlay-color":"","overlay-opacity":"","overlay-gradient":""},"mobile":{"background-color":"var(--ast-global-color-5)","background-image":"","background-repeat":"repeat","background-position":"center center","background-size":"auto","background-attachment":"scroll","background-type":"","background-media":"","overlay-type":"","overlay-color":"","overlay-opacity":"","overlay-gradient":""}},"footnotes":""},"categories":[7,4],"tags":[340,101,377,375,376],"class_list":["post-20180","post","type-post","status-publish","format-standard","has-post-thumbnail","hentry","category-ampa","category-portada","tag-afa","tag-projecte","tag-reptes","tag-sa","tag-teno"],"post_mailing_queue_ids":[],"_links":{"self":[{"href":"https:\/\/agora.xtec.cat\/esc-la-cabana\/wp-json\/wp\/v2\/posts\/20180","targetHints":{"allow":["GET"]}}],"collection":[{"href":"https:\/\/agora.xtec.cat\/esc-la-cabana\/wp-json\/wp\/v2\/posts"}],"about":[{"href":"https:\/\/agora.xtec.cat\/esc-la-cabana\/wp-json\/wp\/v2\/types\/post"}],"author":[{"embeddable":true,"href":"https:\/\/agora.xtec.cat\/esc-la-cabana\/wp-json\/wp\/v2\/users\/1"}],"replies":[{"embeddable":true,"href":"https:\/\/agora.xtec.cat\/esc-la-cabana\/wp-json\/wp\/v2\/comments?post=20180"}],"version-history":[{"count":2,"href":"https:\/\/agora.xtec.cat\/esc-la-cabana\/wp-json\/wp\/v2\/posts\/20180\/revisions"}],"predecessor-version":[{"id":20209,"href":"https:\/\/agora.xtec.cat\/esc-la-cabana\/wp-json\/wp\/v2\/posts\/20180\/revisions\/20209"}],"wp:featuredmedia":[{"embeddable":true,"href":"https:\/\/agora.xtec.cat\/esc-la-cabana\/wp-json\/wp\/v2\/media\/20186"}],"wp:attachment":[{"href":"https:\/\/agora.xtec.cat\/esc-la-cabana\/wp-json\/wp\/v2\/media?parent=20180"}],"wp:term":[{"taxonomy":"category","embeddable":true,"href":"https:\/\/agora.xtec.cat\/esc-la-cabana\/wp-json\/wp\/v2\/categories?post=20180"},{"taxonomy":"post_tag","embeddable":true,"href":"https:\/\/agora.xtec.cat\/esc-la-cabana\/wp-json\/wp\/v2\/tags?post=20180"}],"curies":[{"name":"wp","href":"https:\/\/api.w.org\/{rel}","templated":true}]}}