{"id":19909,"date":"2023-10-30T12:54:36","date_gmt":"2023-10-30T11:54:36","guid":{"rendered":"https:\/\/agora.xtec.cat\/esc-la-cabana\/?p=19909"},"modified":"2023-10-30T12:54:36","modified_gmt":"2023-10-30T11:54:36","slug":"tallers-de-cuina-de-tardor-castanyada-2023","status":"publish","type":"post","link":"https:\/\/agora.xtec.cat\/esc-la-cabana\/general\/tallers-de-cuina-de-tardor-castanyada-2023\/","title":{"rendered":"TALLERS DE CUINA DE TARDOR CASTANYADA 2023"},"content":{"rendered":"<p>El divendres 27 d&#8217;octubre per celebrar la Castanyada, hem estat fent tallers de cuina de tardor. Hem elaborat panellets, broquetes de fruita amb xocolata, piruletes de codony i canap\u00e8s amb forma de carbassa, ratpenat, gat negre i fantasma.<\/p>\n<p style=\"text-align: left;\">Els alumnes d&#8217;I3 i d&#8217;I4 amb l&#8217;alumnat de Cicle Mitj\u00e0, hem transformat les aules dels V\u00edkings i dels Inuits en cuines de piruletes de codony i de canap\u00e8s fantasmag\u00f2rics.<\/p>\n<p style=\"text-align: left;\">Per a fer la <span style=\"text-decoration: underline;\">recepta de\u00a0piruletes de codony<\/span> hem necessitat pa de motlle, formatge d&#8217;untar i sobretot, codonyat. Hem untat el formatge i el codo<a href=\"https:\/\/agora.xtec.cat\/esc-la-cabana\/wp-content\/uploads\/usu849\/2023\/10\/piruletes-castanyada-scaled.jpg\"><img loading=\"lazy\" decoding=\"async\" class=\"wp-image-19912 alignleft\" src=\"https:\/\/agora.xtec.cat\/esc-la-cabana\/wp-content\/uploads\/usu849\/2023\/10\/piruletes-castanyada-349x1024.jpg\" alt=\"\" width=\"77\" height=\"226\" srcset=\"https:\/\/agora.xtec.cat\/esc-la-cabana\/wp-content\/uploads\/usu849\/2023\/10\/piruletes-castanyada-349x1024.jpg 349w, https:\/\/agora.xtec.cat\/esc-la-cabana\/wp-content\/uploads\/usu849\/2023\/10\/piruletes-castanyada-102x300.jpg 102w, https:\/\/agora.xtec.cat\/esc-la-cabana\/wp-content\/uploads\/usu849\/2023\/10\/piruletes-castanyada-768x2254.jpg 768w, https:\/\/agora.xtec.cat\/esc-la-cabana\/wp-content\/uploads\/usu849\/2023\/10\/piruletes-castanyada-523x1536.jpg 523w, https:\/\/agora.xtec.cat\/esc-la-cabana\/wp-content\/uploads\/usu849\/2023\/10\/piruletes-castanyada-698x2048.jpg 698w, https:\/\/agora.xtec.cat\/esc-la-cabana\/wp-content\/uploads\/usu849\/2023\/10\/piruletes-castanyada-scaled.jpg 872w\" sizes=\"auto, (max-width: 77px) 100vw, 77px\" \/><\/a>nyat en el pa; despr\u00e9s ho hem enrotllat com si f\u00e9ssim closques de cargols i, finalment, despr\u00e9s que les mestres ens hagin ajudat a tallar-ho per donar la forma de la piruleta, hem clavat una broqueta de fusta com a pal de la piruleta.<\/p>\n<p style=\"text-align: left;\">Per altra banda, per a fer la <span style=\"text-decoration: underline;\">recepta dels canap\u00e8s fantasmag\u00f2rics<\/span> vam utilitzar quatre<a href=\"https:\/\/agora.xtec.cat\/esc-la-cabana\/wp-content\/uploads\/usu849\/2023\/10\/foto-canape-castanyada.jpg\"><img loading=\"lazy\" decoding=\"async\" class=\"wp-image-19911 alignright\" src=\"https:\/\/agora.xtec.cat\/esc-la-cabana\/wp-content\/uploads\/usu849\/2023\/10\/foto-canape-castanyada-636x1024.jpg\" alt=\"\" width=\"107\" height=\"172\" srcset=\"https:\/\/agora.xtec.cat\/esc-la-cabana\/wp-content\/uploads\/usu849\/2023\/10\/foto-canape-castanyada-636x1024.jpg 636w, https:\/\/agora.xtec.cat\/esc-la-cabana\/wp-content\/uploads\/usu849\/2023\/10\/foto-canape-castanyada-186x300.jpg 186w, https:\/\/agora.xtec.cat\/esc-la-cabana\/wp-content\/uploads\/usu849\/2023\/10\/foto-canape-castanyada-768x1236.jpg 768w, https:\/\/agora.xtec.cat\/esc-la-cabana\/wp-content\/uploads\/usu849\/2023\/10\/foto-canape-castanyada-954x1536.jpg 954w, https:\/\/agora.xtec.cat\/esc-la-cabana\/wp-content\/uploads\/usu849\/2023\/10\/foto-canape-castanyada.jpg 1024w\" sizes=\"auto, (max-width: 107px) 100vw, 107px\" \/><\/a> motlles amb formes diferents (carbassa, ratpenat, gat negre i fantasma). Aquesta recepta va ser molt creativa, pod\u00edem untar en el pa de motlle els seg\u00fcents ingredients amb les combinacions que m\u00e9s ens agradessin. Els ingredients que vam fer servir eren: pa de motlle, pat\u00e9, olives, melmelada de pr\u00e9ssec, xocolata amb llet, xocolata blanca i perles de xocolata. Primer unt\u00e0vem el pa de motlle amb l&#8217;ingredient desitjat, despr\u00e9s f\u00e8iem la forma tallant amb el motlle que vol\u00edem i, per acabar, decor\u00e0vem amb algun altre ingredient.<\/p>\n<p>L&#8217;alumnat de Cicle Inicial i de 5\u00e8 de Prim\u00e0ria, hem transformat les aules dels Celtes i de l&#8217;Antiga Gr\u00e8cia en obradors de broquetes de fruita amb xocolata.<\/p>\n<p>Per a l&#8217;elaboraci\u00f3 de la <span style=\"text-decoration: underline;\">recepta de les broquetes de fruita amb xocolata<\/span>, hem necessitat el seg\u00fcents ingredients: pl\u00e0tan,\u00a0 taro<a href=\"https:\/\/agora.xtec.cat\/esc-la-cabana\/wp-content\/uploads\/usu849\/2023\/10\/broquetes-castanyada.jpg\"><img loading=\"lazy\" decoding=\"async\" class=\"wp-image-19915 alignleft\" src=\"https:\/\/agora.xtec.cat\/esc-la-cabana\/wp-content\/uploads\/usu849\/2023\/10\/broquetes-castanyada-1024x782.jpg\" alt=\"\" width=\"134\" height=\"102\" srcset=\"https:\/\/agora.xtec.cat\/esc-la-cabana\/wp-content\/uploads\/usu849\/2023\/10\/broquetes-castanyada-1024x782.jpg 1024w, https:\/\/agora.xtec.cat\/esc-la-cabana\/wp-content\/uploads\/usu849\/2023\/10\/broquetes-castanyada-300x229.jpg 300w, https:\/\/agora.xtec.cat\/esc-la-cabana\/wp-content\/uploads\/usu849\/2023\/10\/broquetes-castanyada-768x587.jpg 768w, https:\/\/agora.xtec.cat\/esc-la-cabana\/wp-content\/uploads\/usu849\/2023\/10\/broquetes-castanyada-1536x1174.jpg 1536w, https:\/\/agora.xtec.cat\/esc-la-cabana\/wp-content\/uploads\/usu849\/2023\/10\/broquetes-castanyada-200x150.jpg 200w, https:\/\/agora.xtec.cat\/esc-la-cabana\/wp-content\/uploads\/usu849\/2023\/10\/broquetes-castanyada.jpg 1937w\" sizes=\"auto, (max-width: 134px) 100vw, 134px\" \/><\/a>nja, poma, ra\u00efm, xocolata l\u00edquida i broqueta de fusta. Primer, cal netejar, pelar i tallar la fruita; un cop fet aix\u00f2, cadasc\u00fa pot fer la combinaci\u00f3 de fruita que vulgui clavant a la broqueta els trossos de fruita tallada. Per acabar, decorem la broqueta banyant-la amb la xocolata l\u00edquida al gust.<\/p>\n<p>&nbsp;<\/p>\n<p>L&#8217;alumnat d&#8217;I5 i de 6\u00e8 de Prim\u00e0ria, hem anat al menjador de l&#8217;escola a elaborar els panellets.<\/p>\n<p>Per a fer la <span style=\"text-decoration: underline;\">recepta dels panellets<\/span>, hem fet servir els ingredients de la recepta tradicional de panellets de Castanyada. Ingredients principals: farina d&#8217;ametlla, patata cuita, ous, sucre; ingredients<a href=\"https:\/\/agora.xtec.cat\/esc-la-cabana\/wp-content\/uploads\/usu849\/2023\/10\/panellets-castanyada-scaled.jpg\"><img loading=\"lazy\" decoding=\"async\" class=\"wp-image-19916 alignright\" src=\"https:\/\/agora.xtec.cat\/esc-la-cabana\/wp-content\/uploads\/usu849\/2023\/10\/panellets-castanyada-399x1024.jpg\" alt=\"\" width=\"73\" height=\"187\" srcset=\"https:\/\/agora.xtec.cat\/esc-la-cabana\/wp-content\/uploads\/usu849\/2023\/10\/panellets-castanyada-399x1024.jpg 399w, https:\/\/agora.xtec.cat\/esc-la-cabana\/wp-content\/uploads\/usu849\/2023\/10\/panellets-castanyada-117x300.jpg 117w, https:\/\/agora.xtec.cat\/esc-la-cabana\/wp-content\/uploads\/usu849\/2023\/10\/panellets-castanyada-768x1973.jpg 768w, https:\/\/agora.xtec.cat\/esc-la-cabana\/wp-content\/uploads\/usu849\/2023\/10\/panellets-castanyada-598x1536.jpg 598w, https:\/\/agora.xtec.cat\/esc-la-cabana\/wp-content\/uploads\/usu849\/2023\/10\/panellets-castanyada-797x2048.jpg 797w, https:\/\/agora.xtec.cat\/esc-la-cabana\/wp-content\/uploads\/usu849\/2023\/10\/panellets-castanyada-scaled.jpg 997w\" sizes=\"auto, (max-width: 73px) 100vw, 73px\" \/><\/a> per a la decoraci\u00f3: coco ratllat, ametlla picada i cacau en pols. Tot i ser una recepta molt senzilla, la nostra gran habilitat amassant ha estat imprescindible per a que la barreja dels ingredients principals doni com a resultat els panellets tan exquisits que hem creat. Passos: en un bol gran cal barrejar la farina d&#8217;ametlla, la patata, els ous i el sucre. Un cop la massa queda suficientment compactada per a manipular-la, cal agafar una petita porci\u00f3 suficient i donar-li la forma al panellet de manera creativa. Despr\u00e9s, un cop feta la forma, decorem el panellet amb el coco ratllat, l&#8217;ametlla picada o el cacau. Els \u00faltims dos passos a fer s\u00f3n, pintar els panellets amb ou i posar-los al forn.<\/p>\n<p>&nbsp;<\/p>\n<p><a href=\"https:\/\/agora.xtec.cat\/esc-la-cabana\/wp-content\/uploads\/usu849\/2023\/10\/taula-receptes-caastanyada-scaled.jpg\"><img loading=\"lazy\" decoding=\"async\" class=\"alignnone size-large wp-image-19923\" src=\"https:\/\/agora.xtec.cat\/esc-la-cabana\/wp-content\/uploads\/usu849\/2023\/10\/taula-receptes-caastanyada-1024x426.jpg\" alt=\"\" width=\"1024\" height=\"426\" srcset=\"https:\/\/agora.xtec.cat\/esc-la-cabana\/wp-content\/uploads\/usu849\/2023\/10\/taula-receptes-caastanyada-1024x426.jpg 1024w, https:\/\/agora.xtec.cat\/esc-la-cabana\/wp-content\/uploads\/usu849\/2023\/10\/taula-receptes-caastanyada-300x125.jpg 300w, https:\/\/agora.xtec.cat\/esc-la-cabana\/wp-content\/uploads\/usu849\/2023\/10\/taula-receptes-caastanyada-768x319.jpg 768w, https:\/\/agora.xtec.cat\/esc-la-cabana\/wp-content\/uploads\/usu849\/2023\/10\/taula-receptes-caastanyada-1536x639.jpg 1536w, https:\/\/agora.xtec.cat\/esc-la-cabana\/wp-content\/uploads\/usu849\/2023\/10\/taula-receptes-caastanyada-2048x851.jpg 2048w\" sizes=\"auto, (max-width: 1024px) 100vw, 1024px\" \/><\/a><\/p>\n<p>Un cop acabades les elaboracions de les diferents receptes de cuina de tardor, vam sortir tots i totes junts al pati de l&#8217;escola per celebrar la Castanyada compartint i menjant tot el que hav\u00edem elaborat. Els panellets, que calia coure&#8217;ls al forn, els vam menjar a la tarda al parc del costat de l&#8217;escola.<\/p>\n<p>Ens ho vam passar molt b\u00e9 cuinant i celebrant la Castanyada!<\/p>\n<p>Si voleu <strong>veure m\u00e9s fotos<\/strong> d&#8217;aquest dia, podeu <a href=\"https:\/\/photos.app.goo.gl\/sZWdRv4QG5vk5Wup6\" target=\"_blank\" rel=\"noopener\"><strong>clicar aqu\u00ed.<\/strong><\/a><\/p>\n","protected":false},"excerpt":{"rendered":"<p>Tallers de cuina de la tardor realitzats per tot l&#8217;alumnat i mestres de l&#8217;escola el passat divendres 27 d&#8217;octubre per celebrar la Castanyada.<\/p>\n","protected":false},"author":1,"featured_media":19910,"comment_status":"open","ping_status":"closed","sticky":false,"template":"","format":"standard","meta":{"_bbp_topic_count":0,"_bbp_reply_count":0,"_bbp_total_topic_count":0,"_bbp_total_reply_count":0,"_bbp_voice_count":0,"_bbp_anonymous_reply_count":0,"_bbp_topic_count_hidden":0,"_bbp_reply_count_hidden":0,"_bbp_forum_subforum_count":0,"site-sidebar-layout":"default","site-content-layout":"","ast-site-content-layout":"","site-content-style":"default","site-sidebar-style":"default","ast-global-header-display":"","ast-banner-title-visibility":"","ast-main-header-display":"","ast-hfb-above-header-display":"","ast-hfb-below-header-display":"","ast-hfb-mobile-header-display":"","site-post-title":"","ast-breadcrumbs-content":"","ast-featured-img":"","footer-sml-layout":"","theme-transparent-header-meta":"","adv-header-id-meta":"","stick-header-meta":"","header-above-stick-meta":"","header-main-stick-meta":"","header-below-stick-meta":"","astra-migrate-meta-layouts":"default","ast-page-background-enabled":"default","ast-page-background-meta":{"desktop":{"background-color":"var(--ast-global-color-4)","background-image":"","background-repeat":"repeat","background-position":"center center","background-size":"auto","background-attachment":"scroll","background-type":"","background-media":"","overlay-type":"","overlay-color":"","overlay-opacity":"","overlay-gradient":""},"tablet":{"background-color":"","background-image":"","background-repeat":"repeat","background-position":"center center","background-size":"auto","background-attachment":"scroll","background-type":"","background-media":"","overlay-type":"","overlay-color":"","overlay-opacity":"","overlay-gradient":""},"mobile":{"background-color":"","background-image":"","background-repeat":"repeat","background-position":"center center","background-size":"auto","background-attachment":"scroll","background-type":"","background-media":"","overlay-type":"","overlay-color":"","overlay-opacity":"","overlay-gradient":""}},"ast-content-background-meta":{"desktop":{"background-color":"var(--ast-global-color-5)","background-image":"","background-repeat":"repeat","background-position":"center center","background-size":"auto","background-attachment":"scroll","background-type":"","background-media":"","overlay-type":"","overlay-color":"","overlay-opacity":"","overlay-gradient":""},"tablet":{"background-color":"var(--ast-global-color-5)","background-image":"","background-repeat":"repeat","background-position":"center center","background-size":"auto","background-attachment":"scroll","background-type":"","background-media":"","overlay-type":"","overlay-color":"","overlay-opacity":"","overlay-gradient":""},"mobile":{"background-color":"var(--ast-global-color-5)","background-image":"","background-repeat":"repeat","background-position":"center center","background-size":"auto","background-attachment":"scroll","background-type":"","background-media":"","overlay-type":"","overlay-color":"","overlay-opacity":"","overlay-gradient":""}},"footnotes":""},"categories":[33,1,4,5],"tags":[81,220,187,102,75,80],"class_list":["post-19909","post","type-post","status-publish","format-standard","has-post-thumbnail","hentry","category-e-i","category-general","category-portada","category-primaria","tag-castanyada","tag-cuina","tag-infantil","tag-primaria","tag-tallers","tag-tardor"],"post_mailing_queue_ids":[],"_links":{"self":[{"href":"https:\/\/agora.xtec.cat\/esc-la-cabana\/wp-json\/wp\/v2\/posts\/19909","targetHints":{"allow":["GET"]}}],"collection":[{"href":"https:\/\/agora.xtec.cat\/esc-la-cabana\/wp-json\/wp\/v2\/posts"}],"about":[{"href":"https:\/\/agora.xtec.cat\/esc-la-cabana\/wp-json\/wp\/v2\/types\/post"}],"author":[{"embeddable":true,"href":"https:\/\/agora.xtec.cat\/esc-la-cabana\/wp-json\/wp\/v2\/users\/1"}],"replies":[{"embeddable":true,"href":"https:\/\/agora.xtec.cat\/esc-la-cabana\/wp-json\/wp\/v2\/comments?post=19909"}],"version-history":[{"count":6,"href":"https:\/\/agora.xtec.cat\/esc-la-cabana\/wp-json\/wp\/v2\/posts\/19909\/revisions"}],"predecessor-version":[{"id":19929,"href":"https:\/\/agora.xtec.cat\/esc-la-cabana\/wp-json\/wp\/v2\/posts\/19909\/revisions\/19929"}],"wp:featuredmedia":[{"embeddable":true,"href":"https:\/\/agora.xtec.cat\/esc-la-cabana\/wp-json\/wp\/v2\/media\/19910"}],"wp:attachment":[{"href":"https:\/\/agora.xtec.cat\/esc-la-cabana\/wp-json\/wp\/v2\/media?parent=19909"}],"wp:term":[{"taxonomy":"category","embeddable":true,"href":"https:\/\/agora.xtec.cat\/esc-la-cabana\/wp-json\/wp\/v2\/categories?post=19909"},{"taxonomy":"post_tag","embeddable":true,"href":"https:\/\/agora.xtec.cat\/esc-la-cabana\/wp-json\/wp\/v2\/tags?post=19909"}],"curies":[{"name":"wp","href":"https:\/\/api.w.org\/{rel}","templated":true}]}}