{"id":19860,"date":"2023-10-20T08:30:25","date_gmt":"2023-10-20T06:30:25","guid":{"rendered":"https:\/\/agora.xtec.cat\/esc-la-cabana\/?p=19860"},"modified":"2023-10-30T09:50:32","modified_gmt":"2023-10-30T08:50:32","slug":"summer-cooking-award-ceremony-and-farewell","status":"publish","type":"post","link":"https:\/\/agora.xtec.cat\/esc-la-cabana\/general\/summer-cooking-award-ceremony-and-farewell\/","title":{"rendered":"SUMMER COOKING AWARD CEREMONY AND FAREWELL"},"content":{"rendered":"<h3><a href=\"https:\/\/agora.xtec.cat\/esc-la-cabana\/wp-content\/uploads\/usu849\/2023\/10\/Summary-Healthy-Project-in-eTwinning.jpg\"><img loading=\"lazy\" decoding=\"async\" class=\"alignnone size-full wp-image-19865\" src=\"https:\/\/agora.xtec.cat\/esc-la-cabana\/wp-content\/uploads\/usu849\/2023\/10\/Summary-Healthy-Project-in-eTwinning.jpg\" alt=\"\" width=\"1020\" height=\"454\" srcset=\"https:\/\/agora.xtec.cat\/esc-la-cabana\/wp-content\/uploads\/usu849\/2023\/10\/Summary-Healthy-Project-in-eTwinning.jpg 1020w, https:\/\/agora.xtec.cat\/esc-la-cabana\/wp-content\/uploads\/usu849\/2023\/10\/Summary-Healthy-Project-in-eTwinning-300x134.jpg 300w, https:\/\/agora.xtec.cat\/esc-la-cabana\/wp-content\/uploads\/usu849\/2023\/10\/Summary-Healthy-Project-in-eTwinning-768x342.jpg 768w\" sizes=\"auto, (max-width: 1020px) 100vw, 1020px\" \/><\/a><\/h3>\n<h3>Last week, the last activity related to our eTwinning International Project &#8220;Healthy International Weekly Menu &#8221; took place.<\/h3>\n<p><em>La setmana passada va tenir lloc la darrera activitat relacionada amb el nostre projecte Internacional &#8220;Healthy International Weekly Menu&#8221;.<\/em><\/p>\n<h3>We celebrated a discreet Award Ceremony to reward all the participants in the Summer Cooking Contest. The objective was to thank them for their participation and to congratulate and give the award to the winner of the contest. HATS OFF!<\/h3>\n<p><em>Vam celebrar una discreta Cerim\u00f2nia de lliurament de Premis per obsequiar a tots\/es els i les participants al Concurs Culinari d&#8217;Estiu. L&#8217;objectiu era agrair-los la seva participaci\u00f3 i felicitar i donar el premi a la guanyadora del concurs. Enhorabona!<\/em><\/p>\n<p><a href=\"https:\/\/agora.xtec.cat\/esc-la-cabana\/wp-content\/uploads\/usu849\/2023\/10\/20231009_100148b.jpg\"><img loading=\"lazy\" decoding=\"async\" class=\"wp-image-19866 aligncenter\" src=\"https:\/\/agora.xtec.cat\/esc-la-cabana\/wp-content\/uploads\/usu849\/2023\/10\/20231009_100148b-1024x797.jpg\" alt=\"\" width=\"542\" height=\"422\" srcset=\"https:\/\/agora.xtec.cat\/esc-la-cabana\/wp-content\/uploads\/usu849\/2023\/10\/20231009_100148b-1024x797.jpg 1024w, https:\/\/agora.xtec.cat\/esc-la-cabana\/wp-content\/uploads\/usu849\/2023\/10\/20231009_100148b-300x234.jpg 300w, https:\/\/agora.xtec.cat\/esc-la-cabana\/wp-content\/uploads\/usu849\/2023\/10\/20231009_100148b-768x598.jpg 768w, https:\/\/agora.xtec.cat\/esc-la-cabana\/wp-content\/uploads\/usu849\/2023\/10\/20231009_100148b-1536x1196.jpg 1536w, https:\/\/agora.xtec.cat\/esc-la-cabana\/wp-content\/uploads\/usu849\/2023\/10\/20231009_100148b.jpg 1800w\" sizes=\"auto, (max-width: 542px) 100vw, 542px\" \/><\/a><\/p>\n<p><a href=\"https:\/\/agora.xtec.cat\/esc-la-cabana\/wp-content\/uploads\/usu849\/2023\/10\/20231009_100915-scaled.jpg\"><img loading=\"lazy\" decoding=\"async\" class=\"wp-image-19869 aligncenter\" src=\"https:\/\/agora.xtec.cat\/esc-la-cabana\/wp-content\/uploads\/usu849\/2023\/10\/20231009_100915-1024x461.jpg\" alt=\"\" width=\"547\" height=\"246\" srcset=\"https:\/\/agora.xtec.cat\/esc-la-cabana\/wp-content\/uploads\/usu849\/2023\/10\/20231009_100915-1024x461.jpg 1024w, https:\/\/agora.xtec.cat\/esc-la-cabana\/wp-content\/uploads\/usu849\/2023\/10\/20231009_100915-300x135.jpg 300w, https:\/\/agora.xtec.cat\/esc-la-cabana\/wp-content\/uploads\/usu849\/2023\/10\/20231009_100915-768x346.jpg 768w, https:\/\/agora.xtec.cat\/esc-la-cabana\/wp-content\/uploads\/usu849\/2023\/10\/20231009_100915-1536x691.jpg 1536w, https:\/\/agora.xtec.cat\/esc-la-cabana\/wp-content\/uploads\/usu849\/2023\/10\/20231009_100915-2048x922.jpg 2048w\" sizes=\"auto, (max-width: 547px) 100vw, 547px\" \/><br \/>\n<\/a><a href=\"https:\/\/agora.xtec.cat\/esc-la-cabana\/wp-content\/uploads\/usu849\/2023\/10\/Prizes-Summer-Cooking-Contest-scaled.jpg\"><img loading=\"lazy\" decoding=\"async\" class=\"wp-image-19863 aligncenter\" src=\"https:\/\/agora.xtec.cat\/esc-la-cabana\/wp-content\/uploads\/usu849\/2023\/10\/Prizes-Summer-Cooking-Contest-1024x1024.jpg\" alt=\"\" width=\"255\" height=\"255\" srcset=\"https:\/\/agora.xtec.cat\/esc-la-cabana\/wp-content\/uploads\/usu849\/2023\/10\/Prizes-Summer-Cooking-Contest-1024x1024.jpg 1024w, https:\/\/agora.xtec.cat\/esc-la-cabana\/wp-content\/uploads\/usu849\/2023\/10\/Prizes-Summer-Cooking-Contest-300x300.jpg 300w, https:\/\/agora.xtec.cat\/esc-la-cabana\/wp-content\/uploads\/usu849\/2023\/10\/Prizes-Summer-Cooking-Contest-150x150.jpg 150w, https:\/\/agora.xtec.cat\/esc-la-cabana\/wp-content\/uploads\/usu849\/2023\/10\/Prizes-Summer-Cooking-Contest-768x768.jpg 768w, https:\/\/agora.xtec.cat\/esc-la-cabana\/wp-content\/uploads\/usu849\/2023\/10\/Prizes-Summer-Cooking-Contest-1536x1536.jpg 1536w, https:\/\/agora.xtec.cat\/esc-la-cabana\/wp-content\/uploads\/usu849\/2023\/10\/Prizes-Summer-Cooking-Contest-2048x2048.jpg 2048w\" sizes=\"auto, (max-width: 255px) 100vw, 255px\" \/><\/a><\/p>\n<h3>We <a href=\"https:\/\/agora.xtec.cat\/esc-la-cabana\/wp-content\/uploads\/usu849\/2023\/10\/20231009_101301-scaled.jpg\"><img loading=\"lazy\" decoding=\"async\" class=\"wp-image-19870 alignleft\" src=\"https:\/\/agora.xtec.cat\/esc-la-cabana\/wp-content\/uploads\/usu849\/2023\/10\/20231009_101301-522x1024.jpg\" alt=\"\" width=\"138\" height=\"271\" srcset=\"https:\/\/agora.xtec.cat\/esc-la-cabana\/wp-content\/uploads\/usu849\/2023\/10\/20231009_101301-522x1024.jpg 522w, https:\/\/agora.xtec.cat\/esc-la-cabana\/wp-content\/uploads\/usu849\/2023\/10\/20231009_101301-153x300.jpg 153w, https:\/\/agora.xtec.cat\/esc-la-cabana\/wp-content\/uploads\/usu849\/2023\/10\/20231009_101301-768x1505.jpg 768w, https:\/\/agora.xtec.cat\/esc-la-cabana\/wp-content\/uploads\/usu849\/2023\/10\/20231009_101301-784x1536.jpg 784w, https:\/\/agora.xtec.cat\/esc-la-cabana\/wp-content\/uploads\/usu849\/2023\/10\/20231009_101301-1045x2048.jpg 1045w, https:\/\/agora.xtec.cat\/esc-la-cabana\/wp-content\/uploads\/usu849\/2023\/10\/20231009_101301-scaled.jpg 1306w\" sizes=\"auto, (max-width: 138px) 100vw, 138px\" \/><\/a>also rewarded the pupil who won the Logo Contest last school year, since before ending it, we had no time to do it. But&#8230; better late than never.<\/h3>\n<p><em>Tamb\u00e9 vam premiar l&#8217;alumna que el curs passat va guanyar el Concurs de Logotips, ja que a\u00babans d&#8217;acabar-lo, no vam tenir temps per fer-ho. Per\u00f2&#8230; m\u00e9s val tard que mai.<\/em><\/p>\n<h3>Although, last July, the logo also appeared in a piece of news in\u00a0<em> &#8220;El Pom de dalt&#8221;<\/em> section, from the regional newspaper <em>&#8220;El 3 de vuit&#8221;<\/em>. Here you have it, in case you lost it.<\/h3>\n<p><em>Amb tot, el logotip tamb\u00e9 va apar\u00e8ixer el passat mes de Juliol, en una not\u00edcia a la secci\u00f3 d&#8217;El Pom de dalt, del diari regional &#8220;El 3 de vuit&#8221;. Aqu\u00ed la teniu, en cas que us ho perdereu.<\/em><\/p>\n<h3><a href=\"https:\/\/agora.xtec.cat\/esc-la-cabana\/wp-content\/uploads\/usu849\/2023\/10\/News-in-Pom-de-dalt.jpg\"><img loading=\"lazy\" decoding=\"async\" class=\"alignnone size-large wp-image-19867\" src=\"https:\/\/agora.xtec.cat\/esc-la-cabana\/wp-content\/uploads\/usu849\/2023\/10\/News-in-Pom-de-dalt-1024x443.jpg\" alt=\"\" width=\"1024\" height=\"443\" srcset=\"https:\/\/agora.xtec.cat\/esc-la-cabana\/wp-content\/uploads\/usu849\/2023\/10\/News-in-Pom-de-dalt-1024x443.jpg 1024w, https:\/\/agora.xtec.cat\/esc-la-cabana\/wp-content\/uploads\/usu849\/2023\/10\/News-in-Pom-de-dalt-300x130.jpg 300w, https:\/\/agora.xtec.cat\/esc-la-cabana\/wp-content\/uploads\/usu849\/2023\/10\/News-in-Pom-de-dalt-768x333.jpg 768w, https:\/\/agora.xtec.cat\/esc-la-cabana\/wp-content\/uploads\/usu849\/2023\/10\/News-in-Pom-de-dalt.jpg 1090w\" sizes=\"auto, (max-width: 1024px) 100vw, 1024px\" \/><\/a><\/h3>\n<h3><\/h3>\n<h3>You have more detailed photos of the event on this link: <a href=\"https:\/\/photos.app.goo.gl\/DLJrHC9AqVEnY87g7\" target=\"_blank\" rel=\"noopener\">SUMMER COOKING CONTEST AWARDS 2023-24 eTwinning 22-23.<\/a><\/h3>\n<p><em>Teniu m\u00e9s fotos detallades de l&#8217;esdeveniment en aquest enlla\u00e7. Cliqueu a sobre de &#8220;Summer Cooking Contest Awards 2023-24 eTwinning 22-23&#8221;.<\/em><\/p>\n<h3>With this Award Celebration, we end the collaboration with the Polish School Podstawowa in Somonino and we also close the project. It has been a pleasure working with them and we can assure that we\u00a0 learned a lot of interesting aspects related to our healthy and balanced diets.<\/h3>\n<p><em>Amb aquesta Celebraci\u00f3 de Premis, acabem la col\u00b7laboraci\u00f3 amb l&#8217;escola Podstawowa a Somonino, Pol\u00f2nia, i tamb\u00e9 donem per tancat el projecte. Ha estat un plaer treballar amb ells i podem assegurar que vam aprendre aspectes molt interessants relacionats amb les nostres dietes saludables i equilibrades.<\/em><\/p>\n<h3>And now&#8230; it&#8217;s time for our next eTwinning project!<\/h3>\n<p><em>I ara&#8230; \u00e9s hora per al nostre proper projecte eTwinning!<\/em><\/p>\n","protected":false},"excerpt":{"rendered":"<p>THE LAST, BUT NOT LEAST ACTIVITY IN ETWINNING PROJECT 22-23.<\/p>\n","protected":false},"author":18,"featured_media":19863,"comment_status":"open","ping_status":"closed","sticky":false,"template":"","format":"standard","meta":{"_bbp_topic_count":0,"_bbp_reply_count":0,"_bbp_total_topic_count":0,"_bbp_total_reply_count":0,"_bbp_voice_count":0,"_bbp_anonymous_reply_count":0,"_bbp_topic_count_hidden":0,"_bbp_reply_count_hidden":0,"_bbp_forum_subforum_count":0,"site-sidebar-layout":"default","site-content-layout":"","ast-site-content-layout":"","site-content-style":"default","site-sidebar-style":"default","ast-global-header-display":"","ast-banner-title-visibility":"","ast-main-header-display":"","ast-hfb-above-header-display":"","ast-hfb-below-header-display":"","ast-hfb-mobile-header-display":"","site-post-title":"","ast-breadcrumbs-content":"","ast-featured-img":"","footer-sml-layout":"","theme-transparent-header-meta":"","adv-header-id-meta":"","stick-header-meta":"","header-above-stick-meta":"","header-main-stick-meta":"","header-below-stick-meta":"","astra-migrate-meta-layouts":"default","ast-page-background-enabled":"default","ast-page-background-meta":{"desktop":{"background-color":"var(--ast-global-color-4)","background-image":"","background-repeat":"repeat","background-position":"center center","background-size":"auto","background-attachment":"scroll","background-type":"","background-media":"","overlay-type":"","overlay-color":"","overlay-opacity":"","overlay-gradient":""},"tablet":{"background-color":"","background-image":"","background-repeat":"repeat","background-position":"center center","background-size":"auto","background-attachment":"scroll","background-type":"","background-media":"","overlay-type":"","overlay-color":"","overlay-opacity":"","overlay-gradient":""},"mobile":{"background-color":"","background-image":"","background-repeat":"repeat","background-position":"center center","background-size":"auto","background-attachment":"scroll","background-type":"","background-media":"","overlay-type":"","overlay-color":"","overlay-opacity":"","overlay-gradient":""}},"ast-content-background-meta":{"desktop":{"background-color":"var(--ast-global-color-5)","background-image":"","background-repeat":"repeat","background-position":"center center","background-size":"auto","background-attachment":"scroll","background-type":"","background-media":"","overlay-type":"","overlay-color":"","overlay-opacity":"","overlay-gradient":""},"tablet":{"background-color":"var(--ast-global-color-5)","background-image":"","background-repeat":"repeat","background-position":"center center","background-size":"auto","background-attachment":"scroll","background-type":"","background-media":"","overlay-type":"","overlay-color":"","overlay-opacity":"","overlay-gradient":""},"mobile":{"background-color":"var(--ast-global-color-5)","background-image":"","background-repeat":"repeat","background-position":"center center","background-size":"auto","background-attachment":"scroll","background-type":"","background-media":"","overlay-type":"","overlay-color":"","overlay-opacity":"","overlay-gradient":""}},"footnotes":""},"categories":[23,12,14,83,1,4,5,355],"tags":[129,106,74,315,87],"class_list":["post-19860","post","type-post","status-publish","format-standard","has-post-thumbnail","hentry","category-angles","category-c-m","category-c-s","category-especialitats","category-general","category-portada","category-primaria","category-projecte-etwinning-poland-spain","tag-angles","tag-cicle-mitja","tag-cicle-superior","tag-etwinning","tag-projectes"],"post_mailing_queue_ids":[],"_links":{"self":[{"href":"https:\/\/agora.xtec.cat\/esc-la-cabana\/wp-json\/wp\/v2\/posts\/19860","targetHints":{"allow":["GET"]}}],"collection":[{"href":"https:\/\/agora.xtec.cat\/esc-la-cabana\/wp-json\/wp\/v2\/posts"}],"about":[{"href":"https:\/\/agora.xtec.cat\/esc-la-cabana\/wp-json\/wp\/v2\/types\/post"}],"author":[{"embeddable":true,"href":"https:\/\/agora.xtec.cat\/esc-la-cabana\/wp-json\/wp\/v2\/users\/18"}],"replies":[{"embeddable":true,"href":"https:\/\/agora.xtec.cat\/esc-la-cabana\/wp-json\/wp\/v2\/comments?post=19860"}],"version-history":[{"count":6,"href":"https:\/\/agora.xtec.cat\/esc-la-cabana\/wp-json\/wp\/v2\/posts\/19860\/revisions"}],"predecessor-version":[{"id":19873,"href":"https:\/\/agora.xtec.cat\/esc-la-cabana\/wp-json\/wp\/v2\/posts\/19860\/revisions\/19873"}],"wp:featuredmedia":[{"embeddable":true,"href":"https:\/\/agora.xtec.cat\/esc-la-cabana\/wp-json\/wp\/v2\/media\/19863"}],"wp:attachment":[{"href":"https:\/\/agora.xtec.cat\/esc-la-cabana\/wp-json\/wp\/v2\/media?parent=19860"}],"wp:term":[{"taxonomy":"category","embeddable":true,"href":"https:\/\/agora.xtec.cat\/esc-la-cabana\/wp-json\/wp\/v2\/categories?post=19860"},{"taxonomy":"post_tag","embeddable":true,"href":"https:\/\/agora.xtec.cat\/esc-la-cabana\/wp-json\/wp\/v2\/tags?post=19860"}],"curies":[{"name":"wp","href":"https:\/\/api.w.org\/{rel}","templated":true}]}}