{"id":19835,"date":"2023-10-04T16:45:59","date_gmt":"2023-10-04T14:45:59","guid":{"rendered":"https:\/\/agora.xtec.cat\/esc-la-cabana\/?p=19835"},"modified":"2023-11-06T12:34:17","modified_gmt":"2023-11-06T11:34:17","slug":"and-the-winner-is","status":"publish","type":"post","link":"https:\/\/agora.xtec.cat\/esc-la-cabana\/general\/and-the-winner-is\/","title":{"rendered":"AND THE WINNER IS&#8230;"},"content":{"rendered":"<p><a href=\"https:\/\/agora.xtec.cat\/esc-la-cabana\/wp-content\/uploads\/usu849\/2023\/10\/Breaking-News-THE-WINNER.jpg\"><img loading=\"lazy\" decoding=\"async\" class=\"alignnone size-full wp-image-19836\" src=\"https:\/\/agora.xtec.cat\/esc-la-cabana\/wp-content\/uploads\/usu849\/2023\/10\/Breaking-News-THE-WINNER.jpg\" alt=\"\" width=\"700\" height=\"463\" srcset=\"https:\/\/agora.xtec.cat\/esc-la-cabana\/wp-content\/uploads\/usu849\/2023\/10\/Breaking-News-THE-WINNER.jpg 700w, https:\/\/agora.xtec.cat\/esc-la-cabana\/wp-content\/uploads\/usu849\/2023\/10\/Breaking-News-THE-WINNER-300x198.jpg 300w\" sizes=\"auto, (max-width: 700px) 100vw, 700px\" \/><\/a><\/p>\n<h4>Are you willing to know who the winner for the Summer Cooking Contest is?<\/h4>\n<p>Teniu ganes de con\u00e8ixer el guanyador o la guanyadora del Concurs Culinari de l&#8217;Estiu?<\/p>\n<h4><a href=\"https:\/\/agora.xtec.cat\/esc-la-cabana\/wp-content\/uploads\/usu849\/2023\/10\/Criteria-for-the-Jury.jpg\"><img loading=\"lazy\" decoding=\"async\" class=\" wp-image-19838 alignleft\" src=\"https:\/\/agora.xtec.cat\/esc-la-cabana\/wp-content\/uploads\/usu849\/2023\/10\/Criteria-for-the-Jury.jpg\" alt=\"\" width=\"279\" height=\"297\" srcset=\"https:\/\/agora.xtec.cat\/esc-la-cabana\/wp-content\/uploads\/usu849\/2023\/10\/Criteria-for-the-Jury.jpg 418w, https:\/\/agora.xtec.cat\/esc-la-cabana\/wp-content\/uploads\/usu849\/2023\/10\/Criteria-for-the-Jury-282x300.jpg 282w\" sizes=\"auto, (max-width: 279px) 100vw, 279px\" \/><\/a><\/h4>\n<h4><\/h4>\n<h4>First of all, we also want to congratulate to all the participants for their effort and implication on this international project and contest. That&#8217;s the reason why the ten participants will recieve a little present; a part from the winner who will have another present.<\/h4>\n<p>En primer lloc, tamb\u00e9 volem felicitar a tots i totes les participants pel seu esfor\u00e7 i implicaci\u00f3 en aquest projecte internacional i concurs. Aquesta \u00e9s la ra\u00f3 per la qual els deu participants rebran un petit detall; a part de la guanyadora que rebr\u00e0 un altre regal.<\/p>\n<h4>After taking into account the criteria for voting the more dishes, the healthier diet, the jury is really glad to announce the winner for the Summer Cooking Contest:<\/h4>\n<p>Despr\u00e9s de tenir en compte els criteris per a votar quant m\u00e9s plats, la dieta m\u00e9s saludable, el jurat est\u00e0 encantat d&#8217;anunciar la guanyadora del Concurs Culinari de l&#8217;Estiu:<\/p>\n<p><a href=\"https:\/\/agora.xtec.cat\/esc-la-cabana\/wp-content\/uploads\/usu849\/2023\/10\/WINNER-COOKING-CONTEST-1.jpg\"><img loading=\"lazy\" decoding=\"async\" class=\"alignnone size-full wp-image-19840\" src=\"https:\/\/agora.xtec.cat\/esc-la-cabana\/wp-content\/uploads\/usu849\/2023\/10\/WINNER-COOKING-CONTEST-1.jpg\" alt=\"\" width=\"940\" height=\"788\" srcset=\"https:\/\/agora.xtec.cat\/esc-la-cabana\/wp-content\/uploads\/usu849\/2023\/10\/WINNER-COOKING-CONTEST-1.jpg 940w, https:\/\/agora.xtec.cat\/esc-la-cabana\/wp-content\/uploads\/usu849\/2023\/10\/WINNER-COOKING-CONTEST-1-300x250.jpg 300w, https:\/\/agora.xtec.cat\/esc-la-cabana\/wp-content\/uploads\/usu849\/2023\/10\/WINNER-COOKING-CONTEST-1-768x644.jpg 768w\" sizes=\"auto, (max-width: 940px) 100vw, 940px\" \/><\/a><\/p>\n<h5>Next week, all the participants and the winner will recieve your corresponding awards.<\/h5>\n<p>La setmana vinent, tots\/es els\/les participants rebreu el vostre premi corresponent.<\/p>\n<h1 style=\"text-align: center;\">CONGRATULATIONS TO ALL OF YOU!<\/h1>\n<p style=\"text-align: center;\">ENHORABONA A TOTHOM!<\/p>\n<h4><\/h4>\n<p>&nbsp;<\/p>\n<p>&nbsp;<\/p>\n<p>&nbsp;<\/p>\n","protected":false},"excerpt":{"rendered":"<p>WHO IS THE WINNER FOR THE SUMMER COOKING CONTEST?<\/p>\n","protected":false},"author":18,"featured_media":19668,"comment_status":"open","ping_status":"closed","sticky":false,"template":"","format":"standard","meta":{"_bbp_topic_count":0,"_bbp_reply_count":0,"_bbp_total_topic_count":0,"_bbp_total_reply_count":0,"_bbp_voice_count":0,"_bbp_anonymous_reply_count":0,"_bbp_topic_count_hidden":0,"_bbp_reply_count_hidden":0,"_bbp_forum_subforum_count":0,"site-sidebar-layout":"default","site-content-layout":"","ast-site-content-layout":"","site-content-style":"default","site-sidebar-style":"default","ast-global-header-display":"","ast-banner-title-visibility":"","ast-main-header-display":"","ast-hfb-above-header-display":"","ast-hfb-below-header-display":"","ast-hfb-mobile-header-display":"","site-post-title":"","ast-breadcrumbs-content":"","ast-featured-img":"","footer-sml-layout":"","theme-transparent-header-meta":"","adv-header-id-meta":"","stick-header-meta":"","header-above-stick-meta":"","header-main-stick-meta":"","header-below-stick-meta":"","astra-migrate-meta-layouts":"default","ast-page-background-enabled":"default","ast-page-background-meta":{"desktop":{"background-color":"var(--ast-global-color-4)","background-image":"","background-repeat":"repeat","background-position":"center center","background-size":"auto","background-attachment":"scroll","background-type":"","background-media":"","overlay-type":"","overlay-color":"","overlay-opacity":"","overlay-gradient":""},"tablet":{"background-color":"","background-image":"","background-repeat":"repeat","background-position":"center center","background-size":"auto","background-attachment":"scroll","background-type":"","background-media":"","overlay-type":"","overlay-color":"","overlay-opacity":"","overlay-gradient":""},"mobile":{"background-color":"","background-image":"","background-repeat":"repeat","background-position":"center center","background-size":"auto","background-attachment":"scroll","background-type":"","background-media":"","overlay-type":"","overlay-color":"","overlay-opacity":"","overlay-gradient":""}},"ast-content-background-meta":{"desktop":{"background-color":"var(--ast-global-color-5)","background-image":"","background-repeat":"repeat","background-position":"center center","background-size":"auto","background-attachment":"scroll","background-type":"","background-media":"","overlay-type":"","overlay-color":"","overlay-opacity":"","overlay-gradient":""},"tablet":{"background-color":"var(--ast-global-color-5)","background-image":"","background-repeat":"repeat","background-position":"center center","background-size":"auto","background-attachment":"scroll","background-type":"","background-media":"","overlay-type":"","overlay-color":"","overlay-opacity":"","overlay-gradient":""},"mobile":{"background-color":"var(--ast-global-color-5)","background-image":"","background-repeat":"repeat","background-position":"center center","background-size":"auto","background-attachment":"scroll","background-type":"","background-media":"","overlay-type":"","overlay-color":"","overlay-opacity":"","overlay-gradient":""}},"footnotes":""},"categories":[23,12,14,83,1,4,5,355,354],"tags":[129,106,74,315,87],"class_list":["post-19835","post","type-post","status-publish","format-standard","has-post-thumbnail","hentry","category-angles","category-c-m","category-c-s","category-especialitats","category-general","category-portada","category-primaria","category-projecte-etwinning-poland-spain","category-projectes-etwinning","tag-angles","tag-cicle-mitja","tag-cicle-superior","tag-etwinning","tag-projectes"],"post_mailing_queue_ids":[],"_links":{"self":[{"href":"https:\/\/agora.xtec.cat\/esc-la-cabana\/wp-json\/wp\/v2\/posts\/19835","targetHints":{"allow":["GET"]}}],"collection":[{"href":"https:\/\/agora.xtec.cat\/esc-la-cabana\/wp-json\/wp\/v2\/posts"}],"about":[{"href":"https:\/\/agora.xtec.cat\/esc-la-cabana\/wp-json\/wp\/v2\/types\/post"}],"author":[{"embeddable":true,"href":"https:\/\/agora.xtec.cat\/esc-la-cabana\/wp-json\/wp\/v2\/users\/18"}],"replies":[{"embeddable":true,"href":"https:\/\/agora.xtec.cat\/esc-la-cabana\/wp-json\/wp\/v2\/comments?post=19835"}],"version-history":[{"count":3,"href":"https:\/\/agora.xtec.cat\/esc-la-cabana\/wp-json\/wp\/v2\/posts\/19835\/revisions"}],"predecessor-version":[{"id":19841,"href":"https:\/\/agora.xtec.cat\/esc-la-cabana\/wp-json\/wp\/v2\/posts\/19835\/revisions\/19841"}],"wp:featuredmedia":[{"embeddable":true,"href":"https:\/\/agora.xtec.cat\/esc-la-cabana\/wp-json\/wp\/v2\/media\/19668"}],"wp:attachment":[{"href":"https:\/\/agora.xtec.cat\/esc-la-cabana\/wp-json\/wp\/v2\/media?parent=19835"}],"wp:term":[{"taxonomy":"category","embeddable":true,"href":"https:\/\/agora.xtec.cat\/esc-la-cabana\/wp-json\/wp\/v2\/categories?post=19835"},{"taxonomy":"post_tag","embeddable":true,"href":"https:\/\/agora.xtec.cat\/esc-la-cabana\/wp-json\/wp\/v2\/tags?post=19835"}],"curies":[{"name":"wp","href":"https:\/\/api.w.org\/{rel}","templated":true}]}}