{"id":19683,"date":"2023-06-22T14:49:30","date_gmt":"2023-06-22T12:49:30","guid":{"rendered":"https:\/\/agora.xtec.cat\/esc-la-cabana\/?p=19683"},"modified":"2023-06-22T14:49:30","modified_gmt":"2023-06-22T12:49:30","slug":"who-won-the-logo-contest","status":"publish","type":"post","link":"https:\/\/agora.xtec.cat\/esc-la-cabana\/general\/who-won-the-logo-contest\/","title":{"rendered":"WHO WON THE LOGO CONTEST?"},"content":{"rendered":"<p><a href=\"https:\/\/agora.xtec.cat\/esc-la-cabana\/wp-content\/uploads\/usu849\/2023\/06\/And-the-winner-logo-is-breaking-news.jpg\"><img loading=\"lazy\" decoding=\"async\" class=\"alignnone size-large wp-image-19684\" src=\"https:\/\/agora.xtec.cat\/esc-la-cabana\/wp-content\/uploads\/usu849\/2023\/06\/And-the-winner-logo-is-breaking-news-1024x576.jpg\" alt=\"\" width=\"1024\" height=\"576\" srcset=\"https:\/\/agora.xtec.cat\/esc-la-cabana\/wp-content\/uploads\/usu849\/2023\/06\/And-the-winner-logo-is-breaking-news-1024x576.jpg 1024w, https:\/\/agora.xtec.cat\/esc-la-cabana\/wp-content\/uploads\/usu849\/2023\/06\/And-the-winner-logo-is-breaking-news-300x169.jpg 300w, https:\/\/agora.xtec.cat\/esc-la-cabana\/wp-content\/uploads\/usu849\/2023\/06\/And-the-winner-logo-is-breaking-news-768x432.jpg 768w, https:\/\/agora.xtec.cat\/esc-la-cabana\/wp-content\/uploads\/usu849\/2023\/06\/And-the-winner-logo-is-breaking-news.jpg 1280w\" sizes=\"auto, (max-width: 1024px) 100vw, 1024px\" \/><\/a><\/p>\n<p><strong>Hello everyone! <\/strong><em>Hola a tothom!<\/em><\/p>\n<p><strong>It&#8217;s a pleasure to announce the logo that, from now on, will represent us in our International eTwinning project &#8220;Weekly Healthy Menu &#8220;.<\/strong><\/p>\n<p><em>\u00c9s un plaer anunciar-vos el LOGOTIP que, a partir d&#8217;ara, ens representar\u00e0 en el nostre projecte Internacional eTwinning &#8220;Men\u00fa Setmanal Saludable&#8221;.<\/em><\/p>\n<p><a href=\"https:\/\/agora.xtec.cat\/esc-la-cabana\/wp-content\/uploads\/usu849\/2023\/06\/Logo-Winner-ANSWERS-Formulaire.jpg\"><img loading=\"lazy\" decoding=\"async\" class=\"alignnone size-large wp-image-19686\" src=\"https:\/\/agora.xtec.cat\/esc-la-cabana\/wp-content\/uploads\/usu849\/2023\/06\/Logo-Winner-ANSWERS-Formulaire-1024x601.jpg\" alt=\"\" width=\"1024\" height=\"601\" srcset=\"https:\/\/agora.xtec.cat\/esc-la-cabana\/wp-content\/uploads\/usu849\/2023\/06\/Logo-Winner-ANSWERS-Formulaire-1024x601.jpg 1024w, https:\/\/agora.xtec.cat\/esc-la-cabana\/wp-content\/uploads\/usu849\/2023\/06\/Logo-Winner-ANSWERS-Formulaire-300x176.jpg 300w, https:\/\/agora.xtec.cat\/esc-la-cabana\/wp-content\/uploads\/usu849\/2023\/06\/Logo-Winner-ANSWERS-Formulaire-768x451.jpg 768w, https:\/\/agora.xtec.cat\/esc-la-cabana\/wp-content\/uploads\/usu849\/2023\/06\/Logo-Winner-ANSWERS-Formulaire.jpg 1119w\" sizes=\"auto, (max-width: 1024px) 100vw, 1024px\" \/><\/a><\/p>\n<p><strong>As you can check above, the results were quite adjusted and participation was very few. Only 45 people from both schools voted, but we really acknowledge all the participants, in both school communities, who did it for having found a little time to vote and participate in our project. THANKS A BUNCH!<\/strong><\/p>\n<p><em>Com podeu comprovar a dalt, els resultats van ser bastant ajustats i la participaci\u00f3 va ser molt poca. Nom\u00e9s 45 persones d&#8217;ambdues escoles van votar, per\u00f2 estem realment agra\u00efts amb tots els participants, d&#8217;ambdues comunitats escolars, que ho vau fer, per haver trobat una estoneta per votar i participar en el nostre projecte. MOLT\u00cdSSIMES GR\u00c0CIES!<\/em><\/p>\n<h2 style=\"text-align: center;\">ARE YOU EAGER TO KNOW<\/h2>\n<h2 style=\"text-align: center;\">WHICH LOGO IS NUMBER 7?<\/h2>\n<p style=\"text-align: center;\"><em>TENIU GANES DE SABER QUIN LOGO \u00c9S EL N\u00daMERO 7?<\/em><\/p>\n<p><a href=\"https:\/\/agora.xtec.cat\/esc-la-cabana\/wp-content\/uploads\/usu849\/2021\/12\/TACHAN-GIF.gif\"><img loading=\"lazy\" decoding=\"async\" class=\"size-full wp-image-18308 aligncenter\" src=\"https:\/\/agora.xtec.cat\/esc-la-cabana\/wp-content\/uploads\/usu849\/2021\/12\/TACHAN-GIF.gif\" alt=\"\" width=\"498\" height=\"498\" \/><\/a><\/p>\n<p style=\"text-align: center;\"><strong>HERE IT IS!!! <\/strong><em>AQU\u00cd EL TENIU!<\/em><\/p>\n<p><a href=\"https:\/\/agora.xtec.cat\/esc-la-cabana\/wp-content\/uploads\/usu849\/2023\/06\/Logo-Owls.jpg\"><img loading=\"lazy\" decoding=\"async\" class=\"alignnone size-full wp-image-19687\" src=\"https:\/\/agora.xtec.cat\/esc-la-cabana\/wp-content\/uploads\/usu849\/2023\/06\/Logo-Owls.jpg\" alt=\"\" width=\"967\" height=\"940\" srcset=\"https:\/\/agora.xtec.cat\/esc-la-cabana\/wp-content\/uploads\/usu849\/2023\/06\/Logo-Owls.jpg 967w, https:\/\/agora.xtec.cat\/esc-la-cabana\/wp-content\/uploads\/usu849\/2023\/06\/Logo-Owls-300x292.jpg 300w, https:\/\/agora.xtec.cat\/esc-la-cabana\/wp-content\/uploads\/usu849\/2023\/06\/Logo-Owls-768x747.jpg 768w\" sizes=\"auto, (max-width: 967px) 100vw, 967px\" \/><\/a><\/p>\n<p>&nbsp;<\/p>\n<h1 style=\"text-align: center;\"><a href=\"https:\/\/agora.xtec.cat\/esc-la-cabana\/wp-content\/uploads\/usu849\/2021\/12\/Congratulations.gif\"><img loading=\"lazy\" decoding=\"async\" class=\"alignnone size-full wp-image-18334\" src=\"https:\/\/agora.xtec.cat\/esc-la-cabana\/wp-content\/uploads\/usu849\/2021\/12\/Congratulations.gif\" alt=\"\" width=\"600\" height=\"252\" \/><\/a><\/h1>\n<h1 style=\"text-align: center;\">HATS OFF CONSTELLATIONS&#8217; CLASSROOM IN LA CABANA!!!!!! AWESOME LOGO!<\/h1>\n<p style=\"text-align: center;\"><a href=\"https:\/\/agora.xtec.cat\/esc-la-cabana\/wp-content\/uploads\/usu849\/2021\/12\/Awesome-work.gif\"><img loading=\"lazy\" decoding=\"async\" class=\"alignnone size-full wp-image-18311\" src=\"https:\/\/agora.xtec.cat\/esc-la-cabana\/wp-content\/uploads\/usu849\/2021\/12\/Awesome-work.gif\" alt=\"\" width=\"284\" height=\"164\" \/><\/a><\/p>\n<h1 style=\"text-align: center;\"><em>ENHORABONA CLASSE DE LES CONSTEL\u00b7LACIONS A LA CABANA!!!!<\/em><\/h1>\n<h1 style=\"text-align: center;\"><em>UN LOGO IMPRESSIONANT!<\/em><\/h1>\n<p><a href=\"https:\/\/agora.xtec.cat\/esc-la-cabana\/wp-content\/uploads\/usu849\/2023\/06\/La-Cabana-logo-breaking-news.jpg\"><img loading=\"lazy\" decoding=\"async\" class=\"alignnone size-large wp-image-19685\" src=\"https:\/\/agora.xtec.cat\/esc-la-cabana\/wp-content\/uploads\/usu849\/2023\/06\/La-Cabana-logo-breaking-news-1024x576.jpg\" alt=\"\" width=\"1024\" height=\"576\" srcset=\"https:\/\/agora.xtec.cat\/esc-la-cabana\/wp-content\/uploads\/usu849\/2023\/06\/La-Cabana-logo-breaking-news-1024x576.jpg 1024w, https:\/\/agora.xtec.cat\/esc-la-cabana\/wp-content\/uploads\/usu849\/2023\/06\/La-Cabana-logo-breaking-news-300x169.jpg 300w, https:\/\/agora.xtec.cat\/esc-la-cabana\/wp-content\/uploads\/usu849\/2023\/06\/La-Cabana-logo-breaking-news-768x432.jpg 768w, https:\/\/agora.xtec.cat\/esc-la-cabana\/wp-content\/uploads\/usu849\/2023\/06\/La-Cabana-logo-breaking-news.jpg 1280w\" sizes=\"auto, (max-width: 1024px) 100vw, 1024px\" \/><\/a><\/p>\n<p><strong>This logo will be included everywhere we have been doing related to our &#8220;Weekly Healthy Menu&#8221; eTwinning project.<\/strong><\/p>\n<p><em>Aquest logotip ser\u00e0 incl\u00f2s a tot arreu del que hem estat fent relacionat amb el nostre projecte eTwinning &#8220;Men\u00fa Setmanal Saludable&#8221;.<\/em><\/p>\n<p><strong>Once more, thank you for your collaboration and for making possible this International LOGO contest.<\/strong><\/p>\n<p><em>Una vegada m\u00e9s, gr\u00e0cies per la vostra col\u00b7laboraci\u00f3 i per haver fet possible aquest concurs internacional de logotips.<\/em><\/p>\n<p><strong>And now&#8230; what will be next? <\/strong><em>I ara&#8230; qu\u00e8 vindr\u00e0 a continuaci\u00f3?<\/em><\/p>\n<p><strong><span style=\"text-decoration: underline;\">THE SUMMER COOKING CONTEST!<\/span>! We encourage you to participate to become more and more healthy and&#8230; because you can win a prize! But, a part from that, your photos and videos will help us to create a booklet with all the cooking evidences! So, if you are willing to know which the prize will be, do not hesitate and do your best to participate the more, the better and healthier.<\/strong><\/p>\n<p style=\"text-align: center;\"><strong>HAVE A BALL COOKING!<\/strong><\/p>\n<p>EL CONCURS CULINARI DE L&#8217;ESTIU! Us encoratgem a participar-hi per esdevenir cada vegada m\u00e9s saludables i&#8230; perqu\u00e8 podeu guanyar un premi! Per\u00f2, a part d&#8217;aix\u00f2, les vostres fotos i v\u00eddeos ens ajudaran a crear un llibret amb les vostres evid\u00e8ncies culin\u00e0ries! Per tant, si esteu desitjant saber quin ser\u00e0 el premi, no dubteu i feu el millor per participar quant m\u00e9s, millor i m\u00e9s saludable.<\/p>\n<p style=\"text-align: center;\">A GAUDIR CUINANT!<\/p>\n<p><a href=\"https:\/\/agora.xtec.cat\/esc-la-cabana\/wp-content\/uploads\/usu849\/2023\/06\/Cooking-Contest-Display-Website.jpg\"><img loading=\"lazy\" decoding=\"async\" class=\"size-full wp-image-19688 aligncenter\" src=\"https:\/\/agora.xtec.cat\/esc-la-cabana\/wp-content\/uploads\/usu849\/2023\/06\/Cooking-Contest-Display-Website.jpg\" alt=\"\" width=\"547\" height=\"733\" srcset=\"https:\/\/agora.xtec.cat\/esc-la-cabana\/wp-content\/uploads\/usu849\/2023\/06\/Cooking-Contest-Display-Website.jpg 547w, https:\/\/agora.xtec.cat\/esc-la-cabana\/wp-content\/uploads\/usu849\/2023\/06\/Cooking-Contest-Display-Website-224x300.jpg 224w\" sizes=\"auto, (max-width: 547px) 100vw, 547px\" \/><\/a><\/p>\n<p style=\"text-align: center;\"><strong>SEE YOU IN SEPTEMBER! <\/strong>\/ Ens retrobem al setembre!<\/p>\n","protected":false},"excerpt":{"rendered":"<p>ARE YOU WILLING TO KNOW WHICH LOGO IS THE WINNER?<\/p>\n","protected":false},"author":18,"featured_media":19684,"comment_status":"open","ping_status":"closed","sticky":false,"template":"","format":"standard","meta":{"_bbp_topic_count":0,"_bbp_reply_count":0,"_bbp_total_topic_count":0,"_bbp_total_reply_count":0,"_bbp_voice_count":0,"_bbp_anonymous_reply_count":0,"_bbp_topic_count_hidden":0,"_bbp_reply_count_hidden":0,"_bbp_forum_subforum_count":0,"site-sidebar-layout":"default","site-content-layout":"","ast-site-content-layout":"","site-content-style":"default","site-sidebar-style":"default","ast-global-header-display":"","ast-banner-title-visibility":"","ast-main-header-display":"","ast-hfb-above-header-display":"","ast-hfb-below-header-display":"","ast-hfb-mobile-header-display":"","site-post-title":"","ast-breadcrumbs-content":"","ast-featured-img":"","footer-sml-layout":"","theme-transparent-header-meta":"","adv-header-id-meta":"","stick-header-meta":"","header-above-stick-meta":"","header-main-stick-meta":"","header-below-stick-meta":"","astra-migrate-meta-layouts":"default","ast-page-background-enabled":"default","ast-page-background-meta":{"desktop":{"background-color":"var(--ast-global-color-4)","background-image":"","background-repeat":"repeat","background-position":"center center","background-size":"auto","background-attachment":"scroll","background-type":"","background-media":"","overlay-type":"","overlay-color":"","overlay-opacity":"","overlay-gradient":""},"tablet":{"background-color":"","background-image":"","background-repeat":"repeat","background-position":"center center","background-size":"auto","background-attachment":"scroll","background-type":"","background-media":"","overlay-type":"","overlay-color":"","overlay-opacity":"","overlay-gradient":""},"mobile":{"background-color":"","background-image":"","background-repeat":"repeat","background-position":"center center","background-size":"auto","background-attachment":"scroll","background-type":"","background-media":"","overlay-type":"","overlay-color":"","overlay-opacity":"","overlay-gradient":""}},"ast-content-background-meta":{"desktop":{"background-color":"var(--ast-global-color-5)","background-image":"","background-repeat":"repeat","background-position":"center center","background-size":"auto","background-attachment":"scroll","background-type":"","background-media":"","overlay-type":"","overlay-color":"","overlay-opacity":"","overlay-gradient":""},"tablet":{"background-color":"var(--ast-global-color-5)","background-image":"","background-repeat":"repeat","background-position":"center center","background-size":"auto","background-attachment":"scroll","background-type":"","background-media":"","overlay-type":"","overlay-color":"","overlay-opacity":"","overlay-gradient":""},"mobile":{"background-color":"var(--ast-global-color-5)","background-image":"","background-repeat":"repeat","background-position":"center center","background-size":"auto","background-attachment":"scroll","background-type":"","background-media":"","overlay-type":"","overlay-color":"","overlay-opacity":"","overlay-gradient":""}},"footnotes":""},"categories":[23,12,14,83,1,4,5,355],"tags":[129,106,74,315,102,87],"class_list":["post-19683","post","type-post","status-publish","format-standard","has-post-thumbnail","hentry","category-angles","category-c-m","category-c-s","category-especialitats","category-general","category-portada","category-primaria","category-projecte-etwinning-poland-spain","tag-angles","tag-cicle-mitja","tag-cicle-superior","tag-etwinning","tag-primaria","tag-projectes"],"post_mailing_queue_ids":[],"_links":{"self":[{"href":"https:\/\/agora.xtec.cat\/esc-la-cabana\/wp-json\/wp\/v2\/posts\/19683","targetHints":{"allow":["GET"]}}],"collection":[{"href":"https:\/\/agora.xtec.cat\/esc-la-cabana\/wp-json\/wp\/v2\/posts"}],"about":[{"href":"https:\/\/agora.xtec.cat\/esc-la-cabana\/wp-json\/wp\/v2\/types\/post"}],"author":[{"embeddable":true,"href":"https:\/\/agora.xtec.cat\/esc-la-cabana\/wp-json\/wp\/v2\/users\/18"}],"replies":[{"embeddable":true,"href":"https:\/\/agora.xtec.cat\/esc-la-cabana\/wp-json\/wp\/v2\/comments?post=19683"}],"version-history":[{"count":3,"href":"https:\/\/agora.xtec.cat\/esc-la-cabana\/wp-json\/wp\/v2\/posts\/19683\/revisions"}],"predecessor-version":[{"id":19692,"href":"https:\/\/agora.xtec.cat\/esc-la-cabana\/wp-json\/wp\/v2\/posts\/19683\/revisions\/19692"}],"wp:featuredmedia":[{"embeddable":true,"href":"https:\/\/agora.xtec.cat\/esc-la-cabana\/wp-json\/wp\/v2\/media\/19684"}],"wp:attachment":[{"href":"https:\/\/agora.xtec.cat\/esc-la-cabana\/wp-json\/wp\/v2\/media?parent=19683"}],"wp:term":[{"taxonomy":"category","embeddable":true,"href":"https:\/\/agora.xtec.cat\/esc-la-cabana\/wp-json\/wp\/v2\/categories?post=19683"},{"taxonomy":"post_tag","embeddable":true,"href":"https:\/\/agora.xtec.cat\/esc-la-cabana\/wp-json\/wp\/v2\/tags?post=19683"}],"curies":[{"name":"wp","href":"https:\/\/api.w.org\/{rel}","templated":true}]}}