{"id":19647,"date":"2023-06-16T13:27:31","date_gmt":"2023-06-16T11:27:31","guid":{"rendered":"https:\/\/agora.xtec.cat\/esc-la-cabana\/?p=19647"},"modified":"2023-06-16T13:27:31","modified_gmt":"2023-06-16T11:27:31","slug":"international-logo-contest-everybody-can-vote","status":"publish","type":"post","link":"https:\/\/agora.xtec.cat\/esc-la-cabana\/general\/international-logo-contest-everybody-can-vote\/","title":{"rendered":"INTERNATIONAL LOGO CONTEST: EVERYBODY CAN VOTE!"},"content":{"rendered":"<p><strong><a href=\"https:\/\/agora.xtec.cat\/esc-la-cabana\/wp-content\/uploads\/usu849\/2023\/06\/breaking-news-LOGO-CONTEST.jpg\"><img loading=\"lazy\" decoding=\"async\" class=\" wp-image-19650 alignleft\" src=\"https:\/\/agora.xtec.cat\/esc-la-cabana\/wp-content\/uploads\/usu849\/2023\/06\/breaking-news-LOGO-CONTEST-1024x576.jpg\" alt=\"\" width=\"476\" height=\"268\" srcset=\"https:\/\/agora.xtec.cat\/esc-la-cabana\/wp-content\/uploads\/usu849\/2023\/06\/breaking-news-LOGO-CONTEST-1024x576.jpg 1024w, https:\/\/agora.xtec.cat\/esc-la-cabana\/wp-content\/uploads\/usu849\/2023\/06\/breaking-news-LOGO-CONTEST-300x169.jpg 300w, https:\/\/agora.xtec.cat\/esc-la-cabana\/wp-content\/uploads\/usu849\/2023\/06\/breaking-news-LOGO-CONTEST-768x432.jpg 768w, https:\/\/agora.xtec.cat\/esc-la-cabana\/wp-content\/uploads\/usu849\/2023\/06\/breaking-news-LOGO-CONTEST.jpg 1280w\" sizes=\"auto, (max-width: 476px) 100vw, 476px\" \/><\/a>We are on the final stretch, but we don&#8217;t know yet which logo will represent our &#8220;Weekly Healthy Menu&#8221; Project in the eTwinning platform.<\/strong><\/p>\n<p><em>Estem a la recta final, per\u00f2 encara no sabem quin logo ens representar\u00e0 en el nostre projecte <\/em>&#8220;Weekly Healthy Menu&#8221; <em>a la Plataforma eTwinning.<\/em><\/p>\n<p><strong>So, keep all ready to vote one of our 8 finalists from both schools involved. We will need the collaboration of the whole school community: pupils, teachers and parents.<\/strong><\/p>\n<p><em>Per tant, estigueu tots\/es preparats\/des per votar un dels 8 finalistes d&#8217;ambdues escoles involucrades. Necessitarem la col\u00b7laboraci\u00f3 de tota la comunitat educativa: alumnes, mestres i pares.<\/em><\/p>\n<p><strong>Are you ready?\u00a0<\/strong><em>Esteu preparats i preparades?<\/em><\/p>\n<p><strong>These were all the logos that participated from La Cabana School:<\/strong><\/p>\n<p>Aquest s\u00f3n tots els logos que van participar de l&#8217;escola La Cabana:<\/p>\n<p><a href=\"https:\/\/agora.xtec.cat\/esc-la-cabana\/wp-content\/uploads\/usu849\/2023\/06\/14.jpg\"><img loading=\"lazy\" decoding=\"async\" class=\"alignnone size-large wp-image-19655\" src=\"https:\/\/agora.xtec.cat\/esc-la-cabana\/wp-content\/uploads\/usu849\/2023\/06\/14-1024x819.jpg\" alt=\"\" width=\"1024\" height=\"819\" srcset=\"https:\/\/agora.xtec.cat\/esc-la-cabana\/wp-content\/uploads\/usu849\/2023\/06\/14-1024x819.jpg 1024w, https:\/\/agora.xtec.cat\/esc-la-cabana\/wp-content\/uploads\/usu849\/2023\/06\/14-300x240.jpg 300w, https:\/\/agora.xtec.cat\/esc-la-cabana\/wp-content\/uploads\/usu849\/2023\/06\/14-768x614.jpg 768w, https:\/\/agora.xtec.cat\/esc-la-cabana\/wp-content\/uploads\/usu849\/2023\/06\/14-1536x1229.jpg 1536w, https:\/\/agora.xtec.cat\/esc-la-cabana\/wp-content\/uploads\/usu849\/2023\/06\/14.jpg 2000w\" sizes=\"auto, (max-width: 1024px) 100vw, 1024px\" \/><\/a> <a href=\"https:\/\/agora.xtec.cat\/esc-la-cabana\/wp-content\/uploads\/usu849\/2023\/06\/15.jpg\"><img loading=\"lazy\" decoding=\"async\" class=\"alignnone size-large wp-image-19656\" src=\"https:\/\/agora.xtec.cat\/esc-la-cabana\/wp-content\/uploads\/usu849\/2023\/06\/15-1024x819.jpg\" alt=\"\" width=\"1024\" height=\"819\" srcset=\"https:\/\/agora.xtec.cat\/esc-la-cabana\/wp-content\/uploads\/usu849\/2023\/06\/15-1024x819.jpg 1024w, https:\/\/agora.xtec.cat\/esc-la-cabana\/wp-content\/uploads\/usu849\/2023\/06\/15-300x240.jpg 300w, https:\/\/agora.xtec.cat\/esc-la-cabana\/wp-content\/uploads\/usu849\/2023\/06\/15-768x614.jpg 768w, https:\/\/agora.xtec.cat\/esc-la-cabana\/wp-content\/uploads\/usu849\/2023\/06\/15-1536x1229.jpg 1536w, https:\/\/agora.xtec.cat\/esc-la-cabana\/wp-content\/uploads\/usu849\/2023\/06\/15.jpg 2000w\" sizes=\"auto, (max-width: 1024px) 100vw, 1024px\" \/><\/a> <a href=\"https:\/\/agora.xtec.cat\/esc-la-cabana\/wp-content\/uploads\/usu849\/2023\/06\/6.jpg\"><img loading=\"lazy\" decoding=\"async\" class=\"alignnone size-large wp-image-19654\" src=\"https:\/\/agora.xtec.cat\/esc-la-cabana\/wp-content\/uploads\/usu849\/2023\/06\/6-1024x819.jpg\" alt=\"\" width=\"1024\" height=\"819\" srcset=\"https:\/\/agora.xtec.cat\/esc-la-cabana\/wp-content\/uploads\/usu849\/2023\/06\/6-1024x819.jpg 1024w, https:\/\/agora.xtec.cat\/esc-la-cabana\/wp-content\/uploads\/usu849\/2023\/06\/6-300x240.jpg 300w, https:\/\/agora.xtec.cat\/esc-la-cabana\/wp-content\/uploads\/usu849\/2023\/06\/6-768x614.jpg 768w, https:\/\/agora.xtec.cat\/esc-la-cabana\/wp-content\/uploads\/usu849\/2023\/06\/6-1536x1229.jpg 1536w, https:\/\/agora.xtec.cat\/esc-la-cabana\/wp-content\/uploads\/usu849\/2023\/06\/6.jpg 2000w\" sizes=\"auto, (max-width: 1024px) 100vw, 1024px\" \/><\/a> <a href=\"https:\/\/agora.xtec.cat\/esc-la-cabana\/wp-content\/uploads\/usu849\/2023\/06\/5.jpg\"><img loading=\"lazy\" decoding=\"async\" class=\"alignnone size-large wp-image-19653\" src=\"https:\/\/agora.xtec.cat\/esc-la-cabana\/wp-content\/uploads\/usu849\/2023\/06\/5-1024x819.jpg\" alt=\"\" width=\"1024\" height=\"819\" srcset=\"https:\/\/agora.xtec.cat\/esc-la-cabana\/wp-content\/uploads\/usu849\/2023\/06\/5-1024x819.jpg 1024w, https:\/\/agora.xtec.cat\/esc-la-cabana\/wp-content\/uploads\/usu849\/2023\/06\/5-300x240.jpg 300w, https:\/\/agora.xtec.cat\/esc-la-cabana\/wp-content\/uploads\/usu849\/2023\/06\/5-768x614.jpg 768w, https:\/\/agora.xtec.cat\/esc-la-cabana\/wp-content\/uploads\/usu849\/2023\/06\/5-1536x1229.jpg 1536w, https:\/\/agora.xtec.cat\/esc-la-cabana\/wp-content\/uploads\/usu849\/2023\/06\/5.jpg 2000w\" sizes=\"auto, (max-width: 1024px) 100vw, 1024px\" \/><\/a><\/p>\n<h1><strong>After an internal votation, <\/strong><strong>these were the 8 logos that are in the final: <\/strong><\/h1>\n<p><em>Despr\u00e9s d&#8217;una votaci\u00f3 interna, aquest s\u00f3n els 8 logos que han arribat a la final:<\/em><\/p>\n<h3><a href=\"https:\/\/agora.xtec.cat\/esc-la-cabana\/wp-content\/uploads\/usu849\/2023\/06\/4-finalist-in-La-cabana-2.jpg\"><img loading=\"lazy\" decoding=\"async\" class=\"alignnone size-large wp-image-19651\" src=\"https:\/\/agora.xtec.cat\/esc-la-cabana\/wp-content\/uploads\/usu849\/2023\/06\/4-finalist-in-La-cabana-2-1024x819.jpg\" alt=\"\" width=\"1024\" height=\"819\" srcset=\"https:\/\/agora.xtec.cat\/esc-la-cabana\/wp-content\/uploads\/usu849\/2023\/06\/4-finalist-in-La-cabana-2-1024x819.jpg 1024w, https:\/\/agora.xtec.cat\/esc-la-cabana\/wp-content\/uploads\/usu849\/2023\/06\/4-finalist-in-La-cabana-2-300x240.jpg 300w, https:\/\/agora.xtec.cat\/esc-la-cabana\/wp-content\/uploads\/usu849\/2023\/06\/4-finalist-in-La-cabana-2-768x614.jpg 768w, https:\/\/agora.xtec.cat\/esc-la-cabana\/wp-content\/uploads\/usu849\/2023\/06\/4-finalist-in-La-cabana-2-1536x1229.jpg 1536w, https:\/\/agora.xtec.cat\/esc-la-cabana\/wp-content\/uploads\/usu849\/2023\/06\/4-finalist-in-La-cabana-2.jpg 2000w\" sizes=\"auto, (max-width: 1024px) 100vw, 1024px\" \/><\/a> <a href=\"https:\/\/agora.xtec.cat\/esc-la-cabana\/wp-content\/uploads\/usu849\/2023\/06\/4-finalist-in-La-cabana.jpg\"><img loading=\"lazy\" decoding=\"async\" class=\"alignnone size-large wp-image-19652 aligncenter\" src=\"https:\/\/agora.xtec.cat\/esc-la-cabana\/wp-content\/uploads\/usu849\/2023\/06\/4-finalist-in-La-cabana-1024x819.jpg\" alt=\"\" width=\"1024\" height=\"819\" srcset=\"https:\/\/agora.xtec.cat\/esc-la-cabana\/wp-content\/uploads\/usu849\/2023\/06\/4-finalist-in-La-cabana-1024x819.jpg 1024w, https:\/\/agora.xtec.cat\/esc-la-cabana\/wp-content\/uploads\/usu849\/2023\/06\/4-finalist-in-La-cabana-300x240.jpg 300w, https:\/\/agora.xtec.cat\/esc-la-cabana\/wp-content\/uploads\/usu849\/2023\/06\/4-finalist-in-La-cabana-768x614.jpg 768w, https:\/\/agora.xtec.cat\/esc-la-cabana\/wp-content\/uploads\/usu849\/2023\/06\/4-finalist-in-La-cabana-1536x1229.jpg 1536w, https:\/\/agora.xtec.cat\/esc-la-cabana\/wp-content\/uploads\/usu849\/2023\/06\/4-finalist-in-La-cabana.jpg 2000w\" sizes=\"auto, (max-width: 1024px) 100vw, 1024px\" \/><\/a><\/h3>\n<h3 style=\"text-align: center;\"><strong>HATS OFF CHILDREN!<\/strong><\/h3>\n<h6 style=\"text-align: center;\"><em>ENHORABONA NENS I NENES!<\/em><\/h6>\n<h3>Teachers in both schools are really chuffed with the final results. Indeed, it has been really difficult to choose the finalists and now, as you can see, it will be tough work to decide for one winner; since all the participants are already winners and deserved the final recognition.<\/h3>\n<p><em>Les mestres d&#8217;ambdues escoles estem encantades amb els resultats finals. En efecte, ha estat molt dif\u00edcil escollir els\/les finalistes i ara, com podeu veure, ser\u00e0 una tasca molt dura decidir un\/a guanyador\/a; ja que tots els i les participants ja sou realment guanyadors\/es i us mereixieu el reconeixement final.<\/em><\/p>\n<h3>However, that\u2019s life and we have to proceed for the final step in this contest.<\/h3>\n<p><em>Amb tot, la vida \u00e9s aix\u00ed i hem de procedir al pas final del concurs.<\/em><\/p>\n<h3 style=\"text-align: center;\"><strong>What is next?<\/strong><\/h3>\n<p style=\"text-align: center;\"><em>Qu\u00e8 toca ara?<\/em><\/p>\n<h3><span style=\"text-decoration: underline;\">From NOW on and until Tuesday 20<sup>th<\/sup> June AT MIDDAY,<\/span> the whole school community can vote for the best logo, bearing in mind the stablished criteria.<\/h3>\n<p><em><span style=\"text-decoration: underline;\">A partir d&#8217;ara i fins dimarts 20 de juny AL MIGDIA<\/span>, tota la comunitat educativa podr\u00e0 votar el millor logo, tenint en compte els criteris establerts.<\/em><\/p>\n<p><strong>Here you have the <span style=\"text-decoration: underline;\">criteria<\/span>, please be honest and vote following them to be as much objective as possible:<\/strong><\/p>\n<p>Aqu\u00ed teniu els <span style=\"text-decoration: underline;\">criteris<\/span>, si us plau, sigueu honestos i voteu seguint-los per ser al m\u00e9s objectius possible:<\/p>\n<p><a href=\"https:\/\/agora.xtec.cat\/esc-la-cabana\/wp-content\/uploads\/usu849\/2023\/06\/Logo-Criteria-Catalan.jpg\"><img loading=\"lazy\" decoding=\"async\" class=\"alignnone size-full wp-image-19660\" src=\"https:\/\/agora.xtec.cat\/esc-la-cabana\/wp-content\/uploads\/usu849\/2023\/06\/Logo-Criteria-Catalan.jpg\" alt=\"\" width=\"1024\" height=\"768\" srcset=\"https:\/\/agora.xtec.cat\/esc-la-cabana\/wp-content\/uploads\/usu849\/2023\/06\/Logo-Criteria-Catalan.jpg 1024w, https:\/\/agora.xtec.cat\/esc-la-cabana\/wp-content\/uploads\/usu849\/2023\/06\/Logo-Criteria-Catalan-300x225.jpg 300w, https:\/\/agora.xtec.cat\/esc-la-cabana\/wp-content\/uploads\/usu849\/2023\/06\/Logo-Criteria-Catalan-768x576.jpg 768w, https:\/\/agora.xtec.cat\/esc-la-cabana\/wp-content\/uploads\/usu849\/2023\/06\/Logo-Criteria-Catalan-200x150.jpg 200w\" sizes=\"auto, (max-width: 1024px) 100vw, 1024px\" \/><\/a><\/p>\n<p><a href=\"https:\/\/agora.xtec.cat\/esc-la-cabana\/wp-content\/uploads\/usu849\/2023\/06\/Logo-Criteria-English.jpg\"><img loading=\"lazy\" decoding=\"async\" class=\"alignnone size-full wp-image-19661\" src=\"https:\/\/agora.xtec.cat\/esc-la-cabana\/wp-content\/uploads\/usu849\/2023\/06\/Logo-Criteria-English.jpg\" alt=\"\" width=\"1024\" height=\"768\" srcset=\"https:\/\/agora.xtec.cat\/esc-la-cabana\/wp-content\/uploads\/usu849\/2023\/06\/Logo-Criteria-English.jpg 1024w, https:\/\/agora.xtec.cat\/esc-la-cabana\/wp-content\/uploads\/usu849\/2023\/06\/Logo-Criteria-English-300x225.jpg 300w, https:\/\/agora.xtec.cat\/esc-la-cabana\/wp-content\/uploads\/usu849\/2023\/06\/Logo-Criteria-English-768x576.jpg 768w, https:\/\/agora.xtec.cat\/esc-la-cabana\/wp-content\/uploads\/usu849\/2023\/06\/Logo-Criteria-English-200x150.jpg 200w\" sizes=\"auto, (max-width: 1024px) 100vw, 1024px\" \/><\/a><\/p>\n<p>&nbsp;<\/p>\n<h1><strong>LUCK IS ON ITS SITE! CLICK HERE TO VOTE!<\/strong><\/h1>\n<p><em>MOLTA SORT! CLIQUEU AQU\u00cd PER VOTAR!<\/em><\/p>\n<h2 style=\"text-align: center;\"><span style=\"text-decoration: underline;\"><a href=\"https:\/\/forms.gle\/z1UBjVumELTSxQCr7\" target=\"_blank\" rel=\"noopener\">GOOGLE FORM<\/a><\/span><\/h2>\n<p>&nbsp;<\/p>\n<h3>Thanks a bunch for your participation and your time!<\/h3>\n<p><em>Molt\u00edssimes gr\u00e0cies per la vostra participaci\u00f3 i el vostre temps!<\/em><\/p>\n<p>&nbsp;<\/p>\n<h3>On the 22nd June, that is, the last day before finishing the school, we will communicate the winner.<\/h3>\n<p><em>El dia 22 de juny, \u00e9s a dir, el darrer dia abans d&#8217;acabar l&#8217;escola, comunicarem el guanyador o la guanyadora.<\/em><\/p>\n","protected":false},"excerpt":{"rendered":"<p>ARE YOU READY TO VOTE?<\/p>\n","protected":false},"author":18,"featured_media":19650,"comment_status":"open","ping_status":"closed","sticky":false,"template":"","format":"standard","meta":{"_bbp_topic_count":0,"_bbp_reply_count":0,"_bbp_total_topic_count":0,"_bbp_total_reply_count":0,"_bbp_voice_count":0,"_bbp_anonymous_reply_count":0,"_bbp_topic_count_hidden":0,"_bbp_reply_count_hidden":0,"_bbp_forum_subforum_count":0,"site-sidebar-layout":"default","site-content-layout":"","ast-site-content-layout":"","site-content-style":"default","site-sidebar-style":"default","ast-global-header-display":"","ast-banner-title-visibility":"","ast-main-header-display":"","ast-hfb-above-header-display":"","ast-hfb-below-header-display":"","ast-hfb-mobile-header-display":"","site-post-title":"","ast-breadcrumbs-content":"","ast-featured-img":"","footer-sml-layout":"","theme-transparent-header-meta":"","adv-header-id-meta":"","stick-header-meta":"","header-above-stick-meta":"","header-main-stick-meta":"","header-below-stick-meta":"","astra-migrate-meta-layouts":"default","ast-page-background-enabled":"default","ast-page-background-meta":{"desktop":{"background-color":"var(--ast-global-color-4)","background-image":"","background-repeat":"repeat","background-position":"center center","background-size":"auto","background-attachment":"scroll","background-type":"","background-media":"","overlay-type":"","overlay-color":"","overlay-opacity":"","overlay-gradient":""},"tablet":{"background-color":"","background-image":"","background-repeat":"repeat","background-position":"center center","background-size":"auto","background-attachment":"scroll","background-type":"","background-media":"","overlay-type":"","overlay-color":"","overlay-opacity":"","overlay-gradient":""},"mobile":{"background-color":"","background-image":"","background-repeat":"repeat","background-position":"center center","background-size":"auto","background-attachment":"scroll","background-type":"","background-media":"","overlay-type":"","overlay-color":"","overlay-opacity":"","overlay-gradient":""}},"ast-content-background-meta":{"desktop":{"background-color":"var(--ast-global-color-5)","background-image":"","background-repeat":"repeat","background-position":"center center","background-size":"auto","background-attachment":"scroll","background-type":"","background-media":"","overlay-type":"","overlay-color":"","overlay-opacity":"","overlay-gradient":""},"tablet":{"background-color":"var(--ast-global-color-5)","background-image":"","background-repeat":"repeat","background-position":"center center","background-size":"auto","background-attachment":"scroll","background-type":"","background-media":"","overlay-type":"","overlay-color":"","overlay-opacity":"","overlay-gradient":""},"mobile":{"background-color":"var(--ast-global-color-5)","background-image":"","background-repeat":"repeat","background-position":"center center","background-size":"auto","background-attachment":"scroll","background-type":"","background-media":"","overlay-type":"","overlay-color":"","overlay-opacity":"","overlay-gradient":""}},"footnotes":""},"categories":[23,12,14,83,1,4,5,355],"tags":[129,106,74,315,102,87],"class_list":["post-19647","post","type-post","status-publish","format-standard","has-post-thumbnail","hentry","category-angles","category-c-m","category-c-s","category-especialitats","category-general","category-portada","category-primaria","category-projecte-etwinning-poland-spain","tag-angles","tag-cicle-mitja","tag-cicle-superior","tag-etwinning","tag-primaria","tag-projectes"],"post_mailing_queue_ids":[],"_links":{"self":[{"href":"https:\/\/agora.xtec.cat\/esc-la-cabana\/wp-json\/wp\/v2\/posts\/19647","targetHints":{"allow":["GET"]}}],"collection":[{"href":"https:\/\/agora.xtec.cat\/esc-la-cabana\/wp-json\/wp\/v2\/posts"}],"about":[{"href":"https:\/\/agora.xtec.cat\/esc-la-cabana\/wp-json\/wp\/v2\/types\/post"}],"author":[{"embeddable":true,"href":"https:\/\/agora.xtec.cat\/esc-la-cabana\/wp-json\/wp\/v2\/users\/18"}],"replies":[{"embeddable":true,"href":"https:\/\/agora.xtec.cat\/esc-la-cabana\/wp-json\/wp\/v2\/comments?post=19647"}],"version-history":[{"count":3,"href":"https:\/\/agora.xtec.cat\/esc-la-cabana\/wp-json\/wp\/v2\/posts\/19647\/revisions"}],"predecessor-version":[{"id":19664,"href":"https:\/\/agora.xtec.cat\/esc-la-cabana\/wp-json\/wp\/v2\/posts\/19647\/revisions\/19664"}],"wp:featuredmedia":[{"embeddable":true,"href":"https:\/\/agora.xtec.cat\/esc-la-cabana\/wp-json\/wp\/v2\/media\/19650"}],"wp:attachment":[{"href":"https:\/\/agora.xtec.cat\/esc-la-cabana\/wp-json\/wp\/v2\/media?parent=19647"}],"wp:term":[{"taxonomy":"category","embeddable":true,"href":"https:\/\/agora.xtec.cat\/esc-la-cabana\/wp-json\/wp\/v2\/categories?post=19647"},{"taxonomy":"post_tag","embeddable":true,"href":"https:\/\/agora.xtec.cat\/esc-la-cabana\/wp-json\/wp\/v2\/tags?post=19647"}],"curies":[{"name":"wp","href":"https:\/\/api.w.org\/{rel}","templated":true}]}}