{"id":19453,"date":"2023-03-13T11:34:44","date_gmt":"2023-03-13T10:34:44","guid":{"rendered":"https:\/\/agora.xtec.cat\/esc-la-cabana\/?p=19453"},"modified":"2023-03-13T11:40:58","modified_gmt":"2023-03-13T10:40:58","slug":"segona-jornada-pedagogica","status":"publish","type":"post","link":"https:\/\/agora.xtec.cat\/esc-la-cabana\/general\/segona-jornada-pedagogica\/","title":{"rendered":"SEGONA JORNADA PEDAG\u00d2GICA"},"content":{"rendered":"<h3 style=\"text-align: center;\"><strong><span style=\"color: #339966;\">Una jornada participativa, din\u00e0mica, pr\u00e0ctica!<\/span><\/strong><\/h3>\n<p>La Jornada ha tingut com a centre d\u00b4inter\u00e8s INNOVAMAT, i les fam\u00edlies de cicle mitj\u00e0 han pogut endinsar-se i con\u00e8ixer una mica m\u00e9s a fons aquesta proposta metodol\u00f2gica referent a l&#8217;\u00e0mbit matem\u00e0tic.<\/p>\n<p><img loading=\"lazy\" decoding=\"async\" class=\"aligncenter wp-image-19462\" src=\"https:\/\/agora.xtec.cat\/esc-la-cabana\/wp-content\/uploads\/usu849\/2023\/03\/Campana-para-Recaudar-Fondos-Reciclando-Poster-1-212x300.jpg\" alt=\"\" width=\"521\" height=\"738\" srcset=\"https:\/\/agora.xtec.cat\/esc-la-cabana\/wp-content\/uploads\/usu849\/2023\/03\/Campana-para-Recaudar-Fondos-Reciclando-Poster-1-212x300.jpg 212w, https:\/\/agora.xtec.cat\/esc-la-cabana\/wp-content\/uploads\/usu849\/2023\/03\/Campana-para-Recaudar-Fondos-Reciclando-Poster-1-724x1024.jpg 724w, https:\/\/agora.xtec.cat\/esc-la-cabana\/wp-content\/uploads\/usu849\/2023\/03\/Campana-para-Recaudar-Fondos-Reciclando-Poster-1-768x1086.jpg 768w, https:\/\/agora.xtec.cat\/esc-la-cabana\/wp-content\/uploads\/usu849\/2023\/03\/Campana-para-Recaudar-Fondos-Reciclando-Poster-1-1086x1536.jpg 1086w, https:\/\/agora.xtec.cat\/esc-la-cabana\/wp-content\/uploads\/usu849\/2023\/03\/Campana-para-Recaudar-Fondos-Reciclando-Poster-1-1448x2048.jpg 1448w, https:\/\/agora.xtec.cat\/esc-la-cabana\/wp-content\/uploads\/usu849\/2023\/03\/Campana-para-Recaudar-Fondos-Reciclando-Poster-1.jpg 1587w\" sizes=\"auto, (max-width: 521px) 100vw, 521px\" \/><\/p>\n","protected":false},"excerpt":{"rendered":"<p>Segona jornada pedag\u00f2gica a La Cabana.<\/p>\n","protected":false},"author":1,"featured_media":19454,"comment_status":"open","ping_status":"closed","sticky":false,"template":"","format":"standard","meta":{"_bbp_topic_count":0,"_bbp_reply_count":0,"_bbp_total_topic_count":0,"_bbp_total_reply_count":0,"_bbp_voice_count":0,"_bbp_anonymous_reply_count":0,"_bbp_topic_count_hidden":0,"_bbp_reply_count_hidden":0,"_bbp_forum_subforum_count":0,"site-sidebar-layout":"default","site-content-layout":"","ast-site-content-layout":"","site-content-style":"default","site-sidebar-style":"default","ast-global-header-display":"","ast-banner-title-visibility":"","ast-main-header-display":"","ast-hfb-above-header-display":"","ast-hfb-below-header-display":"","ast-hfb-mobile-header-display":"","site-post-title":"","ast-breadcrumbs-content":"","ast-featured-img":"","footer-sml-layout":"","theme-transparent-header-meta":"","adv-header-id-meta":"","stick-header-meta":"","header-above-stick-meta":"","header-main-stick-meta":"","header-below-stick-meta":"","astra-migrate-meta-layouts":"default","ast-page-background-enabled":"default","ast-page-background-meta":{"desktop":{"background-color":"var(--ast-global-color-4)","background-image":"","background-repeat":"repeat","background-position":"center center","background-size":"auto","background-attachment":"scroll","background-type":"","background-media":"","overlay-type":"","overlay-color":"","overlay-opacity":"","overlay-gradient":""},"tablet":{"background-color":"","background-image":"","background-repeat":"repeat","background-position":"center center","background-size":"auto","background-attachment":"scroll","background-type":"","background-media":"","overlay-type":"","overlay-color":"","overlay-opacity":"","overlay-gradient":""},"mobile":{"background-color":"","background-image":"","background-repeat":"repeat","background-position":"center center","background-size":"auto","background-attachment":"scroll","background-type":"","background-media":"","overlay-type":"","overlay-color":"","overlay-opacity":"","overlay-gradient":""}},"ast-content-background-meta":{"desktop":{"background-color":"var(--ast-global-color-5)","background-image":"","background-repeat":"repeat","background-position":"center center","background-size":"auto","background-attachment":"scroll","background-type":"","background-media":"","overlay-type":"","overlay-color":"","overlay-opacity":"","overlay-gradient":""},"tablet":{"background-color":"var(--ast-global-color-5)","background-image":"","background-repeat":"repeat","background-position":"center center","background-size":"auto","background-attachment":"scroll","background-type":"","background-media":"","overlay-type":"","overlay-color":"","overlay-opacity":"","overlay-gradient":""},"mobile":{"background-color":"var(--ast-global-color-5)","background-image":"","background-repeat":"repeat","background-position":"center center","background-size":"auto","background-attachment":"scroll","background-type":"","background-media":"","overlay-type":"","overlay-color":"","overlay-opacity":"","overlay-gradient":""}},"footnotes":""},"categories":[1,4],"tags":[106,353,352,162,102],"class_list":["post-19453","post","type-post","status-publish","format-standard","has-post-thumbnail","hentry","category-general","category-portada","tag-cicle-mitja","tag-innovamat","tag-jornada-pedagogica","tag-matematiques","tag-primaria"],"post_mailing_queue_ids":[],"_links":{"self":[{"href":"https:\/\/agora.xtec.cat\/esc-la-cabana\/wp-json\/wp\/v2\/posts\/19453","targetHints":{"allow":["GET"]}}],"collection":[{"href":"https:\/\/agora.xtec.cat\/esc-la-cabana\/wp-json\/wp\/v2\/posts"}],"about":[{"href":"https:\/\/agora.xtec.cat\/esc-la-cabana\/wp-json\/wp\/v2\/types\/post"}],"author":[{"embeddable":true,"href":"https:\/\/agora.xtec.cat\/esc-la-cabana\/wp-json\/wp\/v2\/users\/1"}],"replies":[{"embeddable":true,"href":"https:\/\/agora.xtec.cat\/esc-la-cabana\/wp-json\/wp\/v2\/comments?post=19453"}],"version-history":[{"count":2,"href":"https:\/\/agora.xtec.cat\/esc-la-cabana\/wp-json\/wp\/v2\/posts\/19453\/revisions"}],"predecessor-version":[{"id":19467,"href":"https:\/\/agora.xtec.cat\/esc-la-cabana\/wp-json\/wp\/v2\/posts\/19453\/revisions\/19467"}],"wp:featuredmedia":[{"embeddable":true,"href":"https:\/\/agora.xtec.cat\/esc-la-cabana\/wp-json\/wp\/v2\/media\/19454"}],"wp:attachment":[{"href":"https:\/\/agora.xtec.cat\/esc-la-cabana\/wp-json\/wp\/v2\/media?parent=19453"}],"wp:term":[{"taxonomy":"category","embeddable":true,"href":"https:\/\/agora.xtec.cat\/esc-la-cabana\/wp-json\/wp\/v2\/categories?post=19453"},{"taxonomy":"post_tag","embeddable":true,"href":"https:\/\/agora.xtec.cat\/esc-la-cabana\/wp-json\/wp\/v2\/tags?post=19453"}],"curies":[{"name":"wp","href":"https:\/\/api.w.org\/{rel}","templated":true}]}}