{"id":19417,"date":"2023-02-21T09:22:41","date_gmt":"2023-02-21T08:22:41","guid":{"rendered":"https:\/\/agora.xtec.cat\/esc-la-cabana\/?p=19417"},"modified":"2023-02-21T09:23:08","modified_gmt":"2023-02-21T08:23:08","slug":"concert-del-grup-saxombo","status":"publish","type":"post","link":"https:\/\/agora.xtec.cat\/esc-la-cabana\/general\/concert-del-grup-saxombo\/","title":{"rendered":"Concert del grup Saxomb\u00f3"},"content":{"rendered":"<p>A La Cabana ens plantegem seguir impulsant un model educatiu de relaci\u00f3 i participaci\u00f3 \u00a0amb l&#8217;entorn que connecti aprenentatges, temps, espais i, sobretot, que fomentin moments de compartir entre els diferents agents educatius: FAM\u00cdLIA &amp; ESCOLA &amp; ENTORN.<\/p>\n<p>Fa un temps que un grup de \u201cmotivats\u201d de l\u2019equip de La Cabana cuin\u00e0vem una idea que, podem dir, que ja est\u00e0 arrelada al nostre centre amb la implicaci\u00f3 de l\u2019 Ajuntament, EMAP i l\u2019escola. Ja \u00e9s el segon any que podem oferir una mostra del projecte \u201cSaxomb\u00f3\u201d a les fam\u00edlies i quina millor data que en una setmana de festivitat local.<\/p>\n<p>Cliques al seg\u00fcent enlla\u00e7 per visualitzar un recull de fotografies i algun v\u00eddeos de la jornada.<\/p>\n<p>Esperem que ho disfruteu molt.<\/p>\n<p><a href=\"https:\/\/photos.app.goo.gl\/b1aJPXZte55zb7vm9\">https:\/\/photos.app.goo.gl\/b1aJPXZte55zb7vm9<\/a><\/p>\n","protected":false},"excerpt":{"rendered":"<p>TEQUILA!!!!<\/p>\n","protected":false},"author":1,"featured_media":19422,"comment_status":"open","ping_status":"closed","sticky":false,"template":"","format":"standard","meta":{"_bbp_topic_count":0,"_bbp_reply_count":0,"_bbp_total_topic_count":0,"_bbp_total_reply_count":0,"_bbp_voice_count":0,"_bbp_anonymous_reply_count":0,"_bbp_topic_count_hidden":0,"_bbp_reply_count_hidden":0,"_bbp_forum_subforum_count":0,"site-sidebar-layout":"default","site-content-layout":"","ast-site-content-layout":"","site-content-style":"default","site-sidebar-style":"default","ast-global-header-display":"","ast-banner-title-visibility":"","ast-main-header-display":"","ast-hfb-above-header-display":"","ast-hfb-below-header-display":"","ast-hfb-mobile-header-display":"","site-post-title":"","ast-breadcrumbs-content":"","ast-featured-img":"","footer-sml-layout":"","theme-transparent-header-meta":"","adv-header-id-meta":"","stick-header-meta":"","header-above-stick-meta":"","header-main-stick-meta":"","header-below-stick-meta":"","astra-migrate-meta-layouts":"default","ast-page-background-enabled":"default","ast-page-background-meta":{"desktop":{"background-color":"var(--ast-global-color-4)","background-image":"","background-repeat":"repeat","background-position":"center center","background-size":"auto","background-attachment":"scroll","background-type":"","background-media":"","overlay-type":"","overlay-color":"","overlay-opacity":"","overlay-gradient":""},"tablet":{"background-color":"","background-image":"","background-repeat":"repeat","background-position":"center center","background-size":"auto","background-attachment":"scroll","background-type":"","background-media":"","overlay-type":"","overlay-color":"","overlay-opacity":"","overlay-gradient":""},"mobile":{"background-color":"","background-image":"","background-repeat":"repeat","background-position":"center center","background-size":"auto","background-attachment":"scroll","background-type":"","background-media":"","overlay-type":"","overlay-color":"","overlay-opacity":"","overlay-gradient":""}},"ast-content-background-meta":{"desktop":{"background-color":"var(--ast-global-color-5)","background-image":"","background-repeat":"repeat","background-position":"center center","background-size":"auto","background-attachment":"scroll","background-type":"","background-media":"","overlay-type":"","overlay-color":"","overlay-opacity":"","overlay-gradient":""},"tablet":{"background-color":"var(--ast-global-color-5)","background-image":"","background-repeat":"repeat","background-position":"center center","background-size":"auto","background-attachment":"scroll","background-type":"","background-media":"","overlay-type":"","overlay-color":"","overlay-opacity":"","overlay-gradient":""},"mobile":{"background-color":"var(--ast-global-color-5)","background-image":"","background-repeat":"repeat","background-position":"center center","background-size":"auto","background-attachment":"scroll","background-type":"","background-media":"","overlay-type":"","overlay-color":"","overlay-opacity":"","overlay-gradient":""}},"footnotes":""},"categories":[12,1,25,4,301],"tags":[326,106,300,351,38,145,350,298,297],"class_list":["post-19417","post","type-post","status-publish","format-standard","has-post-thumbnail","hentry","category-c-m","category-general","category-musica","category-portada","category-projecte-musical-a-lescola-la-cabana","tag-ajuntament","tag-cicle-mitja","tag-emap","tag-families","tag-musica","tag-primer-inicial","tag-saxombo","tag-saxos","tag-trombons"],"post_mailing_queue_ids":[],"_links":{"self":[{"href":"https:\/\/agora.xtec.cat\/esc-la-cabana\/wp-json\/wp\/v2\/posts\/19417","targetHints":{"allow":["GET"]}}],"collection":[{"href":"https:\/\/agora.xtec.cat\/esc-la-cabana\/wp-json\/wp\/v2\/posts"}],"about":[{"href":"https:\/\/agora.xtec.cat\/esc-la-cabana\/wp-json\/wp\/v2\/types\/post"}],"author":[{"embeddable":true,"href":"https:\/\/agora.xtec.cat\/esc-la-cabana\/wp-json\/wp\/v2\/users\/1"}],"replies":[{"embeddable":true,"href":"https:\/\/agora.xtec.cat\/esc-la-cabana\/wp-json\/wp\/v2\/comments?post=19417"}],"version-history":[{"count":3,"href":"https:\/\/agora.xtec.cat\/esc-la-cabana\/wp-json\/wp\/v2\/posts\/19417\/revisions"}],"predecessor-version":[{"id":19424,"href":"https:\/\/agora.xtec.cat\/esc-la-cabana\/wp-json\/wp\/v2\/posts\/19417\/revisions\/19424"}],"wp:featuredmedia":[{"embeddable":true,"href":"https:\/\/agora.xtec.cat\/esc-la-cabana\/wp-json\/wp\/v2\/media\/19422"}],"wp:attachment":[{"href":"https:\/\/agora.xtec.cat\/esc-la-cabana\/wp-json\/wp\/v2\/media?parent=19417"}],"wp:term":[{"taxonomy":"category","embeddable":true,"href":"https:\/\/agora.xtec.cat\/esc-la-cabana\/wp-json\/wp\/v2\/categories?post=19417"},{"taxonomy":"post_tag","embeddable":true,"href":"https:\/\/agora.xtec.cat\/esc-la-cabana\/wp-json\/wp\/v2\/tags?post=19417"}],"curies":[{"name":"wp","href":"https:\/\/api.w.org\/{rel}","templated":true}]}}