{"id":19294,"date":"2022-12-15T10:55:06","date_gmt":"2022-12-15T09:55:06","guid":{"rendered":"https:\/\/agora.xtec.cat\/esc-la-cabana\/?p=19294"},"modified":"2022-12-15T12:30:11","modified_gmt":"2022-12-15T11:30:11","slug":"menu-artistic-2022","status":"publish","type":"post","link":"https:\/\/agora.xtec.cat\/esc-la-cabana\/general\/menu-artistic-2022\/","title":{"rendered":"MEN\u00da ART\u00cdSTIC 2022"},"content":{"rendered":"<p>Benvolguda fam\u00edlia,<\/p>\n<p>Estem a punt de finalitzar el primer trimestre i volem fer-ho compartint un moment tots junts. Ens trobarem el proper dimarts 20 de desembre al Centre Cultural i L\u00fadic.<\/p>\n<p>L&#8217;obertura de portes per a les fam\u00edlies ser\u00e0 a les 15:15h.<\/p>\n<p>Tot l&#8217;alumnat anir\u00e0 junt des de l&#8217;escola, acompanyats per l&#8217;equip docent (tant l&#8217;alumnat que es queda al menjador com el que va a casa a dinar).<\/p>\n<p>Quan acabin les actuacions, primer sortiran les fam\u00edlies i a continuaci\u00f3 l&#8217;alumnat, que sortir\u00e0 per diferents portes: CM i CS per la porta principal i Infantil i Cicle Inicial per les portes laterals.<\/p>\n<p>Per aquest dia us demanem que els infants vinguin vestits amb pantal\u00f3\/faldilla fosc\/a i una part de dalt llisa, i si pot ser d&#8217;un color viu (blanc, vermell, blau, verd&#8230;.)<\/p>\n<p>A continuaci\u00f3, us adjuntem el men\u00fa musical i po\u00e8tic d&#8217;enguany per anar fent un tastet.<\/p>\n<p>Moltes gr\u00e0cies.<\/p>\n<p>Us hi esperem!!<\/p>\n<p>Equip La Cabana<\/p>\n<p>&nbsp;<\/p>\n<p><img loading=\"lazy\" decoding=\"async\" class=\"aligncenter wp-image-19295\" src=\"https:\/\/agora.xtec.cat\/esc-la-cabana\/wp-content\/uploads\/usu849\/2022\/12\/Menu-artistic-La-Cabana-2022-1-212x300.jpg\" alt=\"\" width=\"402\" height=\"569\" srcset=\"https:\/\/agora.xtec.cat\/esc-la-cabana\/wp-content\/uploads\/usu849\/2022\/12\/Menu-artistic-La-Cabana-2022-1-212x300.jpg 212w, https:\/\/agora.xtec.cat\/esc-la-cabana\/wp-content\/uploads\/usu849\/2022\/12\/Menu-artistic-La-Cabana-2022-1-724x1024.jpg 724w, https:\/\/agora.xtec.cat\/esc-la-cabana\/wp-content\/uploads\/usu849\/2022\/12\/Menu-artistic-La-Cabana-2022-1-768x1086.jpg 768w, https:\/\/agora.xtec.cat\/esc-la-cabana\/wp-content\/uploads\/usu849\/2022\/12\/Menu-artistic-La-Cabana-2022-1-1086x1536.jpg 1086w, https:\/\/agora.xtec.cat\/esc-la-cabana\/wp-content\/uploads\/usu849\/2022\/12\/Menu-artistic-La-Cabana-2022-1.jpg 1414w\" sizes=\"auto, (max-width: 402px) 100vw, 402px\" \/><\/p>\n","protected":false},"excerpt":{"rendered":"<p>TOT A PUNT PER COMPARTIR UN MOMENT MUSICAL!!<\/p>\n","protected":false},"author":1,"featured_media":19296,"comment_status":"open","ping_status":"closed","sticky":false,"template":"","format":"standard","meta":{"_bbp_topic_count":0,"_bbp_reply_count":0,"_bbp_total_topic_count":0,"_bbp_total_reply_count":0,"_bbp_voice_count":0,"_bbp_anonymous_reply_count":0,"_bbp_topic_count_hidden":0,"_bbp_reply_count_hidden":0,"_bbp_forum_subforum_count":0,"site-sidebar-layout":"default","site-content-layout":"","ast-site-content-layout":"","site-content-style":"default","site-sidebar-style":"default","ast-global-header-display":"","ast-banner-title-visibility":"","ast-main-header-display":"","ast-hfb-above-header-display":"","ast-hfb-below-header-display":"","ast-hfb-mobile-header-display":"","site-post-title":"","ast-breadcrumbs-content":"","ast-featured-img":"","footer-sml-layout":"","theme-transparent-header-meta":"","adv-header-id-meta":"","stick-header-meta":"","header-above-stick-meta":"","header-main-stick-meta":"","header-below-stick-meta":"","astra-migrate-meta-layouts":"default","ast-page-background-enabled":"default","ast-page-background-meta":{"desktop":{"background-color":"var(--ast-global-color-4)","background-image":"","background-repeat":"repeat","background-position":"center center","background-size":"auto","background-attachment":"scroll","background-type":"","background-media":"","overlay-type":"","overlay-color":"","overlay-opacity":"","overlay-gradient":""},"tablet":{"background-color":"","background-image":"","background-repeat":"repeat","background-position":"center center","background-size":"auto","background-attachment":"scroll","background-type":"","background-media":"","overlay-type":"","overlay-color":"","overlay-opacity":"","overlay-gradient":""},"mobile":{"background-color":"","background-image":"","background-repeat":"repeat","background-position":"center center","background-size":"auto","background-attachment":"scroll","background-type":"","background-media":"","overlay-type":"","overlay-color":"","overlay-opacity":"","overlay-gradient":""}},"ast-content-background-meta":{"desktop":{"background-color":"var(--ast-global-color-5)","background-image":"","background-repeat":"repeat","background-position":"center center","background-size":"auto","background-attachment":"scroll","background-type":"","background-media":"","overlay-type":"","overlay-color":"","overlay-opacity":"","overlay-gradient":""},"tablet":{"background-color":"var(--ast-global-color-5)","background-image":"","background-repeat":"repeat","background-position":"center center","background-size":"auto","background-attachment":"scroll","background-type":"","background-media":"","overlay-type":"","overlay-color":"","overlay-opacity":"","overlay-gradient":""},"mobile":{"background-color":"var(--ast-global-color-5)","background-image":"","background-repeat":"repeat","background-position":"center center","background-size":"auto","background-attachment":"scroll","background-type":"","background-media":"","overlay-type":"","overlay-color":"","overlay-opacity":"","overlay-gradient":""}},"footnotes":""},"categories":[1,4],"tags":[106,74,70,82,85,38,86,102,145],"class_list":["post-19294","post","type-post","status-publish","format-standard","has-post-thumbnail","hentry","category-general","category-portada","tag-cicle-mitja","tag-cicle-superior","tag-educacio-infantil","tag-festes","tag-festival","tag-musica","tag-nadal","tag-primaria","tag-primer-inicial"],"post_mailing_queue_ids":[],"_links":{"self":[{"href":"https:\/\/agora.xtec.cat\/esc-la-cabana\/wp-json\/wp\/v2\/posts\/19294","targetHints":{"allow":["GET"]}}],"collection":[{"href":"https:\/\/agora.xtec.cat\/esc-la-cabana\/wp-json\/wp\/v2\/posts"}],"about":[{"href":"https:\/\/agora.xtec.cat\/esc-la-cabana\/wp-json\/wp\/v2\/types\/post"}],"author":[{"embeddable":true,"href":"https:\/\/agora.xtec.cat\/esc-la-cabana\/wp-json\/wp\/v2\/users\/1"}],"replies":[{"embeddable":true,"href":"https:\/\/agora.xtec.cat\/esc-la-cabana\/wp-json\/wp\/v2\/comments?post=19294"}],"version-history":[{"count":3,"href":"https:\/\/agora.xtec.cat\/esc-la-cabana\/wp-json\/wp\/v2\/posts\/19294\/revisions"}],"predecessor-version":[{"id":19301,"href":"https:\/\/agora.xtec.cat\/esc-la-cabana\/wp-json\/wp\/v2\/posts\/19294\/revisions\/19301"}],"wp:featuredmedia":[{"embeddable":true,"href":"https:\/\/agora.xtec.cat\/esc-la-cabana\/wp-json\/wp\/v2\/media\/19296"}],"wp:attachment":[{"href":"https:\/\/agora.xtec.cat\/esc-la-cabana\/wp-json\/wp\/v2\/media?parent=19294"}],"wp:term":[{"taxonomy":"category","embeddable":true,"href":"https:\/\/agora.xtec.cat\/esc-la-cabana\/wp-json\/wp\/v2\/categories?post=19294"},{"taxonomy":"post_tag","embeddable":true,"href":"https:\/\/agora.xtec.cat\/esc-la-cabana\/wp-json\/wp\/v2\/tags?post=19294"}],"curies":[{"name":"wp","href":"https:\/\/api.w.org\/{rel}","templated":true}]}}