{"id":19176,"date":"2022-11-09T15:02:04","date_gmt":"2022-11-09T14:02:04","guid":{"rendered":"https:\/\/agora.xtec.cat\/esc-la-cabana\/?p=19176"},"modified":"2022-11-09T15:14:51","modified_gmt":"2022-11-09T14:14:51","slug":"novetat-artpati","status":"publish","type":"post","link":"https:\/\/agora.xtec.cat\/esc-la-cabana\/general\/novetat-artpati\/","title":{"rendered":"ARTPATI"},"content":{"rendered":"<p style=\"text-align: center;\">Obrim espais a l&#8217; estona del pati.<\/p>\n<div class=\"general-text\">\n<p>Volem oferir un\u00a0 pati\u00a0 vers\u00e0til per promoure diversitat d\u2019activitats dins d\u2019un marc inclusiu on aquesta estona esdevingui una resposta a\u00a0 promoure la vitalitat, la tranquil\u00b7litat, la intimitat, la socialitzaci\u00f3, la curiositat, la creativitat\u2026<\/p>\n<p>Fa temps, els nens i les nenes de l&#8217;escola poden gaudir del <strong><span style=\"color: #339966;\">BIBLIOPATI<\/span><\/strong> i <strong><span style=\"color: #0000ff;\">MUSICPATI<\/span><\/strong>, aix\u00ed com tamb\u00e9 de l&#8217; espai exterior amb una proposta rotativa en relaci\u00f3 als espais. Ara \u00e9s el moment d&#8217; obrir l&#8217;<span style=\"color: #ff00ff;\"><strong>ARTPATI<\/strong><\/span>, un espai on l&#8217; art esdevindr\u00e0 l&#8217; eix conductor.<\/p>\n<p>Com ho farem? Es presentaran activitats diverses a tots els cicles de prim\u00e0ria: cosir, telar catifes, fer mitja, espai lliure de creaci\u00f3 art\u00edstica i una activitat que ser\u00e0 per la millora est\u00e8tica del centre. L&#8217;alumnat de Cicle superior amb l&#8217; acompanyament d&#8217;una docent faran la nova retolaci\u00f3 del centre.<\/p>\n<p>Tot aquest proc\u00e9s suposa un gran esfor\u00e7, que amb il\u00b7lusi\u00f3 i treball serem\u00a0 capa\u00e7os d\u2019executar i seguir construint. Agrair tamb\u00e9 la col\u00b7laboraci\u00f3 de l&#8217; AFA en la millora i dotaci\u00f3 de materials al pati.<\/p>\n<p style=\"text-align: center;\">JA HO TENIM TOT A PUNT PER COMEN\u00c7AR DILLUNS AMB L&#8217;ARTPATI!<\/p>\n<p><img loading=\"lazy\" decoding=\"async\" class=\"aligncenter size-medium wp-image-19180\" src=\"https:\/\/agora.xtec.cat\/esc-la-cabana\/wp-content\/uploads\/usu849\/2022\/11\/IMG-1082-1-2-300x225.jpg\" alt=\"\" width=\"300\" height=\"225\" srcset=\"https:\/\/agora.xtec.cat\/esc-la-cabana\/wp-content\/uploads\/usu849\/2022\/11\/IMG-1082-1-2-300x225.jpg 300w, https:\/\/agora.xtec.cat\/esc-la-cabana\/wp-content\/uploads\/usu849\/2022\/11\/IMG-1082-1-2-1024x768.jpg 1024w, https:\/\/agora.xtec.cat\/esc-la-cabana\/wp-content\/uploads\/usu849\/2022\/11\/IMG-1082-1-2-768x576.jpg 768w, https:\/\/agora.xtec.cat\/esc-la-cabana\/wp-content\/uploads\/usu849\/2022\/11\/IMG-1082-1-2-200x150.jpg 200w, https:\/\/agora.xtec.cat\/esc-la-cabana\/wp-content\/uploads\/usu849\/2022\/11\/IMG-1082-1-2.jpg 1290w\" sizes=\"auto, (max-width: 300px) 100vw, 300px\" \/><\/p>\n<\/div>\n<p>&nbsp;<\/p>\n","protected":false},"excerpt":{"rendered":"<p>El pati, un espai d&#8217;oportunitats.<\/p>\n","protected":false},"author":1,"featured_media":19177,"comment_status":"open","ping_status":"closed","sticky":false,"template":"","format":"standard","meta":{"_bbp_topic_count":0,"_bbp_reply_count":0,"_bbp_total_topic_count":0,"_bbp_total_reply_count":0,"_bbp_voice_count":0,"_bbp_anonymous_reply_count":0,"_bbp_topic_count_hidden":0,"_bbp_reply_count_hidden":0,"_bbp_forum_subforum_count":0,"site-sidebar-layout":"default","site-content-layout":"","ast-site-content-layout":"","site-content-style":"default","site-sidebar-style":"default","ast-global-header-display":"","ast-banner-title-visibility":"","ast-main-header-display":"","ast-hfb-above-header-display":"","ast-hfb-below-header-display":"","ast-hfb-mobile-header-display":"","site-post-title":"","ast-breadcrumbs-content":"","ast-featured-img":"","footer-sml-layout":"","theme-transparent-header-meta":"","adv-header-id-meta":"","stick-header-meta":"","header-above-stick-meta":"","header-main-stick-meta":"","header-below-stick-meta":"","astra-migrate-meta-layouts":"default","ast-page-background-enabled":"default","ast-page-background-meta":{"desktop":{"background-color":"var(--ast-global-color-4)","background-image":"","background-repeat":"repeat","background-position":"center center","background-size":"auto","background-attachment":"scroll","background-type":"","background-media":"","overlay-type":"","overlay-color":"","overlay-opacity":"","overlay-gradient":""},"tablet":{"background-color":"","background-image":"","background-repeat":"repeat","background-position":"center center","background-size":"auto","background-attachment":"scroll","background-type":"","background-media":"","overlay-type":"","overlay-color":"","overlay-opacity":"","overlay-gradient":""},"mobile":{"background-color":"","background-image":"","background-repeat":"repeat","background-position":"center center","background-size":"auto","background-attachment":"scroll","background-type":"","background-media":"","overlay-type":"","overlay-color":"","overlay-opacity":"","overlay-gradient":""}},"ast-content-background-meta":{"desktop":{"background-color":"var(--ast-global-color-5)","background-image":"","background-repeat":"repeat","background-position":"center center","background-size":"auto","background-attachment":"scroll","background-type":"","background-media":"","overlay-type":"","overlay-color":"","overlay-opacity":"","overlay-gradient":""},"tablet":{"background-color":"var(--ast-global-color-5)","background-image":"","background-repeat":"repeat","background-position":"center center","background-size":"auto","background-attachment":"scroll","background-type":"","background-media":"","overlay-type":"","overlay-color":"","overlay-opacity":"","overlay-gradient":""},"mobile":{"background-color":"var(--ast-global-color-5)","background-image":"","background-repeat":"repeat","background-position":"center center","background-size":"auto","background-attachment":"scroll","background-type":"","background-media":"","overlay-type":"","overlay-color":"","overlay-opacity":"","overlay-gradient":""}},"footnotes":""},"categories":[1,4,5],"tags":[106,74,102,145,87,75,208],"class_list":["post-19176","post","type-post","status-publish","format-standard","has-post-thumbnail","hentry","category-general","category-portada","category-primaria","tag-cicle-mitja","tag-cicle-superior","tag-primaria","tag-primer-inicial","tag-projectes","tag-tallers","tag-tallers-deducacio-artistica"],"post_mailing_queue_ids":[],"_links":{"self":[{"href":"https:\/\/agora.xtec.cat\/esc-la-cabana\/wp-json\/wp\/v2\/posts\/19176","targetHints":{"allow":["GET"]}}],"collection":[{"href":"https:\/\/agora.xtec.cat\/esc-la-cabana\/wp-json\/wp\/v2\/posts"}],"about":[{"href":"https:\/\/agora.xtec.cat\/esc-la-cabana\/wp-json\/wp\/v2\/types\/post"}],"author":[{"embeddable":true,"href":"https:\/\/agora.xtec.cat\/esc-la-cabana\/wp-json\/wp\/v2\/users\/1"}],"replies":[{"embeddable":true,"href":"https:\/\/agora.xtec.cat\/esc-la-cabana\/wp-json\/wp\/v2\/comments?post=19176"}],"version-history":[{"count":3,"href":"https:\/\/agora.xtec.cat\/esc-la-cabana\/wp-json\/wp\/v2\/posts\/19176\/revisions"}],"predecessor-version":[{"id":19184,"href":"https:\/\/agora.xtec.cat\/esc-la-cabana\/wp-json\/wp\/v2\/posts\/19176\/revisions\/19184"}],"wp:featuredmedia":[{"embeddable":true,"href":"https:\/\/agora.xtec.cat\/esc-la-cabana\/wp-json\/wp\/v2\/media\/19177"}],"wp:attachment":[{"href":"https:\/\/agora.xtec.cat\/esc-la-cabana\/wp-json\/wp\/v2\/media?parent=19176"}],"wp:term":[{"taxonomy":"category","embeddable":true,"href":"https:\/\/agora.xtec.cat\/esc-la-cabana\/wp-json\/wp\/v2\/categories?post=19176"},{"taxonomy":"post_tag","embeddable":true,"href":"https:\/\/agora.xtec.cat\/esc-la-cabana\/wp-json\/wp\/v2\/tags?post=19176"}],"curies":[{"name":"wp","href":"https:\/\/api.w.org\/{rel}","templated":true}]}}