{"id":19116,"date":"2022-10-17T09:00:07","date_gmt":"2022-10-17T07:00:07","guid":{"rendered":"https:\/\/agora.xtec.cat\/esc-la-cabana\/?p=19116"},"modified":"2022-10-17T10:53:54","modified_gmt":"2022-10-17T08:53:54","slug":"la-1a-setmana-acollidora-dintercanvi-cultural","status":"publish","type":"post","link":"https:\/\/agora.xtec.cat\/esc-la-cabana\/general\/la-1a-setmana-acollidora-dintercanvi-cultural\/","title":{"rendered":"LA 1a SETMANA ACOLLIDORA D&#8217;INTERCANVI CULTURAL"},"content":{"rendered":"<p><a href=\"https:\/\/agora.xtec.cat\/esc-la-cabana\/wp-content\/uploads\/usu849\/2022\/10\/Cultural-Erasmus-Week-TITLE.jpg\"><img loading=\"lazy\" decoding=\"async\" class=\"wp-image-19129 aligncenter\" src=\"https:\/\/agora.xtec.cat\/esc-la-cabana\/wp-content\/uploads\/usu849\/2022\/10\/Cultural-Erasmus-Week-TITLE-1024x576.jpg\" alt=\"\" width=\"461\" height=\"259\" srcset=\"https:\/\/agora.xtec.cat\/esc-la-cabana\/wp-content\/uploads\/usu849\/2022\/10\/Cultural-Erasmus-Week-TITLE-1024x576.jpg 1024w, https:\/\/agora.xtec.cat\/esc-la-cabana\/wp-content\/uploads\/usu849\/2022\/10\/Cultural-Erasmus-Week-TITLE-300x169.jpg 300w, https:\/\/agora.xtec.cat\/esc-la-cabana\/wp-content\/uploads\/usu849\/2022\/10\/Cultural-Erasmus-Week-TITLE-768x432.jpg 768w, https:\/\/agora.xtec.cat\/esc-la-cabana\/wp-content\/uploads\/usu849\/2022\/10\/Cultural-Erasmus-Week-TITLE.jpg 1280w\" sizes=\"auto, (max-width: 461px) 100vw, 461px\" \/><\/a><\/p>\n<h1 style=\"text-align: center;\">Per fi ja estem a la recta final!<\/h1>\n<h3 style=\"text-align: center;\">Despr\u00e9s de molt esperar i gestionar, en menys d&#8217;una setmana arriben els nostres &#8220;GUESTS&#8221; turcs i eslovacs entre nosaltres!<\/h3>\n<p>Com ja vam informar a la reuni\u00f3 d&#8217;inici de curs, en el marc de les mobilitats Erasmus+, aquest curs ens estrenem com a &#8220;HOST SCHOOL&#8221; i acollim a l&#8217;escola Zakladn\u00e1, de Lu\u010denec (Eslov\u00e0quia) i Au Bilsem, de Tav\u015fanl\u0131 (Turquia) amb 6 alumnes cadascuna, que van participar, el curs passat, amb el projecte eTwinning &#8220;CULTURAL EXCHANGE&#8221;.<\/p>\n<p>Treballar col\u00b7laborativament i internacionalment ens ha obert les portes a l&#8217;exterior i hem despertat la curiositat en aquestes dues escoles europees; motiu pel qual van decidir de venir a visitar-nos. Aix\u00ed que ho hem donat tot per tenir una setmana acollidora on aprenguem, gaudim i ens relacionem socialment, en ambients diversos, fent \u00fas de la llengua anglesa. Una gran oportunitat, perqu\u00e8 tota la comunitat educativa se n&#8217;adoni de la import\u00e0ncia de la funcionalitat de la llengua.<\/p>\n<h2 style=\"text-align: center;\">Se&#8217;ns apropa una setmana intensa,<\/h2>\n<h2 style=\"text-align: center;\">amb moltes activitats culturals.<\/h2>\n<h2 style=\"text-align: center;\">Teniu ganes de saber qu\u00e8 farem?<\/h2>\n<p>A continuaci\u00f3 us detallem la setmana. Comenceu a prendre nota!<\/p>\n<p><a href=\"https:\/\/agora.xtec.cat\/esc-la-cabana\/wp-content\/uploads\/usu849\/2022\/10\/Cultural-Erasmus-Week-MONDAY.jpg\"><img loading=\"lazy\" decoding=\"async\" class=\"alignnone size-large wp-image-19127\" src=\"https:\/\/agora.xtec.cat\/esc-la-cabana\/wp-content\/uploads\/usu849\/2022\/10\/Cultural-Erasmus-Week-MONDAY-1024x576.jpg\" alt=\"\" width=\"1024\" height=\"576\" srcset=\"https:\/\/agora.xtec.cat\/esc-la-cabana\/wp-content\/uploads\/usu849\/2022\/10\/Cultural-Erasmus-Week-MONDAY-1024x576.jpg 1024w, https:\/\/agora.xtec.cat\/esc-la-cabana\/wp-content\/uploads\/usu849\/2022\/10\/Cultural-Erasmus-Week-MONDAY-300x169.jpg 300w, https:\/\/agora.xtec.cat\/esc-la-cabana\/wp-content\/uploads\/usu849\/2022\/10\/Cultural-Erasmus-Week-MONDAY-768x432.jpg 768w, https:\/\/agora.xtec.cat\/esc-la-cabana\/wp-content\/uploads\/usu849\/2022\/10\/Cultural-Erasmus-Week-MONDAY.jpg 1280w\" sizes=\"auto, (max-width: 1024px) 100vw, 1024px\" \/><\/a><\/p>\n<p><a href=\"https:\/\/agora.xtec.cat\/esc-la-cabana\/wp-content\/uploads\/usu849\/2022\/10\/Cultural-Erasmus-Week-TUESDAY.jpg\"><img loading=\"lazy\" decoding=\"async\" class=\"alignnone size-large wp-image-19130\" src=\"https:\/\/agora.xtec.cat\/esc-la-cabana\/wp-content\/uploads\/usu849\/2022\/10\/Cultural-Erasmus-Week-TUESDAY-1024x576.jpg\" alt=\"\" width=\"1024\" height=\"576\" srcset=\"https:\/\/agora.xtec.cat\/esc-la-cabana\/wp-content\/uploads\/usu849\/2022\/10\/Cultural-Erasmus-Week-TUESDAY-1024x576.jpg 1024w, https:\/\/agora.xtec.cat\/esc-la-cabana\/wp-content\/uploads\/usu849\/2022\/10\/Cultural-Erasmus-Week-TUESDAY-300x169.jpg 300w, https:\/\/agora.xtec.cat\/esc-la-cabana\/wp-content\/uploads\/usu849\/2022\/10\/Cultural-Erasmus-Week-TUESDAY-768x432.jpg 768w, https:\/\/agora.xtec.cat\/esc-la-cabana\/wp-content\/uploads\/usu849\/2022\/10\/Cultural-Erasmus-Week-TUESDAY.jpg 1280w\" sizes=\"auto, (max-width: 1024px) 100vw, 1024px\" \/><\/a><\/p>\n<p><a href=\"https:\/\/agora.xtec.cat\/esc-la-cabana\/wp-content\/uploads\/usu849\/2022\/10\/Cultural-Erasmus-Week-WEDNESDAY.jpg\"><img loading=\"lazy\" decoding=\"async\" class=\"alignnone size-large wp-image-19131\" src=\"https:\/\/agora.xtec.cat\/esc-la-cabana\/wp-content\/uploads\/usu849\/2022\/10\/Cultural-Erasmus-Week-WEDNESDAY-1024x576.jpg\" alt=\"\" width=\"1024\" height=\"576\" srcset=\"https:\/\/agora.xtec.cat\/esc-la-cabana\/wp-content\/uploads\/usu849\/2022\/10\/Cultural-Erasmus-Week-WEDNESDAY-1024x576.jpg 1024w, https:\/\/agora.xtec.cat\/esc-la-cabana\/wp-content\/uploads\/usu849\/2022\/10\/Cultural-Erasmus-Week-WEDNESDAY-300x169.jpg 300w, https:\/\/agora.xtec.cat\/esc-la-cabana\/wp-content\/uploads\/usu849\/2022\/10\/Cultural-Erasmus-Week-WEDNESDAY-768x432.jpg 768w, https:\/\/agora.xtec.cat\/esc-la-cabana\/wp-content\/uploads\/usu849\/2022\/10\/Cultural-Erasmus-Week-WEDNESDAY.jpg 1280w\" sizes=\"auto, (max-width: 1024px) 100vw, 1024px\" \/><\/a><\/p>\n<p><a href=\"https:\/\/agora.xtec.cat\/esc-la-cabana\/wp-content\/uploads\/usu849\/2022\/10\/Cultural-Erasmus-Week-THURSDAY.jpg\"><img loading=\"lazy\" decoding=\"async\" class=\"alignnone size-large wp-image-19128\" src=\"https:\/\/agora.xtec.cat\/esc-la-cabana\/wp-content\/uploads\/usu849\/2022\/10\/Cultural-Erasmus-Week-THURSDAY-1024x576.jpg\" alt=\"\" width=\"1024\" height=\"576\" srcset=\"https:\/\/agora.xtec.cat\/esc-la-cabana\/wp-content\/uploads\/usu849\/2022\/10\/Cultural-Erasmus-Week-THURSDAY-1024x576.jpg 1024w, https:\/\/agora.xtec.cat\/esc-la-cabana\/wp-content\/uploads\/usu849\/2022\/10\/Cultural-Erasmus-Week-THURSDAY-300x169.jpg 300w, https:\/\/agora.xtec.cat\/esc-la-cabana\/wp-content\/uploads\/usu849\/2022\/10\/Cultural-Erasmus-Week-THURSDAY-768x432.jpg 768w, https:\/\/agora.xtec.cat\/esc-la-cabana\/wp-content\/uploads\/usu849\/2022\/10\/Cultural-Erasmus-Week-THURSDAY.jpg 1280w\" sizes=\"auto, (max-width: 1024px) 100vw, 1024px\" \/><\/a><\/p>\n<p><a href=\"https:\/\/agora.xtec.cat\/esc-la-cabana\/wp-content\/uploads\/usu849\/2022\/10\/Cultural-Erasmus-Week-FRIDAY.jpg\"><img loading=\"lazy\" decoding=\"async\" class=\"alignnone size-large wp-image-19126\" src=\"https:\/\/agora.xtec.cat\/esc-la-cabana\/wp-content\/uploads\/usu849\/2022\/10\/Cultural-Erasmus-Week-FRIDAY-1024x576.jpg\" alt=\"\" width=\"1024\" height=\"576\" srcset=\"https:\/\/agora.xtec.cat\/esc-la-cabana\/wp-content\/uploads\/usu849\/2022\/10\/Cultural-Erasmus-Week-FRIDAY-1024x576.jpg 1024w, https:\/\/agora.xtec.cat\/esc-la-cabana\/wp-content\/uploads\/usu849\/2022\/10\/Cultural-Erasmus-Week-FRIDAY-300x169.jpg 300w, https:\/\/agora.xtec.cat\/esc-la-cabana\/wp-content\/uploads\/usu849\/2022\/10\/Cultural-Erasmus-Week-FRIDAY-768x432.jpg 768w, https:\/\/agora.xtec.cat\/esc-la-cabana\/wp-content\/uploads\/usu849\/2022\/10\/Cultural-Erasmus-Week-FRIDAY.jpg 1280w\" sizes=\"auto, (max-width: 1024px) 100vw, 1024px\" \/><\/a><\/p>\n<p>Ja heu vist que estarem molt ocupats. Comen\u00e7a doncs el compte enrere!<\/p>\n<h1 style=\"text-align: center;\">US DESITGEM MOLT BONA CASTANYADA<\/h1>\n<h1 style=\"text-align: center;\">A TOTHOM!<\/h1>\n\r\n\t<div class=\"slideshow_container slideshow_container_style-light\" style=\"height: 300px; \" data-slideshow-id=\"19119\" data-style-name=\"style-light\" data-style-version=\"2.3.1\" >\r\n\r\n\t\t\t\t\t<div class=\"slideshow_loading_icon\"><\/div>\r\n\t\t\r\n\t\t<div class=\"slideshow_content\" style=\"display: none;\">\r\n\r\n\t\t\t<div class=\"slideshow_view\">\r\n\t\t\t\t<div class=\"slideshow_slide slideshow_slide_image\">\r\n\t\t\t\t\t\t\t\t\t\t\t<img src=\"https:\/\/agora.xtec.cat\/esc-la-cabana\/wp-content\/uploads\/usu849\/2022\/10\/Cultural-Erasmus-Week-TITLE-ENG.jpg\" alt=\"Cultural Erasmus Week TITLE ENG\" width=\"1280\" height=\"720\" \/>\r\n\t\t\t\t\t\t\t\t\t\t<div class=\"slideshow_description_box slideshow_transparent\">\r\n\t\t\t\t\t\t<div class=\"slideshow_title\">Cultural Erasmus Week TITLE ENG<\/div>\t\t\t\t\t\t\t\t\t\t\t<\/div>\r\n\t\t\t\t<\/div>\r\n\r\n\t\t\t\t\t\t<div style=\"clear: both;\"><\/div><\/div><div class=\"slideshow_view\">\r\n\t\t\t\t<div class=\"slideshow_slide slideshow_slide_image\">\r\n\t\t\t\t\t\t\t\t\t\t\t<img src=\"https:\/\/agora.xtec.cat\/esc-la-cabana\/wp-content\/uploads\/usu849\/2022\/10\/Cultural-Erasmus-Week-MONDAY-ENG.jpg\" alt=\"Cultural Erasmus Week MONDAY ENG\" width=\"1280\" height=\"720\" \/>\r\n\t\t\t\t\t\t\t\t\t\t<div class=\"slideshow_description_box slideshow_transparent\">\r\n\t\t\t\t\t\t<div class=\"slideshow_title\">Cultural Erasmus Week MONDAY ENG<\/div>\t\t\t\t\t\t\t\t\t\t\t<\/div>\r\n\t\t\t\t<\/div>\r\n\r\n\t\t\t\t\t\t<div style=\"clear: both;\"><\/div><\/div><div class=\"slideshow_view\">\r\n\t\t\t\t<div class=\"slideshow_slide slideshow_slide_image\">\r\n\t\t\t\t\t\t\t\t\t\t\t<img src=\"https:\/\/agora.xtec.cat\/esc-la-cabana\/wp-content\/uploads\/usu849\/2022\/10\/Cultural-Erasmus-Week-TUESDAY-ENG.jpg\" alt=\"Cultural Erasmus Week TUESDAY ENG\" width=\"1280\" height=\"720\" \/>\r\n\t\t\t\t\t\t\t\t\t\t<div class=\"slideshow_description_box slideshow_transparent\">\r\n\t\t\t\t\t\t<div class=\"slideshow_title\">Cultural Erasmus Week TUESDAY ENG<\/div>\t\t\t\t\t\t\t\t\t\t\t<\/div>\r\n\t\t\t\t<\/div>\r\n\r\n\t\t\t\t\t\t<div style=\"clear: both;\"><\/div><\/div><div class=\"slideshow_view\">\r\n\t\t\t\t<div class=\"slideshow_slide slideshow_slide_image\">\r\n\t\t\t\t\t\t\t\t\t\t\t<img src=\"https:\/\/agora.xtec.cat\/esc-la-cabana\/wp-content\/uploads\/usu849\/2022\/10\/Cultural-Erasmus-Week-WEDNESDAY-ENG.jpg\" alt=\"Cultural Erasmus Week WEDNESDAY ENG\" width=\"1280\" height=\"720\" \/>\r\n\t\t\t\t\t\t\t\t\t\t<div class=\"slideshow_description_box slideshow_transparent\">\r\n\t\t\t\t\t\t<div class=\"slideshow_title\">Cultural Erasmus Week WEDNESDAY ENG<\/div>\t\t\t\t\t\t\t\t\t\t\t<\/div>\r\n\t\t\t\t<\/div>\r\n\r\n\t\t\t\t\t\t<div style=\"clear: both;\"><\/div><\/div><div class=\"slideshow_view\">\r\n\t\t\t\t<div class=\"slideshow_slide slideshow_slide_image\">\r\n\t\t\t\t\t\t\t\t\t\t\t<img src=\"https:\/\/agora.xtec.cat\/esc-la-cabana\/wp-content\/uploads\/usu849\/2022\/10\/Cultural-Erasmus-Week-THURSDAY-ENG.jpg\" alt=\"Cultural Erasmus Week THURSDAY ENG\" width=\"1280\" height=\"720\" \/>\r\n\t\t\t\t\t\t\t\t\t\t<div class=\"slideshow_description_box slideshow_transparent\">\r\n\t\t\t\t\t\t<div class=\"slideshow_title\">Cultural Erasmus Week THURSDAY ENG<\/div>\t\t\t\t\t\t\t\t\t\t\t<\/div>\r\n\t\t\t\t<\/div>\r\n\r\n\t\t\t\t\t\t<div style=\"clear: both;\"><\/div><\/div><div class=\"slideshow_view\">\r\n\t\t\t\t<div class=\"slideshow_slide slideshow_slide_image\">\r\n\t\t\t\t\t\t\t\t\t\t\t<img src=\"https:\/\/agora.xtec.cat\/esc-la-cabana\/wp-content\/uploads\/usu849\/2022\/10\/Cultural-Erasmus-Week-FRIDAY-ENG.jpg\" alt=\"Cultural Erasmus Week FRIDAY ENG\" width=\"1280\" height=\"720\" \/>\r\n\t\t\t\t\t\t\t\t\t\t<div class=\"slideshow_description_box slideshow_transparent\">\r\n\t\t\t\t\t\t<div class=\"slideshow_title\">Cultural Erasmus Week FRIDAY ENG<\/div>\t\t\t\t\t\t\t\t\t\t\t<\/div>\r\n\t\t\t\t<\/div>\r\n\r\n\t\t\t\t\t\t<div style=\"clear: both;\"><\/div><\/div>\r\n\t\t<\/div>\r\n\r\n\t\t<div class=\"slideshow_controlPanel slideshow_transparent\" style=\"display: none;\"><ul><li class=\"slideshow_togglePlay\" data-play-text=\"Visualitza\" data-pause-text=\"Pausa\"><\/li><\/ul><\/div>\r\n\r\n\t\t<div class=\"slideshow_button slideshow_previous slideshow_transparent\" role=\"button\" data-previous-text=\"Anterior\" style=\"display: none;\"><\/div>\r\n\t\t<div class=\"slideshow_button slideshow_next slideshow_transparent\" role=\"button\" data-next-text=\"Seg\u00fcent\" style=\"display: none;\"><\/div>\r\n\r\n\t\t<div class=\"slideshow_pagination\" style=\"display: none;\" data-go-to-text=\"V\u00e9s a la diapositiva\"><div class=\"slideshow_pagination_center\"><\/div><\/div>\r\n\r\n\t\t<!-- WordPress Slideshow Version 2.3.1 -->\r\n\r\n\t\t\t<\/div>\r\n\r\n\n<h2 style=\"text-align: center;\">Zakladn\u00e1 i Au Bilsem, que tingueu molt bon viatge.<\/h2>\n<h2 style=\"text-align: center;\">Us esperem impacients!<\/h2>\n","protected":false},"excerpt":{"rendered":"<p>VOLEU SABER QU\u00c8 FAREM QUAN VINGUI L&#8217;ALUMNAT I EL PROFESSORAT DE TURQUIA I ESLOV\u00c0QUIA? QUINA GRAN OPORTUNITAT D&#8217;INTERCANVI CULTURAL!<\/p>\n","protected":false},"author":18,"featured_media":19123,"comment_status":"open","ping_status":"closed","sticky":false,"template":"","format":"standard","meta":{"_bbp_topic_count":0,"_bbp_reply_count":0,"_bbp_total_topic_count":0,"_bbp_total_reply_count":0,"_bbp_voice_count":0,"_bbp_anonymous_reply_count":0,"_bbp_topic_count_hidden":0,"_bbp_reply_count_hidden":0,"_bbp_forum_subforum_count":0,"site-sidebar-layout":"default","site-content-layout":"","ast-site-content-layout":"","site-content-style":"default","site-sidebar-style":"default","ast-global-header-display":"","ast-banner-title-visibility":"","ast-main-header-display":"","ast-hfb-above-header-display":"","ast-hfb-below-header-display":"","ast-hfb-mobile-header-display":"","site-post-title":"","ast-breadcrumbs-content":"","ast-featured-img":"","footer-sml-layout":"","theme-transparent-header-meta":"","adv-header-id-meta":"","stick-header-meta":"","header-above-stick-meta":"","header-main-stick-meta":"","header-below-stick-meta":"","astra-migrate-meta-layouts":"default","ast-page-background-enabled":"default","ast-page-background-meta":{"desktop":{"background-color":"var(--ast-global-color-4)","background-image":"","background-repeat":"repeat","background-position":"center center","background-size":"auto","background-attachment":"scroll","background-type":"","background-media":"","overlay-type":"","overlay-color":"","overlay-opacity":"","overlay-gradient":""},"tablet":{"background-color":"","background-image":"","background-repeat":"repeat","background-position":"center center","background-size":"auto","background-attachment":"scroll","background-type":"","background-media":"","overlay-type":"","overlay-color":"","overlay-opacity":"","overlay-gradient":""},"mobile":{"background-color":"","background-image":"","background-repeat":"repeat","background-position":"center center","background-size":"auto","background-attachment":"scroll","background-type":"","background-media":"","overlay-type":"","overlay-color":"","overlay-opacity":"","overlay-gradient":""}},"ast-content-background-meta":{"desktop":{"background-color":"var(--ast-global-color-5)","background-image":"","background-repeat":"repeat","background-position":"center center","background-size":"auto","background-attachment":"scroll","background-type":"","background-media":"","overlay-type":"","overlay-color":"","overlay-opacity":"","overlay-gradient":""},"tablet":{"background-color":"var(--ast-global-color-5)","background-image":"","background-repeat":"repeat","background-position":"center center","background-size":"auto","background-attachment":"scroll","background-type":"","background-media":"","overlay-type":"","overlay-color":"","overlay-opacity":"","overlay-gradient":""},"mobile":{"background-color":"var(--ast-global-color-5)","background-image":"","background-repeat":"repeat","background-position":"center center","background-size":"auto","background-attachment":"scroll","background-type":"","background-media":"","overlay-type":"","overlay-color":"","overlay-opacity":"","overlay-gradient":""}},"footnotes":""},"categories":[23,14,83,1,4,5,311],"tags":[129,74,315,102,87],"class_list":["post-19116","post","type-post","status-publish","format-standard","has-post-thumbnail","hentry","category-angles","category-c-s","category-especialitats","category-general","category-portada","category-primaria","category-projecte-e-twinning","tag-angles","tag-cicle-superior","tag-etwinning","tag-primaria","tag-projectes"],"post_mailing_queue_ids":[],"_links":{"self":[{"href":"https:\/\/agora.xtec.cat\/esc-la-cabana\/wp-json\/wp\/v2\/posts\/19116","targetHints":{"allow":["GET"]}}],"collection":[{"href":"https:\/\/agora.xtec.cat\/esc-la-cabana\/wp-json\/wp\/v2\/posts"}],"about":[{"href":"https:\/\/agora.xtec.cat\/esc-la-cabana\/wp-json\/wp\/v2\/types\/post"}],"author":[{"embeddable":true,"href":"https:\/\/agora.xtec.cat\/esc-la-cabana\/wp-json\/wp\/v2\/users\/18"}],"replies":[{"embeddable":true,"href":"https:\/\/agora.xtec.cat\/esc-la-cabana\/wp-json\/wp\/v2\/comments?post=19116"}],"version-history":[{"count":4,"href":"https:\/\/agora.xtec.cat\/esc-la-cabana\/wp-json\/wp\/v2\/posts\/19116\/revisions"}],"predecessor-version":[{"id":19134,"href":"https:\/\/agora.xtec.cat\/esc-la-cabana\/wp-json\/wp\/v2\/posts\/19116\/revisions\/19134"}],"wp:featuredmedia":[{"embeddable":true,"href":"https:\/\/agora.xtec.cat\/esc-la-cabana\/wp-json\/wp\/v2\/media\/19123"}],"wp:attachment":[{"href":"https:\/\/agora.xtec.cat\/esc-la-cabana\/wp-json\/wp\/v2\/media?parent=19116"}],"wp:term":[{"taxonomy":"category","embeddable":true,"href":"https:\/\/agora.xtec.cat\/esc-la-cabana\/wp-json\/wp\/v2\/categories?post=19116"},{"taxonomy":"post_tag","embeddable":true,"href":"https:\/\/agora.xtec.cat\/esc-la-cabana\/wp-json\/wp\/v2\/tags?post=19116"}],"curies":[{"name":"wp","href":"https:\/\/api.w.org\/{rel}","templated":true}]}}