{"id":18956,"date":"2022-07-14T13:31:46","date_gmt":"2022-07-14T11:31:46","guid":{"rendered":"https:\/\/agora.xtec.cat\/esc-la-cabana\/?p=18956"},"modified":"2022-07-14T14:03:28","modified_gmt":"2022-07-14T12:03:28","slug":"participacio-escolamunicipi","status":"publish","type":"post","link":"https:\/\/agora.xtec.cat\/esc-la-cabana\/general\/participacio-escolamunicipi\/","title":{"rendered":"PARTICIPACI\u00d3 ESCOLA&#038;MUNICIPI"},"content":{"rendered":"<p><strong>L\u2019Ajuntament de Les Cabanyes inaugura l\u2019exposici\u00f3 \u201cEsguard\u201d amb obres de l\u2019alumnat de l\u2019escola La Cabana a la rectoria de Sant Valent\u00ed<\/strong><\/p>\n<p><strong>\u00a0<\/strong><\/p>\n<p>El proper divendres 8 de juliol a les 19:30h l\u2019Ajuntament de Les Cabanyes inaugura l\u2019exposici\u00f3 \u201cEsguard\u201d amb obres creades per l\u2019alumnat de prim\u00e0ria de La Cabana a la rectoria de Sant Valent\u00ed.<\/p>\n<p>La voluntat d\u2019aquesta exposici\u00f3 \u00e9s enfortir el vincle entre els i les alumnes de prim\u00e0ria de l\u2019escola i l\u2019entorn de l\u2019esgl\u00e9sia de Sant Valent\u00ed a la vegada que se\u2019ls dona visibilitat com a creadors d\u2019art i, per tant, la oportunitat de ser els protagonistes d\u2019una exposici\u00f3 d\u2019art pl\u00e0stic.<\/p>\n<p>L\u2019esguard \u00e9s la manera de mirar que t\u00e9 una persona. Tamb\u00e9 el respecte o atenci\u00f3 amb qu\u00e8 es tracta una persona o cosa. Partint d\u2019aquest concepte, els alumnes de cicle inicial, mitj\u00e0 i superior de l\u2019escola s\u2019han apropat a Sant Valent\u00ed per plasmar-hi la seva mirada.<\/p>\n<p>Des de fa uns mesos, l\u2019Ajuntament de Les Cabanyes ha comen\u00e7at diferents activitats entorn a l\u2019esgl\u00e9sia de Sant Valent\u00ed (visites, rutes, exposicions&#8230;) i cedir l\u2019espai de la rectoria per exposar obres de diferents col\u00b7lectius del municipi \u00e9s un dels eixos principals.<\/p>\n<p>L\u2019escola La Cabana est\u00e0 en funcionament al municipi des del 2010 i des d\u2019aleshores sempre ha estat un eix important en les activitats que es fan a Les Cabanyes. Les col\u00b7laboracions entre l\u2019escola i les diverses entitats han creat una simbiosi que millora la xarxa social, apropa l\u2019escola a la resta dels cabanyencs i cabanyenques i permet als nens i nenes con\u00e8ixer el poble, el seu entorn, les festes i activitats que s\u2019hi duen a terme. Per tot aix\u00f2, amb aquesta exposici\u00f3 es vol posar de manifest aquest vincle i entre l\u2019escola i Les Cabanyes, participant activament en les activitats que es duen a terme a Sant Valent\u00ed.<\/p>\n<p>L\u2019exposici\u00f3 ser\u00e0 visitable fins el diumenge 24 de juliol. De dilluns a divendres de 9h a 14h i els dissabtes i diumenges de 10h a 13h i de 18h a 20h. Durant els dies d\u2019exposici\u00f3 es far\u00e0 un concurs per escollir la millor obra de cada categoria i se\u2019n repartir\u00e0 una reproducci\u00f3 amb el programa de la Festa Major d\u2019enguany.<\/p>\n<p>&nbsp;<\/p>\n<h2 style=\"text-align: center;\"><span style=\"color: #3366ff;\">Ja heu anat a veure les GRANS obres d\u00b4art dels i les artistes de La Cabana?<\/span><\/h2>\n","protected":false},"excerpt":{"rendered":"<p>Ja heu anat a veure les GRANS obres d\u00b4art dels i les artistes de La Cabana?<\/p>\n","protected":false},"author":1,"featured_media":18957,"comment_status":"open","ping_status":"closed","sticky":false,"template":"","format":"standard","meta":{"_bbp_topic_count":0,"_bbp_reply_count":0,"_bbp_total_topic_count":0,"_bbp_total_reply_count":0,"_bbp_voice_count":0,"_bbp_anonymous_reply_count":0,"_bbp_topic_count_hidden":0,"_bbp_reply_count_hidden":0,"_bbp_forum_subforum_count":0,"site-sidebar-layout":"default","site-content-layout":"","ast-site-content-layout":"","site-content-style":"default","site-sidebar-style":"default","ast-global-header-display":"","ast-banner-title-visibility":"","ast-main-header-display":"","ast-hfb-above-header-display":"","ast-hfb-below-header-display":"","ast-hfb-mobile-header-display":"","site-post-title":"","ast-breadcrumbs-content":"","ast-featured-img":"","footer-sml-layout":"","theme-transparent-header-meta":"","adv-header-id-meta":"","stick-header-meta":"","header-above-stick-meta":"","header-main-stick-meta":"","header-below-stick-meta":"","astra-migrate-meta-layouts":"default","ast-page-background-enabled":"default","ast-page-background-meta":{"desktop":{"background-color":"var(--ast-global-color-4)","background-image":"","background-repeat":"repeat","background-position":"center center","background-size":"auto","background-attachment":"scroll","background-type":"","background-media":"","overlay-type":"","overlay-color":"","overlay-opacity":"","overlay-gradient":""},"tablet":{"background-color":"","background-image":"","background-repeat":"repeat","background-position":"center center","background-size":"auto","background-attachment":"scroll","background-type":"","background-media":"","overlay-type":"","overlay-color":"","overlay-opacity":"","overlay-gradient":""},"mobile":{"background-color":"","background-image":"","background-repeat":"repeat","background-position":"center center","background-size":"auto","background-attachment":"scroll","background-type":"","background-media":"","overlay-type":"","overlay-color":"","overlay-opacity":"","overlay-gradient":""}},"ast-content-background-meta":{"desktop":{"background-color":"var(--ast-global-color-5)","background-image":"","background-repeat":"repeat","background-position":"center center","background-size":"auto","background-attachment":"scroll","background-type":"","background-media":"","overlay-type":"","overlay-color":"","overlay-opacity":"","overlay-gradient":""},"tablet":{"background-color":"var(--ast-global-color-5)","background-image":"","background-repeat":"repeat","background-position":"center center","background-size":"auto","background-attachment":"scroll","background-type":"","background-media":"","overlay-type":"","overlay-color":"","overlay-opacity":"","overlay-gradient":""},"mobile":{"background-color":"var(--ast-global-color-5)","background-image":"","background-repeat":"repeat","background-position":"center center","background-size":"auto","background-attachment":"scroll","background-type":"","background-media":"","overlay-type":"","overlay-color":"","overlay-opacity":"","overlay-gradient":""}},"footnotes":""},"categories":[10,12,14,1,4,5],"tags":[326,106,74,95,102,145,87],"class_list":["post-18956","post","type-post","status-publish","format-standard","has-post-thumbnail","hentry","category-c-i","category-c-m","category-c-s","category-general","category-portada","category-primaria","tag-ajuntament","tag-cicle-mitja","tag-cicle-superior","tag-concurs","tag-primaria","tag-primer-inicial","tag-projectes"],"post_mailing_queue_ids":[],"_links":{"self":[{"href":"https:\/\/agora.xtec.cat\/esc-la-cabana\/wp-json\/wp\/v2\/posts\/18956","targetHints":{"allow":["GET"]}}],"collection":[{"href":"https:\/\/agora.xtec.cat\/esc-la-cabana\/wp-json\/wp\/v2\/posts"}],"about":[{"href":"https:\/\/agora.xtec.cat\/esc-la-cabana\/wp-json\/wp\/v2\/types\/post"}],"author":[{"embeddable":true,"href":"https:\/\/agora.xtec.cat\/esc-la-cabana\/wp-json\/wp\/v2\/users\/1"}],"replies":[{"embeddable":true,"href":"https:\/\/agora.xtec.cat\/esc-la-cabana\/wp-json\/wp\/v2\/comments?post=18956"}],"version-history":[{"count":2,"href":"https:\/\/agora.xtec.cat\/esc-la-cabana\/wp-json\/wp\/v2\/posts\/18956\/revisions"}],"predecessor-version":[{"id":18959,"href":"https:\/\/agora.xtec.cat\/esc-la-cabana\/wp-json\/wp\/v2\/posts\/18956\/revisions\/18959"}],"wp:featuredmedia":[{"embeddable":true,"href":"https:\/\/agora.xtec.cat\/esc-la-cabana\/wp-json\/wp\/v2\/media\/18957"}],"wp:attachment":[{"href":"https:\/\/agora.xtec.cat\/esc-la-cabana\/wp-json\/wp\/v2\/media?parent=18956"}],"wp:term":[{"taxonomy":"category","embeddable":true,"href":"https:\/\/agora.xtec.cat\/esc-la-cabana\/wp-json\/wp\/v2\/categories?post=18956"},{"taxonomy":"post_tag","embeddable":true,"href":"https:\/\/agora.xtec.cat\/esc-la-cabana\/wp-json\/wp\/v2\/tags?post=18956"}],"curies":[{"name":"wp","href":"https:\/\/api.w.org\/{rel}","templated":true}]}}