{"id":18936,"date":"2022-06-03T09:42:09","date_gmt":"2022-06-03T07:42:09","guid":{"rendered":"https:\/\/agora.xtec.cat\/esc-la-cabana\/?p=18936"},"modified":"2022-07-03T09:47:45","modified_gmt":"2022-07-03T07:47:45","slug":"observacions-daula-la-cabana-la-parellada","status":"publish","type":"post","link":"https:\/\/agora.xtec.cat\/esc-la-cabana\/general\/observacions-daula-la-cabana-la-parellada\/","title":{"rendered":"OBSERVACIONS D&#8217;AULA (LA CABANA-LES PARELLADES)"},"content":{"rendered":"<p>En el marc de la formaci\u00f3 en lleng\u00fces estrangeres\u00a0 del Servei de Formaci\u00f3 i Desenvolupament\u00a0 Professional del Professorat, de la\u00a0Direcci\u00f3 General d&#8217;Innovaci\u00f3, Digitalitzaci\u00f3 i Curr\u00edculum, la mestra d&#8217;angl\u00e8s de cicle superior de l&#8217;escola ha desenvolupat durant 4 anys el curs <em>&#8220;Teacher Training Methodology Course&#8221;<\/em>.<\/p>\n<p>Aquest curs, el darrer, i com a cloenda d&#8217;aquesta intensa i enriquidora formaci\u00f3 (no nom\u00e9s per a la mestra sin\u00f3 tamb\u00e9 per a l&#8217;escola, per l&#8217;aplicabilitat directa que tenia a l&#8217;aula), s&#8217;ha fet un intercanvi d&#8217;observacions d&#8217;aula on tant alumnes com mestres d&#8217;angl\u00e8s han pogut enriquir-se per continuar millorant en el nostre proc\u00e9s d&#8217;ensenyament i aprenentatge.<\/p>\n<p><a href=\"https:\/\/agora.xtec.cat\/esc-la-cabana\/wp-content\/uploads\/usu849\/2022\/07\/Observation-Sheet-Presentation.jpg\"><img loading=\"lazy\" decoding=\"async\" class=\" wp-image-18939 alignleft\" src=\"https:\/\/agora.xtec.cat\/esc-la-cabana\/wp-content\/uploads\/usu849\/2022\/07\/Observation-Sheet-Presentation.jpg\" alt=\"\" width=\"506\" height=\"285\" srcset=\"https:\/\/agora.xtec.cat\/esc-la-cabana\/wp-content\/uploads\/usu849\/2022\/07\/Observation-Sheet-Presentation.jpg 580w, https:\/\/agora.xtec.cat\/esc-la-cabana\/wp-content\/uploads\/usu849\/2022\/07\/Observation-Sheet-Presentation-300x169.jpg 300w\" sizes=\"auto, (max-width: 506px) 100vw, 506px\" \/><\/a>El passat 13 de maig, la No\u00e8lia Callau va anar l&#8217;Escola Les Parellades, de Sant Pere de Ribes, a observar una classe de cicle mitj\u00e0 i el mestre d&#8217;angl\u00e8s, H\u00e9ctor Alonso. I el 24 de maig, l&#8217;H\u00e9ctor va venir a la nostra escola a observar una de les classes d&#8217;angl\u00e8s de cicle superior i a la mestra d&#8217;angl\u00e8s, la No\u00e8lia.<\/p>\n<p>Resumint molt breument, dir-vos que l&#8217;objectiu principal d&#8217;aquestes observacions era veure l&#8217;\u00fas que se&#8217;n feia tant de la llengua materna com de la llengua estrangera a les classes d&#8217;angl\u00e8s, des del punt de vista tant de l&#8217;alumnat com dels docents, tenint en compte dos situacions diferents d&#8217;aprenentatge que requerien esfor\u00e7os cognitius diferents en quant a nivell de llengua, per part de l&#8217;alumnat. No obstant, cal dir que, sorprenentment, les conclusions extretes de les observacions van ser gaireb\u00e9 iguals.<\/p>\n<p>Una de les moltes conclusions que tant l&#8217;H\u00e9ctor com la No\u00e8lia van poder extreure d&#8217;aquesta enriquidora experi\u00e8ncia va ser que amb un bon suport ling\u00fc\u00edstic ( &#8220;Scaffolding&#8221; ) i amb un bon acompanyament (el\/la mestre com a guia) l&#8217;alumnat \u00e9s capa\u00e7 de produir estructures ling\u00fc\u00edstiques complexes, per assolir el seu objectiu funcional de la llengua i aix\u00ed fer-se entendre. HATS OFF KIDS!<\/p>\n<p>A continuaci\u00f3 trobareu una presentaci\u00f3 amb els objectius, el proc\u00e9s, els resultats i conclusions d&#8217;aquestes observacions: <a href=\"https:\/\/www.canva.com\/design\/DAFBPfJj9fs\/HActMwhQ3ZHuIY_YCBisBw\/view?utm_content=DAFBPfJj9fs&amp;utm_campaign=designshare&amp;utm_medium=link&amp;utm_source=publishsharelink\" target=\"_blank\" rel=\"noopener\">CLASS OBSERVATION.<\/a><\/p>\n<p>Globalment, i tamb\u00e9 despr\u00e9s d&#8217;intercanviar opinions amb tots i totes els\/les mestres d&#8217;aquest grup de formaci\u00f3, estem tots i totes d&#8217;acord en qu\u00e8 l&#8217;observaci\u00f3 entre iguals \u00e9s fonamental com a professionals per continuar creixent i brillant &#8220;Grow &amp; Glow&#8221;.<\/p>\n<p>Ens agradaria acabar aquest article amb una cita de <span class=\"JsGRdQ\">W.B. Yeats que diu:<\/span><\/p>\n<h3 style=\"text-align: center;\"><span class=\"JsGRdQ\">&#8220;Education is not the filling of a pail, but the lighting of a fire.\u201d<\/span><\/h3>\n<p>&nbsp;<\/p>\n<p>&nbsp;<\/p>\n<p>&nbsp;<\/p>\n","protected":false},"excerpt":{"rendered":"<p>ELS MESTRES D&#8217;ANGL\u00c8S ENS ENRIQUIM AMB LES OBSERVACIONS D&#8217;AULA.<\/p>\n","protected":false},"author":18,"featured_media":18938,"comment_status":"open","ping_status":"closed","sticky":false,"template":"","format":"standard","meta":{"_bbp_topic_count":0,"_bbp_reply_count":0,"_bbp_total_topic_count":0,"_bbp_total_reply_count":0,"_bbp_voice_count":0,"_bbp_anonymous_reply_count":0,"_bbp_topic_count_hidden":0,"_bbp_reply_count_hidden":0,"_bbp_forum_subforum_count":0,"site-sidebar-layout":"default","site-content-layout":"","ast-site-content-layout":"","site-content-style":"default","site-sidebar-style":"default","ast-global-header-display":"","ast-banner-title-visibility":"","ast-main-header-display":"","ast-hfb-above-header-display":"","ast-hfb-below-header-display":"","ast-hfb-mobile-header-display":"","site-post-title":"","ast-breadcrumbs-content":"","ast-featured-img":"","footer-sml-layout":"","theme-transparent-header-meta":"","adv-header-id-meta":"","stick-header-meta":"","header-above-stick-meta":"","header-main-stick-meta":"","header-below-stick-meta":"","astra-migrate-meta-layouts":"default","ast-page-background-enabled":"default","ast-page-background-meta":{"desktop":{"background-color":"var(--ast-global-color-4)","background-image":"","background-repeat":"repeat","background-position":"center center","background-size":"auto","background-attachment":"scroll","background-type":"","background-media":"","overlay-type":"","overlay-color":"","overlay-opacity":"","overlay-gradient":""},"tablet":{"background-color":"","background-image":"","background-repeat":"repeat","background-position":"center center","background-size":"auto","background-attachment":"scroll","background-type":"","background-media":"","overlay-type":"","overlay-color":"","overlay-opacity":"","overlay-gradient":""},"mobile":{"background-color":"","background-image":"","background-repeat":"repeat","background-position":"center center","background-size":"auto","background-attachment":"scroll","background-type":"","background-media":"","overlay-type":"","overlay-color":"","overlay-opacity":"","overlay-gradient":""}},"ast-content-background-meta":{"desktop":{"background-color":"var(--ast-global-color-5)","background-image":"","background-repeat":"repeat","background-position":"center center","background-size":"auto","background-attachment":"scroll","background-type":"","background-media":"","overlay-type":"","overlay-color":"","overlay-opacity":"","overlay-gradient":""},"tablet":{"background-color":"var(--ast-global-color-5)","background-image":"","background-repeat":"repeat","background-position":"center center","background-size":"auto","background-attachment":"scroll","background-type":"","background-media":"","overlay-type":"","overlay-color":"","overlay-opacity":"","overlay-gradient":""},"mobile":{"background-color":"var(--ast-global-color-5)","background-image":"","background-repeat":"repeat","background-position":"center center","background-size":"auto","background-attachment":"scroll","background-type":"","background-media":"","overlay-type":"","overlay-color":"","overlay-opacity":"","overlay-gradient":""}},"footnotes":""},"categories":[23,1,4,5],"tags":[129,74],"class_list":["post-18936","post","type-post","status-publish","format-standard","has-post-thumbnail","hentry","category-angles","category-general","category-portada","category-primaria","tag-angles","tag-cicle-superior"],"post_mailing_queue_ids":[],"_links":{"self":[{"href":"https:\/\/agora.xtec.cat\/esc-la-cabana\/wp-json\/wp\/v2\/posts\/18936","targetHints":{"allow":["GET"]}}],"collection":[{"href":"https:\/\/agora.xtec.cat\/esc-la-cabana\/wp-json\/wp\/v2\/posts"}],"about":[{"href":"https:\/\/agora.xtec.cat\/esc-la-cabana\/wp-json\/wp\/v2\/types\/post"}],"author":[{"embeddable":true,"href":"https:\/\/agora.xtec.cat\/esc-la-cabana\/wp-json\/wp\/v2\/users\/18"}],"replies":[{"embeddable":true,"href":"https:\/\/agora.xtec.cat\/esc-la-cabana\/wp-json\/wp\/v2\/comments?post=18936"}],"version-history":[{"count":3,"href":"https:\/\/agora.xtec.cat\/esc-la-cabana\/wp-json\/wp\/v2\/posts\/18936\/revisions"}],"predecessor-version":[{"id":18942,"href":"https:\/\/agora.xtec.cat\/esc-la-cabana\/wp-json\/wp\/v2\/posts\/18936\/revisions\/18942"}],"wp:featuredmedia":[{"embeddable":true,"href":"https:\/\/agora.xtec.cat\/esc-la-cabana\/wp-json\/wp\/v2\/media\/18938"}],"wp:attachment":[{"href":"https:\/\/agora.xtec.cat\/esc-la-cabana\/wp-json\/wp\/v2\/media?parent=18936"}],"wp:term":[{"taxonomy":"category","embeddable":true,"href":"https:\/\/agora.xtec.cat\/esc-la-cabana\/wp-json\/wp\/v2\/categories?post=18936"},{"taxonomy":"post_tag","embeddable":true,"href":"https:\/\/agora.xtec.cat\/esc-la-cabana\/wp-json\/wp\/v2\/tags?post=18936"}],"curies":[{"name":"wp","href":"https:\/\/api.w.org\/{rel}","templated":true}]}}