{"id":18903,"date":"2022-06-23T12:56:22","date_gmt":"2022-06-23T10:56:22","guid":{"rendered":"https:\/\/agora.xtec.cat\/esc-la-cabana\/?p=18903"},"modified":"2022-06-23T12:56:22","modified_gmt":"2022-06-23T10:56:22","slug":"talent-show-la-cabana-2022","status":"publish","type":"post","link":"https:\/\/agora.xtec.cat\/esc-la-cabana\/general\/talent-show-la-cabana-2022\/","title":{"rendered":"&#8220;TALENT SHOW&#8221; LA CABANA 2022"},"content":{"rendered":"<p>Aquest dimecres 22 de juny, al centre cultural i l\u00fadic, es va realitzar la festa de final de curs interna de l&#8217;escola.<a href=\"https:\/\/agora.xtec.cat\/esc-la-cabana\/wp-content\/uploads\/usu849\/2022\/06\/ESCOLA-LA-CABANA-cartell_page-0001-scaled.jpg\"><img loading=\"lazy\" decoding=\"async\" class=\"wp-image-18905 alignright\" src=\"https:\/\/agora.xtec.cat\/esc-la-cabana\/wp-content\/uploads\/usu849\/2022\/06\/ESCOLA-LA-CABANA-cartell_page-0001-724x1024.jpg\" alt=\"\" width=\"220\" height=\"311\" srcset=\"https:\/\/agora.xtec.cat\/esc-la-cabana\/wp-content\/uploads\/usu849\/2022\/06\/ESCOLA-LA-CABANA-cartell_page-0001-724x1024.jpg 724w, https:\/\/agora.xtec.cat\/esc-la-cabana\/wp-content\/uploads\/usu849\/2022\/06\/ESCOLA-LA-CABANA-cartell_page-0001-212x300.jpg 212w, https:\/\/agora.xtec.cat\/esc-la-cabana\/wp-content\/uploads\/usu849\/2022\/06\/ESCOLA-LA-CABANA-cartell_page-0001-768x1086.jpg 768w, https:\/\/agora.xtec.cat\/esc-la-cabana\/wp-content\/uploads\/usu849\/2022\/06\/ESCOLA-LA-CABANA-cartell_page-0001-1086x1536.jpg 1086w, https:\/\/agora.xtec.cat\/esc-la-cabana\/wp-content\/uploads\/usu849\/2022\/06\/ESCOLA-LA-CABANA-cartell_page-0001-1448x2048.jpg 1448w, https:\/\/agora.xtec.cat\/esc-la-cabana\/wp-content\/uploads\/usu849\/2022\/06\/ESCOLA-LA-CABANA-cartell_page-0001-scaled.jpg 1810w\" sizes=\"auto, (max-width: 220px) 100vw, 220px\" \/><\/a><\/p>\n<p>Com cada any, l&#8217;alumnat de 6\u00e8 \u00e9s qui s&#8217;encarrega de pensar les activitats a realitzar aquell dia i de gestionar-les. Aquest curs van escollir dur a terme un &#8220;talent show&#8221;, en el que cada classe havia de realitzar una actuaci\u00f3 amb talent.<\/p>\n<p>La veritat \u00e9s que n&#8217;hi ha hagut de ben diverses, per\u00f2 totes ens han fet gaudir d&#8217;una bona estona.<\/p>\n<p>Trobareu totes aquestes actuacions i els parlaments de comiat de l&#8217;alumnat de 6\u00e8 en el seg\u00fcent enlla\u00e7:<\/p>\n<p><a href=\"https:\/\/photos.app.goo.gl\/RVK1EtqwBQEw8Qx98\">TALENT SHOW LA CABANA 2022<\/a><\/p>\n","protected":false},"excerpt":{"rendered":"<p>Aquest dimecres 22 de juny, al centre cultural i l\u00fadic, es va realitzar la festa de final de curs interna de l&#8217;escola. Com cada any, l&#8217;alumnat de 6\u00e8 \u00e9s qui s&#8217;encarrega de pensar les activitats a realitzar aquell dia i de gestionar-les. Aquest curs van escollir dur a terme un &#8220;talent show&#8221;, en el que [&hellip;]<\/p>\n","protected":false},"author":1,"featured_media":18904,"comment_status":"open","ping_status":"closed","sticky":false,"template":"","format":"standard","meta":{"_bbp_topic_count":0,"_bbp_reply_count":0,"_bbp_total_topic_count":0,"_bbp_total_reply_count":0,"_bbp_voice_count":0,"_bbp_anonymous_reply_count":0,"_bbp_topic_count_hidden":0,"_bbp_reply_count_hidden":0,"_bbp_forum_subforum_count":0,"site-sidebar-layout":"default","site-content-layout":"","ast-site-content-layout":"","site-content-style":"default","site-sidebar-style":"default","ast-global-header-display":"","ast-banner-title-visibility":"","ast-main-header-display":"","ast-hfb-above-header-display":"","ast-hfb-below-header-display":"","ast-hfb-mobile-header-display":"","site-post-title":"","ast-breadcrumbs-content":"","ast-featured-img":"","footer-sml-layout":"","theme-transparent-header-meta":"","adv-header-id-meta":"","stick-header-meta":"","header-above-stick-meta":"","header-main-stick-meta":"","header-below-stick-meta":"","astra-migrate-meta-layouts":"default","ast-page-background-enabled":"default","ast-page-background-meta":{"desktop":{"background-color":"var(--ast-global-color-4)","background-image":"","background-repeat":"repeat","background-position":"center center","background-size":"auto","background-attachment":"scroll","background-type":"","background-media":"","overlay-type":"","overlay-color":"","overlay-opacity":"","overlay-gradient":""},"tablet":{"background-color":"","background-image":"","background-repeat":"repeat","background-position":"center center","background-size":"auto","background-attachment":"scroll","background-type":"","background-media":"","overlay-type":"","overlay-color":"","overlay-opacity":"","overlay-gradient":""},"mobile":{"background-color":"","background-image":"","background-repeat":"repeat","background-position":"center center","background-size":"auto","background-attachment":"scroll","background-type":"","background-media":"","overlay-type":"","overlay-color":"","overlay-opacity":"","overlay-gradient":""}},"ast-content-background-meta":{"desktop":{"background-color":"var(--ast-global-color-5)","background-image":"","background-repeat":"repeat","background-position":"center center","background-size":"auto","background-attachment":"scroll","background-type":"","background-media":"","overlay-type":"","overlay-color":"","overlay-opacity":"","overlay-gradient":""},"tablet":{"background-color":"var(--ast-global-color-5)","background-image":"","background-repeat":"repeat","background-position":"center center","background-size":"auto","background-attachment":"scroll","background-type":"","background-media":"","overlay-type":"","overlay-color":"","overlay-opacity":"","overlay-gradient":""},"mobile":{"background-color":"var(--ast-global-color-5)","background-image":"","background-repeat":"repeat","background-position":"center center","background-size":"auto","background-attachment":"scroll","background-type":"","background-media":"","overlay-type":"","overlay-color":"","overlay-opacity":"","overlay-gradient":""}},"footnotes":""},"categories":[10,12,14,33,1,25,4,5],"tags":[334,135,321,335,35,333],"class_list":["post-18903","post","type-post","status-publish","format-standard","has-post-thumbnail","hentry","category-c-i","category-c-m","category-c-s","category-e-i","category-general","category-musica","category-portada","category-primaria","tag-6e","tag-comiat","tag-curs-2021-22","tag-festa-interna","tag-final-de-curs","tag-talent-show"],"post_mailing_queue_ids":[],"_links":{"self":[{"href":"https:\/\/agora.xtec.cat\/esc-la-cabana\/wp-json\/wp\/v2\/posts\/18903","targetHints":{"allow":["GET"]}}],"collection":[{"href":"https:\/\/agora.xtec.cat\/esc-la-cabana\/wp-json\/wp\/v2\/posts"}],"about":[{"href":"https:\/\/agora.xtec.cat\/esc-la-cabana\/wp-json\/wp\/v2\/types\/post"}],"author":[{"embeddable":true,"href":"https:\/\/agora.xtec.cat\/esc-la-cabana\/wp-json\/wp\/v2\/users\/1"}],"replies":[{"embeddable":true,"href":"https:\/\/agora.xtec.cat\/esc-la-cabana\/wp-json\/wp\/v2\/comments?post=18903"}],"version-history":[{"count":2,"href":"https:\/\/agora.xtec.cat\/esc-la-cabana\/wp-json\/wp\/v2\/posts\/18903\/revisions"}],"predecessor-version":[{"id":18907,"href":"https:\/\/agora.xtec.cat\/esc-la-cabana\/wp-json\/wp\/v2\/posts\/18903\/revisions\/18907"}],"wp:featuredmedia":[{"embeddable":true,"href":"https:\/\/agora.xtec.cat\/esc-la-cabana\/wp-json\/wp\/v2\/media\/18904"}],"wp:attachment":[{"href":"https:\/\/agora.xtec.cat\/esc-la-cabana\/wp-json\/wp\/v2\/media?parent=18903"}],"wp:term":[{"taxonomy":"category","embeddable":true,"href":"https:\/\/agora.xtec.cat\/esc-la-cabana\/wp-json\/wp\/v2\/categories?post=18903"},{"taxonomy":"post_tag","embeddable":true,"href":"https:\/\/agora.xtec.cat\/esc-la-cabana\/wp-json\/wp\/v2\/tags?post=18903"}],"curies":[{"name":"wp","href":"https:\/\/api.w.org\/{rel}","templated":true}]}}