{"id":18805,"date":"2022-05-03T16:52:51","date_gmt":"2022-05-03T14:52:51","guid":{"rendered":"https:\/\/agora.xtec.cat\/esc-la-cabana\/?p=18805"},"modified":"2022-05-03T16:52:51","modified_gmt":"2022-05-03T14:52:51","slug":"el-primer-cas-cm-b","status":"publish","type":"post","link":"https:\/\/agora.xtec.cat\/esc-la-cabana\/portada\/el-primer-cas-cm-b\/","title":{"rendered":"EL PRIMER CAS &#8211; CM B"},"content":{"rendered":"<p>CM-B participem en el concurs <em>El gust per la lectura<\/em>.<\/p>\n<p>Despr\u00e9s de llegir-nos el llibre <em>El primer cas<\/em> d\u2019Ulf Nilsson, les nostres mestres ens animen a fer una pel\u00b7l\u00edcula utilitzant l\u2019aplicaci\u00f3 <em>Stop motion<\/em>.<\/p>\n<p>Entre tota la classe redactem el gui\u00f3 i no us penseu que ha estat f\u00e0cil.<\/p>\n<p>Tot seguit, organitzats en cinc grups, a cadasc\u00fa se li assigna una funci\u00f3:<\/p>\n<ul>\n<li>elaboraci\u00f3 dels escenaris<\/li>\n<li>creaci\u00f3 dels personatges,<\/li>\n<li>recerca de m\u00fasica i efectes especials,<\/li>\n<li>narradors,<\/li>\n<li>funcionament del programa Stop motion.<\/li>\n<\/ul>\n<p>Per acabar, les nostres mestres ens ajuden a muntar la pel\u00b7l\u00edcula.<\/p>\n<p>En aquest enlla\u00e7 web podeu visualitzar-ne el resultat:<\/p>\n<div class=\"ast-oembed-container \" style=\"height: 100%;\"><iframe loading=\"lazy\" title=\"El primer cas - Escola la Cabana - CM B\" width=\"500\" height=\"281\" src=\"https:\/\/www.youtube.com\/embed\/LO9MqCzf-v0?feature=oembed\" frameborder=\"0\" allow=\"accelerometer; autoplay; clipboard-write; encrypted-media; gyroscope; picture-in-picture; web-share\" referrerpolicy=\"strict-origin-when-cross-origin\" allowfullscreen><\/iframe><\/div>\n","protected":false},"excerpt":{"rendered":"<p>CM-B participem en el concurs El gust per la lectura. Despr\u00e9s de llegir-nos el llibre El primer cas d\u2019Ulf Nilsson, les nostres mestres ens animen a fer una pel\u00b7l\u00edcula utilitzant l\u2019aplicaci\u00f3 Stop motion. Entre tota la classe redactem el gui\u00f3 i no us penseu que ha estat f\u00e0cil. Tot seguit, organitzats en cinc grups, a [&hellip;]<\/p>\n","protected":false},"author":1,"featured_media":18803,"comment_status":"open","ping_status":"closed","sticky":false,"template":"","format":"standard","meta":{"_bbp_topic_count":0,"_bbp_reply_count":0,"_bbp_total_topic_count":0,"_bbp_total_reply_count":0,"_bbp_voice_count":0,"_bbp_anonymous_reply_count":0,"_bbp_topic_count_hidden":0,"_bbp_reply_count_hidden":0,"_bbp_forum_subforum_count":0,"site-sidebar-layout":"default","site-content-layout":"","ast-site-content-layout":"","site-content-style":"default","site-sidebar-style":"default","ast-global-header-display":"","ast-banner-title-visibility":"","ast-main-header-display":"","ast-hfb-above-header-display":"","ast-hfb-below-header-display":"","ast-hfb-mobile-header-display":"","site-post-title":"","ast-breadcrumbs-content":"","ast-featured-img":"","footer-sml-layout":"","theme-transparent-header-meta":"","adv-header-id-meta":"","stick-header-meta":"","header-above-stick-meta":"","header-main-stick-meta":"","header-below-stick-meta":"","astra-migrate-meta-layouts":"default","ast-page-background-enabled":"default","ast-page-background-meta":{"desktop":{"background-color":"var(--ast-global-color-4)","background-image":"","background-repeat":"repeat","background-position":"center center","background-size":"auto","background-attachment":"scroll","background-type":"","background-media":"","overlay-type":"","overlay-color":"","overlay-opacity":"","overlay-gradient":""},"tablet":{"background-color":"","background-image":"","background-repeat":"repeat","background-position":"center center","background-size":"auto","background-attachment":"scroll","background-type":"","background-media":"","overlay-type":"","overlay-color":"","overlay-opacity":"","overlay-gradient":""},"mobile":{"background-color":"","background-image":"","background-repeat":"repeat","background-position":"center center","background-size":"auto","background-attachment":"scroll","background-type":"","background-media":"","overlay-type":"","overlay-color":"","overlay-opacity":"","overlay-gradient":""}},"ast-content-background-meta":{"desktop":{"background-color":"var(--ast-global-color-5)","background-image":"","background-repeat":"repeat","background-position":"center center","background-size":"auto","background-attachment":"scroll","background-type":"","background-media":"","overlay-type":"","overlay-color":"","overlay-opacity":"","overlay-gradient":""},"tablet":{"background-color":"var(--ast-global-color-5)","background-image":"","background-repeat":"repeat","background-position":"center center","background-size":"auto","background-attachment":"scroll","background-type":"","background-media":"","overlay-type":"","overlay-color":"","overlay-opacity":"","overlay-gradient":""},"mobile":{"background-color":"var(--ast-global-color-5)","background-image":"","background-repeat":"repeat","background-position":"center center","background-size":"auto","background-attachment":"scroll","background-type":"","background-media":"","overlay-type":"","overlay-color":"","overlay-opacity":"","overlay-gradient":""}},"footnotes":""},"categories":[12,4],"tags":[97,106,327,178,102],"class_list":["post-18805","post","type-post","status-publish","format-standard","has-post-thumbnail","hentry","category-c-m","category-portada","tag-biblioteca","tag-cicle-mitja","tag-concurs-gust-per-la-lectura","tag-concurs-lectura","tag-primaria"],"post_mailing_queue_ids":[],"_links":{"self":[{"href":"https:\/\/agora.xtec.cat\/esc-la-cabana\/wp-json\/wp\/v2\/posts\/18805","targetHints":{"allow":["GET"]}}],"collection":[{"href":"https:\/\/agora.xtec.cat\/esc-la-cabana\/wp-json\/wp\/v2\/posts"}],"about":[{"href":"https:\/\/agora.xtec.cat\/esc-la-cabana\/wp-json\/wp\/v2\/types\/post"}],"author":[{"embeddable":true,"href":"https:\/\/agora.xtec.cat\/esc-la-cabana\/wp-json\/wp\/v2\/users\/1"}],"replies":[{"embeddable":true,"href":"https:\/\/agora.xtec.cat\/esc-la-cabana\/wp-json\/wp\/v2\/comments?post=18805"}],"version-history":[{"count":1,"href":"https:\/\/agora.xtec.cat\/esc-la-cabana\/wp-json\/wp\/v2\/posts\/18805\/revisions"}],"predecessor-version":[{"id":18806,"href":"https:\/\/agora.xtec.cat\/esc-la-cabana\/wp-json\/wp\/v2\/posts\/18805\/revisions\/18806"}],"wp:featuredmedia":[{"embeddable":true,"href":"https:\/\/agora.xtec.cat\/esc-la-cabana\/wp-json\/wp\/v2\/media\/18803"}],"wp:attachment":[{"href":"https:\/\/agora.xtec.cat\/esc-la-cabana\/wp-json\/wp\/v2\/media?parent=18805"}],"wp:term":[{"taxonomy":"category","embeddable":true,"href":"https:\/\/agora.xtec.cat\/esc-la-cabana\/wp-json\/wp\/v2\/categories?post=18805"},{"taxonomy":"post_tag","embeddable":true,"href":"https:\/\/agora.xtec.cat\/esc-la-cabana\/wp-json\/wp\/v2\/tags?post=18805"}],"curies":[{"name":"wp","href":"https:\/\/api.w.org\/{rel}","templated":true}]}}