{"id":18771,"date":"2022-04-30T03:32:14","date_gmt":"2022-04-30T01:32:14","guid":{"rendered":"https:\/\/agora.xtec.cat\/esc-la-cabana\/?p=18771"},"modified":"2022-04-30T03:34:33","modified_gmt":"2022-04-30T01:34:33","slug":"dancing-la-sardana-overcome-challenge","status":"publish","type":"post","link":"https:\/\/agora.xtec.cat\/esc-la-cabana\/general\/dancing-la-sardana-overcome-challenge\/","title":{"rendered":"DANCING LA SARDANA: OVERCOME CHALLENGE"},"content":{"rendered":"<p><strong><a href=\"https:\/\/agora.xtec.cat\/esc-la-cabana\/wp-content\/uploads\/usu849\/2022\/04\/IMG-20220401-WA0031.jpg\"><img loading=\"lazy\" decoding=\"async\" class=\"wp-image-18779 alignleft\" src=\"https:\/\/agora.xtec.cat\/esc-la-cabana\/wp-content\/uploads\/usu849\/2022\/04\/IMG-20220401-WA0031-1024x768.jpg\" alt=\"\" width=\"421\" height=\"316\" srcset=\"https:\/\/agora.xtec.cat\/esc-la-cabana\/wp-content\/uploads\/usu849\/2022\/04\/IMG-20220401-WA0031-1024x768.jpg 1024w, https:\/\/agora.xtec.cat\/esc-la-cabana\/wp-content\/uploads\/usu849\/2022\/04\/IMG-20220401-WA0031-300x225.jpg 300w, https:\/\/agora.xtec.cat\/esc-la-cabana\/wp-content\/uploads\/usu849\/2022\/04\/IMG-20220401-WA0031-768x576.jpg 768w, https:\/\/agora.xtec.cat\/esc-la-cabana\/wp-content\/uploads\/usu849\/2022\/04\/IMG-20220401-WA0031-1536x1152.jpg 1536w, https:\/\/agora.xtec.cat\/esc-la-cabana\/wp-content\/uploads\/usu849\/2022\/04\/IMG-20220401-WA0031-200x150.jpg 200w, https:\/\/agora.xtec.cat\/esc-la-cabana\/wp-content\/uploads\/usu849\/2022\/04\/IMG-20220401-WA0031.jpg 1600w\" sizes=\"auto, (max-width: 421px) 100vw, 421px\" \/><\/a>Before Easter Holidays, on the 1st April, pupils and teachers in the Third Cycle of Primary Education could enjoy once more of the great company of &#8220;Maragda del Pened\u00e8s &#8221; Sardana Group. It was our 2nd session with them to continue practising this traditional dance in Catalonia.<\/strong><\/p>\n<p><em>Abans de les vacances de Pasqua, l&#8217;1 d&#8217;abril, alumnes i mestres del 3r cicle d&#8217;Educaci\u00f3 Prim\u00e0ria vam poder gaudir una vegada m\u00e9s de la gran companyia de La Colla Sardanista &#8220;Maragda del Pened\u00e8s&#8221;. Va ser la nostra segona sessi\u00f3 amb ells per continuar practicant aquest ball tradicional de Catalunya.<\/em><\/p>\n<p><strong>Pupils, teachers and &#8220;La Colla&#8221; spent an incredible time together. We hope we can repeat this experience very soon. We will miss you! However, maybe this is just the seed that will make us grow working together. One&#8217;s never know.<\/strong><\/p>\n<p><em>Alumnes, mestres i La Colla vam passar una vetllada incre\u00efble. Esperem que puguem repetir aquesta experi\u00e8ncia ben aviat. Us trobarem a faltar! No obstant, pot ser aquesta \u00e9s la llavor que ens far\u00e0 cr\u00e9ixer treballant junts. Mai se sap.\u00a0<\/em><\/p>\n<p><a href=\"https:\/\/agora.xtec.cat\/esc-la-cabana\/wp-content\/uploads\/usu849\/2022\/04\/IMG-20220401-WA0021.jpg\"><img loading=\"lazy\" decoding=\"async\" class=\"alignnone wp-image-18778\" src=\"https:\/\/agora.xtec.cat\/esc-la-cabana\/wp-content\/uploads\/usu849\/2022\/04\/IMG-20220401-WA0021-1024x768.jpg\" alt=\"\" width=\"345\" height=\"259\" srcset=\"https:\/\/agora.xtec.cat\/esc-la-cabana\/wp-content\/uploads\/usu849\/2022\/04\/IMG-20220401-WA0021-1024x768.jpg 1024w, https:\/\/agora.xtec.cat\/esc-la-cabana\/wp-content\/uploads\/usu849\/2022\/04\/IMG-20220401-WA0021-300x225.jpg 300w, https:\/\/agora.xtec.cat\/esc-la-cabana\/wp-content\/uploads\/usu849\/2022\/04\/IMG-20220401-WA0021-768x576.jpg 768w, https:\/\/agora.xtec.cat\/esc-la-cabana\/wp-content\/uploads\/usu849\/2022\/04\/IMG-20220401-WA0021-1536x1152.jpg 1536w, https:\/\/agora.xtec.cat\/esc-la-cabana\/wp-content\/uploads\/usu849\/2022\/04\/IMG-20220401-WA0021-200x150.jpg 200w, https:\/\/agora.xtec.cat\/esc-la-cabana\/wp-content\/uploads\/usu849\/2022\/04\/IMG-20220401-WA0021.jpg 1600w\" sizes=\"auto, (max-width: 345px) 100vw, 345px\" \/><\/a><a href=\"https:\/\/agora.xtec.cat\/esc-la-cabana\/wp-content\/uploads\/usu849\/2022\/04\/IMG-20220401-WA0020.jpg\"><img loading=\"lazy\" decoding=\"async\" class=\"alignnone wp-image-18777\" src=\"https:\/\/agora.xtec.cat\/esc-la-cabana\/wp-content\/uploads\/usu849\/2022\/04\/IMG-20220401-WA0020-1024x768.jpg\" alt=\"\" width=\"345\" height=\"259\" srcset=\"https:\/\/agora.xtec.cat\/esc-la-cabana\/wp-content\/uploads\/usu849\/2022\/04\/IMG-20220401-WA0020-1024x768.jpg 1024w, https:\/\/agora.xtec.cat\/esc-la-cabana\/wp-content\/uploads\/usu849\/2022\/04\/IMG-20220401-WA0020-300x225.jpg 300w, https:\/\/agora.xtec.cat\/esc-la-cabana\/wp-content\/uploads\/usu849\/2022\/04\/IMG-20220401-WA0020-768x576.jpg 768w, https:\/\/agora.xtec.cat\/esc-la-cabana\/wp-content\/uploads\/usu849\/2022\/04\/IMG-20220401-WA0020-1536x1152.jpg 1536w, https:\/\/agora.xtec.cat\/esc-la-cabana\/wp-content\/uploads\/usu849\/2022\/04\/IMG-20220401-WA0020-200x150.jpg 200w, https:\/\/agora.xtec.cat\/esc-la-cabana\/wp-content\/uploads\/usu849\/2022\/04\/IMG-20220401-WA0020.jpg 1600w\" sizes=\"auto, (max-width: 345px) 100vw, 345px\" \/><\/a><\/p>\n<h2 style=\"text-align: center;\"><strong>Families, pupils, do you dare to dance our Sardana? Come on! Cheer up!<\/strong><\/h2>\n<h2 style=\"text-align: center;\">Fam\u00edlies, alumnes, us atreviu a ballar la Sardana? Vinga animeu-vos!<\/h2>\n<p><strong style=\"font-family: inherit; font-size: 1em;\">Do you remember the basic steps? If not, click here to refresh your memory: <a href=\"https:\/\/youtu.be\/kGJZGCVAbs8\" target=\"_blank\" rel=\"noopener\">SARDANA STEPS<\/a>.<\/strong><\/p>\n<p><em>Recordeu els passos b\u00e0sics de la sardana? Si no, cliqueu aqu\u00ed per refrescar la vostra mem\u00f2ria.<\/em><\/p>\n<p><a href=\"https:\/\/agora.xtec.cat\/esc-la-cabana\/wp-content\/uploads\/usu849\/2022\/04\/IMG-20220401-WA0009.jpg\"><img loading=\"lazy\" decoding=\"async\" class=\"aligncenter wp-image-18776\" src=\"https:\/\/agora.xtec.cat\/esc-la-cabana\/wp-content\/uploads\/usu849\/2022\/04\/IMG-20220401-WA0009-1024x768.jpg\" alt=\"\" width=\"518\" height=\"389\" srcset=\"https:\/\/agora.xtec.cat\/esc-la-cabana\/wp-content\/uploads\/usu849\/2022\/04\/IMG-20220401-WA0009-1024x768.jpg 1024w, https:\/\/agora.xtec.cat\/esc-la-cabana\/wp-content\/uploads\/usu849\/2022\/04\/IMG-20220401-WA0009-300x225.jpg 300w, https:\/\/agora.xtec.cat\/esc-la-cabana\/wp-content\/uploads\/usu849\/2022\/04\/IMG-20220401-WA0009-768x576.jpg 768w, https:\/\/agora.xtec.cat\/esc-la-cabana\/wp-content\/uploads\/usu849\/2022\/04\/IMG-20220401-WA0009-1536x1152.jpg 1536w, https:\/\/agora.xtec.cat\/esc-la-cabana\/wp-content\/uploads\/usu849\/2022\/04\/IMG-20220401-WA0009-200x150.jpg 200w, https:\/\/agora.xtec.cat\/esc-la-cabana\/wp-content\/uploads\/usu849\/2022\/04\/IMG-20220401-WA0009.jpg 1600w\" sizes=\"auto, (max-width: 518px) 100vw, 518px\" \/><\/a><\/p>\n<p><strong>If you have already been practising, you can watch this other video where you will find out how pupils in The Invasive Species and The Coral &#8216;s classrooms learned dancing la Sardana with Maragda del Pened\u00e8s: <a href=\"https:\/\/youtu.be\/CNnola2rp4o\" target=\"_blank\" rel=\"noopener\">DANCING LA SARDANA FINAL PRODUCTION<\/a>.<\/strong><\/p>\n<p><em>Si ja heu estat practicant, podeu veure aquest v\u00eddeo en el qual descobrireu com l&#8217;alumnat de les classes de les\u00a0 Esp\u00e8cies Invasores i el Corall van aprendre ballant la Sardana amb Maragda del Pened\u00e8s.<\/em><\/p>\n<p><strong style=\"font-family: inherit; font-size: 1em;\">And&#8230; even thought you have not been able to follow our steps, because we are novice and we have just started learning, here you have another video with la Sardana danced by the professional dancers &#8220;Maragda del Pened\u00e8s&#8221;: <a href=\"https:\/\/youtu.be\/RzYOjuywm0I\" target=\"_blank\" rel=\"noopener\">MARAGDA DEL PENED\u00c8S DANCING.<\/a> Pay attention to their feet and arms and try to follow them. They are great!<\/strong><\/p>\n<p><em>I&#8230; si encara no vau ser heu estat capa\u00e7os de seguir els nostres passos, perqu\u00e8 som novells i just hem comen\u00e7at a aprendre, aqu\u00ed teniu un altre v\u00eddeo amb la Sardana ballada pels Sardanistes Professionals. <\/em><\/p>\n<p><strong style=\"font-family: inherit; font-size: 1em;\"><span style=\"font-family: inherit; font-size: 1em;\">You can send us evidences of your try to the English Teacher &#8216;s email. We will be really glad to see your photos or watch your videos.<\/span><\/strong><\/p>\n<p>Ens podeu enviar evid\u00e8ncies del vostre intent al correu de la mestra d&#8217;angl\u00e8s. Estarem encantats de veure les vostres fotos i mirar els vostres v\u00eddeos.<\/p>\n<p><strong style=\"font-family: inherit; font-size: 1em;\">This activity is a part of the International eTwinning Project &#8220;Cultural Exchange&#8221; and we focused on our folklore. The main aim was to learn our traditional dance and clothing so that we can share and exchange it with our partners from Turkey and Slovakia. That&#8217;s why we challenged to dance each other&#8217;s traditional dances. Are we all going to achieve it? Pretty soon you will guess it!<\/strong><\/p>\n<p>Aquesta activitat \u00e9s una part del projecte internacions eTwinning &#8220;Cultural Exchange&#8221; i ens centrem en el nostre folklore. L&#8217;objectiu principal va ser aprendre de les nostres tradicions de balls i vestimentes per poder-ho compartir i intercanviar amb els nostres socis de Turquia i Eslov\u00e0quia. Per aix\u00f2 els retem a ballar els nostres balls tradicionals. Ho aconseguirem? Aviat ho descobrirem!<\/p>\n<p>&nbsp;<\/p>\n","protected":false},"excerpt":{"rendered":"<p>SECOND SESSION DANCING LA SARDANA WITH LA COLLA MARAGDA DEL PENED\u00c8S. WOULD YOU DARE TO DANCE IT? GET THE BALL ROLLING!<\/p>\n","protected":false},"author":18,"featured_media":18775,"comment_status":"open","ping_status":"closed","sticky":false,"template":"","format":"standard","meta":{"_bbp_topic_count":0,"_bbp_reply_count":0,"_bbp_total_topic_count":0,"_bbp_total_reply_count":0,"_bbp_voice_count":0,"_bbp_anonymous_reply_count":0,"_bbp_topic_count_hidden":0,"_bbp_reply_count_hidden":0,"_bbp_forum_subforum_count":0,"site-sidebar-layout":"default","site-content-layout":"","ast-site-content-layout":"","site-content-style":"default","site-sidebar-style":"default","ast-global-header-display":"","ast-banner-title-visibility":"","ast-main-header-display":"","ast-hfb-above-header-display":"","ast-hfb-below-header-display":"","ast-hfb-mobile-header-display":"","site-post-title":"","ast-breadcrumbs-content":"","ast-featured-img":"","footer-sml-layout":"","theme-transparent-header-meta":"","adv-header-id-meta":"","stick-header-meta":"","header-above-stick-meta":"","header-main-stick-meta":"","header-below-stick-meta":"","astra-migrate-meta-layouts":"default","ast-page-background-enabled":"default","ast-page-background-meta":{"desktop":{"background-color":"var(--ast-global-color-4)","background-image":"","background-repeat":"repeat","background-position":"center center","background-size":"auto","background-attachment":"scroll","background-type":"","background-media":"","overlay-type":"","overlay-color":"","overlay-opacity":"","overlay-gradient":""},"tablet":{"background-color":"","background-image":"","background-repeat":"repeat","background-position":"center center","background-size":"auto","background-attachment":"scroll","background-type":"","background-media":"","overlay-type":"","overlay-color":"","overlay-opacity":"","overlay-gradient":""},"mobile":{"background-color":"","background-image":"","background-repeat":"repeat","background-position":"center center","background-size":"auto","background-attachment":"scroll","background-type":"","background-media":"","overlay-type":"","overlay-color":"","overlay-opacity":"","overlay-gradient":""}},"ast-content-background-meta":{"desktop":{"background-color":"var(--ast-global-color-5)","background-image":"","background-repeat":"repeat","background-position":"center center","background-size":"auto","background-attachment":"scroll","background-type":"","background-media":"","overlay-type":"","overlay-color":"","overlay-opacity":"","overlay-gradient":""},"tablet":{"background-color":"var(--ast-global-color-5)","background-image":"","background-repeat":"repeat","background-position":"center center","background-size":"auto","background-attachment":"scroll","background-type":"","background-media":"","overlay-type":"","overlay-color":"","overlay-opacity":"","overlay-gradient":""},"mobile":{"background-color":"var(--ast-global-color-5)","background-image":"","background-repeat":"repeat","background-position":"center center","background-size":"auto","background-attachment":"scroll","background-type":"","background-media":"","overlay-type":"","overlay-color":"","overlay-opacity":"","overlay-gradient":""}},"footnotes":""},"categories":[23,14,83,1,4,5,311],"tags":[129,74,315,101],"class_list":["post-18771","post","type-post","status-publish","format-standard","has-post-thumbnail","hentry","category-angles","category-c-s","category-especialitats","category-general","category-portada","category-primaria","category-projecte-e-twinning","tag-angles","tag-cicle-superior","tag-etwinning","tag-projecte"],"post_mailing_queue_ids":[],"_links":{"self":[{"href":"https:\/\/agora.xtec.cat\/esc-la-cabana\/wp-json\/wp\/v2\/posts\/18771","targetHints":{"allow":["GET"]}}],"collection":[{"href":"https:\/\/agora.xtec.cat\/esc-la-cabana\/wp-json\/wp\/v2\/posts"}],"about":[{"href":"https:\/\/agora.xtec.cat\/esc-la-cabana\/wp-json\/wp\/v2\/types\/post"}],"author":[{"embeddable":true,"href":"https:\/\/agora.xtec.cat\/esc-la-cabana\/wp-json\/wp\/v2\/users\/18"}],"replies":[{"embeddable":true,"href":"https:\/\/agora.xtec.cat\/esc-la-cabana\/wp-json\/wp\/v2\/comments?post=18771"}],"version-history":[{"count":4,"href":"https:\/\/agora.xtec.cat\/esc-la-cabana\/wp-json\/wp\/v2\/posts\/18771\/revisions"}],"predecessor-version":[{"id":18782,"href":"https:\/\/agora.xtec.cat\/esc-la-cabana\/wp-json\/wp\/v2\/posts\/18771\/revisions\/18782"}],"wp:featuredmedia":[{"embeddable":true,"href":"https:\/\/agora.xtec.cat\/esc-la-cabana\/wp-json\/wp\/v2\/media\/18775"}],"wp:attachment":[{"href":"https:\/\/agora.xtec.cat\/esc-la-cabana\/wp-json\/wp\/v2\/media?parent=18771"}],"wp:term":[{"taxonomy":"category","embeddable":true,"href":"https:\/\/agora.xtec.cat\/esc-la-cabana\/wp-json\/wp\/v2\/categories?post=18771"},{"taxonomy":"post_tag","embeddable":true,"href":"https:\/\/agora.xtec.cat\/esc-la-cabana\/wp-json\/wp\/v2\/tags?post=18771"}],"curies":[{"name":"wp","href":"https:\/\/api.w.org\/{rel}","templated":true}]}}