{"id":18647,"date":"2022-03-14T12:39:55","date_gmt":"2022-03-14T11:39:55","guid":{"rendered":"https:\/\/agora.xtec.cat\/esc-la-cabana\/?p=18647"},"modified":"2022-03-14T12:49:14","modified_gmt":"2022-03-14T11:49:14","slug":"molta-sort","status":"publish","type":"post","link":"https:\/\/agora.xtec.cat\/esc-la-cabana\/general\/molta-sort\/","title":{"rendered":"MOLTA SORT!!"},"content":{"rendered":"<p style=\"text-align: center;\">La Jana ser\u00e0 enguany l&#8217; alumna que ens representar\u00e0 a la seg\u00fcent fase del concurs Lectura en Veu alta.<\/p>\n<p style=\"text-align: center;\"><strong><span style=\"color: #339966;\">MOLTES FELICITATS I MOLTA SORT JANA !!<\/span><\/strong><\/p>\n<p>Aquest any segueix el format en v\u00eddeo i el volem compartir amb tots i totes vosaltres. El llibre de la categoria <strong><span style=\"color: #008000;\">GRUMETS VERDS<\/span><\/strong> (CICLE SUPERIOR) \u00e9s:<\/p>\n<p><img loading=\"lazy\" decoding=\"async\" class=\"wp-image-18649 aligncenter\" src=\"https:\/\/agora.xtec.cat\/esc-la-cabana\/wp-content\/uploads\/usu849\/2022\/03\/9788424670566_imatge_portada_llibre_detall_9788424670566.jpg\" alt=\"\" width=\"137\" height=\"218\" srcset=\"https:\/\/agora.xtec.cat\/esc-la-cabana\/wp-content\/uploads\/usu849\/2022\/03\/9788424670566_imatge_portada_llibre_detall_9788424670566.jpg 610w, https:\/\/agora.xtec.cat\/esc-la-cabana\/wp-content\/uploads\/usu849\/2022\/03\/9788424670566_imatge_portada_llibre_detall_9788424670566-188x300.jpg 188w\" sizes=\"auto, (max-width: 137px) 100vw, 137px\" \/><\/p>\n<h5 class=\"title-heading-left fusion-responsive-typography-calculated\" data-fontsize=\"23\" data-lineheight=\"34.5px\">US DEIXEM EL LINK\u00a0 PERQU\u00c8 GAUDIU ESCOLTANT LA JANA LLEGINT EL FRAGMENT\u00a0 DEL LLIBRE SELECCIONAT PER REPRESENTAR-NOS AL CONCURS.<\/h5>\n<p><a href=\"https:\/\/photos.app.goo.gl\/j2hMtMTjTur5thmQ6\"><img loading=\"lazy\" decoding=\"async\" class=\"aligncenter wp-image-18651\" src=\"https:\/\/agora.xtec.cat\/esc-la-cabana\/wp-content\/uploads\/usu849\/2022\/03\/low-res-4-play_1_colour_green-2_1mb.gif\" alt=\"\" width=\"238\" height=\"134\" \/><\/a><\/p>\n<p>&nbsp;<\/p>\n","protected":false},"excerpt":{"rendered":"<p>Jana, representant de La Cabana al concurs Lectura en veu alta.<\/p>\n","protected":false},"author":1,"featured_media":18648,"comment_status":"open","ping_status":"closed","sticky":false,"template":"","format":"standard","meta":{"_bbp_topic_count":0,"_bbp_reply_count":0,"_bbp_total_topic_count":0,"_bbp_total_reply_count":0,"_bbp_voice_count":0,"_bbp_anonymous_reply_count":0,"_bbp_topic_count_hidden":0,"_bbp_reply_count_hidden":0,"_bbp_forum_subforum_count":0,"site-sidebar-layout":"default","site-content-layout":"","ast-site-content-layout":"","site-content-style":"default","site-sidebar-style":"default","ast-global-header-display":"","ast-banner-title-visibility":"","ast-main-header-display":"","ast-hfb-above-header-display":"","ast-hfb-below-header-display":"","ast-hfb-mobile-header-display":"","site-post-title":"","ast-breadcrumbs-content":"","ast-featured-img":"","footer-sml-layout":"","theme-transparent-header-meta":"","adv-header-id-meta":"","stick-header-meta":"","header-above-stick-meta":"","header-main-stick-meta":"","header-below-stick-meta":"","astra-migrate-meta-layouts":"default","ast-page-background-enabled":"default","ast-page-background-meta":{"desktop":{"background-color":"var(--ast-global-color-4)","background-image":"","background-repeat":"repeat","background-position":"center center","background-size":"auto","background-attachment":"scroll","background-type":"","background-media":"","overlay-type":"","overlay-color":"","overlay-opacity":"","overlay-gradient":""},"tablet":{"background-color":"","background-image":"","background-repeat":"repeat","background-position":"center center","background-size":"auto","background-attachment":"scroll","background-type":"","background-media":"","overlay-type":"","overlay-color":"","overlay-opacity":"","overlay-gradient":""},"mobile":{"background-color":"","background-image":"","background-repeat":"repeat","background-position":"center center","background-size":"auto","background-attachment":"scroll","background-type":"","background-media":"","overlay-type":"","overlay-color":"","overlay-opacity":"","overlay-gradient":""}},"ast-content-background-meta":{"desktop":{"background-color":"var(--ast-global-color-5)","background-image":"","background-repeat":"repeat","background-position":"center center","background-size":"auto","background-attachment":"scroll","background-type":"","background-media":"","overlay-type":"","overlay-color":"","overlay-opacity":"","overlay-gradient":""},"tablet":{"background-color":"var(--ast-global-color-5)","background-image":"","background-repeat":"repeat","background-position":"center center","background-size":"auto","background-attachment":"scroll","background-type":"","background-media":"","overlay-type":"","overlay-color":"","overlay-opacity":"","overlay-gradient":""},"mobile":{"background-color":"var(--ast-global-color-5)","background-image":"","background-repeat":"repeat","background-position":"center center","background-size":"auto","background-attachment":"scroll","background-type":"","background-media":"","overlay-type":"","overlay-color":"","overlay-opacity":"","overlay-gradient":""}},"footnotes":""},"categories":[34,1,4,5],"tags":[178,177],"class_list":["post-18647","post","type-post","status-publish","format-standard","has-post-thumbnail","hentry","category-biblioteca","category-general","category-portada","category-primaria","tag-concurs-lectura","tag-lectura-en-veu-alta"],"post_mailing_queue_ids":[],"_links":{"self":[{"href":"https:\/\/agora.xtec.cat\/esc-la-cabana\/wp-json\/wp\/v2\/posts\/18647","targetHints":{"allow":["GET"]}}],"collection":[{"href":"https:\/\/agora.xtec.cat\/esc-la-cabana\/wp-json\/wp\/v2\/posts"}],"about":[{"href":"https:\/\/agora.xtec.cat\/esc-la-cabana\/wp-json\/wp\/v2\/types\/post"}],"author":[{"embeddable":true,"href":"https:\/\/agora.xtec.cat\/esc-la-cabana\/wp-json\/wp\/v2\/users\/1"}],"replies":[{"embeddable":true,"href":"https:\/\/agora.xtec.cat\/esc-la-cabana\/wp-json\/wp\/v2\/comments?post=18647"}],"version-history":[{"count":3,"href":"https:\/\/agora.xtec.cat\/esc-la-cabana\/wp-json\/wp\/v2\/posts\/18647\/revisions"}],"predecessor-version":[{"id":18660,"href":"https:\/\/agora.xtec.cat\/esc-la-cabana\/wp-json\/wp\/v2\/posts\/18647\/revisions\/18660"}],"wp:featuredmedia":[{"embeddable":true,"href":"https:\/\/agora.xtec.cat\/esc-la-cabana\/wp-json\/wp\/v2\/media\/18648"}],"wp:attachment":[{"href":"https:\/\/agora.xtec.cat\/esc-la-cabana\/wp-json\/wp\/v2\/media?parent=18647"}],"wp:term":[{"taxonomy":"category","embeddable":true,"href":"https:\/\/agora.xtec.cat\/esc-la-cabana\/wp-json\/wp\/v2\/categories?post=18647"},{"taxonomy":"post_tag","embeddable":true,"href":"https:\/\/agora.xtec.cat\/esc-la-cabana\/wp-json\/wp\/v2\/tags?post=18647"}],"curies":[{"name":"wp","href":"https:\/\/api.w.org\/{rel}","templated":true}]}}