{"id":18467,"date":"2022-02-28T12:44:53","date_gmt":"2022-02-28T11:44:53","guid":{"rendered":"https:\/\/agora.xtec.cat\/esc-la-cabana\/?p=18467"},"modified":"2022-02-28T12:48:10","modified_gmt":"2022-02-28T11:48:10","slug":"corrandes-a-lescola-la-cabana-3","status":"publish","type":"post","link":"https:\/\/agora.xtec.cat\/esc-la-cabana\/general\/corrandes-a-lescola-la-cabana-3\/","title":{"rendered":"CORRANDES A L&#8217;ESCOLA LA CABANA"},"content":{"rendered":"<p>Com cada any quan arriba el carnaval, l&#8217;alumnat de Cicle Superior apr\u00e8n a fer corrandes, aix\u00f2 s\u00f3n can\u00e7ons improvisades fetes de versos heptas\u00edl\u00b7labs amb rima creuada (ABBA, ABAB&#8230;) i aprofiten l&#8217;ocasi\u00f3 per fer s\u00e0tira dels mestres, de l&#8217;escola i de qualsevol que es posi pel davant.<\/p>\n<p>Aqu\u00ed teniu els textos sencers.<\/p>\n<p>Esperem que els gaudiu tant com nosaltres fent-les i cantant-les.<img loading=\"lazy\" decoding=\"async\" class=\"wp-image-17673 alignright\" src=\"https:\/\/agora.xtec.cat\/esc-la-cabana\/wp-content\/uploads\/usu849\/2021\/02\/ball-carnaval.jpg\" alt=\"\" width=\"257\" height=\"386\" srcset=\"https:\/\/agora.xtec.cat\/esc-la-cabana\/wp-content\/uploads\/usu849\/2021\/02\/ball-carnaval.jpg 341w, https:\/\/agora.xtec.cat\/esc-la-cabana\/wp-content\/uploads\/usu849\/2021\/02\/ball-carnaval-200x300.jpg 200w\" sizes=\"auto, (max-width: 257px) 100vw, 257px\" \/><\/p>\n<p><img loading=\"lazy\" decoding=\"async\" class=\"wp-image-17672 alignleft\" src=\"https:\/\/agora.xtec.cat\/esc-la-cabana\/wp-content\/uploads\/usu849\/2021\/02\/serpentinas.png\" alt=\"\" width=\"394\" height=\"292\" srcset=\"https:\/\/agora.xtec.cat\/esc-la-cabana\/wp-content\/uploads\/usu849\/2021\/02\/serpentinas.png 600w, https:\/\/agora.xtec.cat\/esc-la-cabana\/wp-content\/uploads\/usu849\/2021\/02\/serpentinas-300x222.png 300w\" sizes=\"auto, (max-width: 394px) 100vw, 394px\" \/><\/p>\n<p>&nbsp;<\/p>\n<p style=\"text-align: center;\"><strong>M\u00e9s endavant penjarem el v\u00eddeo amb l&#8217;actuaci\u00f3.<\/strong><\/p>\n<p style=\"text-align: center;\"><strong><span style=\"font-family: inherit; font-size: 1em;\">Disfruteu-les!<\/span><\/strong><\/p>\n<p style=\"text-align: center;\">\n<p>&nbsp;<\/p>\n<p>&nbsp;<\/p>\n<p>&nbsp;<\/p>\n<p>&nbsp;<\/p>\n<p style=\"text-align: center;\"><a href=\"https:\/\/agora.xtec.cat\/esc-la-cabana\/wp-content\/uploads\/usu849\/2022\/02\/Nur-Aleix-Z-i-Miguel.pdf\" target=\"_blank\" rel=\"noopener\">Nur, Aleix Z i Miguel<\/a><\/p>\n<p style=\"text-align: center;\"><a href=\"https:\/\/agora.xtec.cat\/esc-la-cabana\/wp-content\/uploads\/usu849\/2022\/02\/Oriol-M-i-Blai.pdf\" target=\"_blank\" rel=\"noopener\">Oriol M i Blai G<\/a><\/p>\n<p style=\"text-align: center;\"><a href=\"https:\/\/agora.xtec.cat\/esc-la-cabana\/wp-content\/uploads\/usu849\/2022\/02\/Naia-Vinyet-i-Amadeu.pdf\" target=\"_blank\" rel=\"noopener\">Naia, Vinyet i Amadeu<\/a><\/p>\n<p style=\"text-align: center;\"><a href=\"https:\/\/agora.xtec.cat\/esc-la-cabana\/wp-content\/uploads\/usu849\/2022\/02\/Elias-Jana-i-Marc.pdf\" target=\"_blank\" rel=\"noopener\">Elias, Jana i Marc<\/a><\/p>\n<p style=\"text-align: center;\"><a href=\"https:\/\/agora.xtec.cat\/esc-la-cabana\/wp-content\/uploads\/usu849\/2022\/02\/Dunia-Iris-i-Gina.pdf\" target=\"_blank\" rel=\"noopener\">D\u00fania, Iris i Gina<\/a><\/p>\n<p style=\"text-align: center;\"><a href=\"https:\/\/agora.xtec.cat\/esc-la-cabana\/wp-content\/uploads\/usu849\/2022\/02\/Carla-Ventura-Vaques-Abril-Sara.pdf\" target=\"_blank\" rel=\"noopener\">Carla, Abril S i Sara<\/a><\/p>\n<p style=\"text-align: center;\"><a href=\"https:\/\/agora.xtec.cat\/esc-la-cabana\/wp-content\/uploads\/usu849\/2022\/02\/Berta-Pascual-Boschi-Joana-Torres-Raventos.pdf\" target=\"_blank\" rel=\"noopener\">Berta P i Joana <\/a><\/p>\n<p style=\"text-align: center;\"><a href=\"https:\/\/agora.xtec.cat\/esc-la-cabana\/wp-content\/uploads\/usu849\/2022\/02\/Arnau-Abril-i-Cristian.pdf\" target=\"_blank\" rel=\"noopener\">Arnau, Abril i Cristian<\/a><\/p>\n<p style=\"text-align: center;\"><a href=\"https:\/\/agora.xtec.cat\/esc-la-cabana\/wp-content\/uploads\/usu849\/2022\/02\/Ares-i-Berta-B.pdf\" target=\"_blank\" rel=\"noopener\">Ar\u00e9s i Berta B<\/a><\/p>\n<p style=\"text-align: center;\"><a href=\"https:\/\/agora.xtec.cat\/esc-la-cabana\/wp-content\/uploads\/usu849\/2022\/02\/Alex-Gavira-i-Roger-.pdf\" target=\"_blank\" rel=\"noopener\">\u00c0lex G i Roger<\/a><\/p>\n<p style=\"text-align: center;\"><a href=\"https:\/\/agora.xtec.cat\/esc-la-cabana\/wp-content\/uploads\/usu849\/2022\/02\/Alex-A-i-Aleix-O.pdf\" target=\"_blank\" rel=\"noopener\">\u00c0lex A i Aleix O<\/a><\/p>\n<p>&nbsp;<\/p>\n","protected":false},"excerpt":{"rendered":"<p>Corrandes de l&#8217;escola La Cabana. Curs 2021-2022<\/p>\n","protected":false},"author":1,"featured_media":16189,"comment_status":"open","ping_status":"closed","sticky":false,"template":"","format":"standard","meta":{"_bbp_topic_count":0,"_bbp_reply_count":0,"_bbp_total_topic_count":0,"_bbp_total_reply_count":0,"_bbp_voice_count":0,"_bbp_anonymous_reply_count":0,"_bbp_topic_count_hidden":0,"_bbp_reply_count_hidden":0,"_bbp_forum_subforum_count":0,"site-sidebar-layout":"default","site-content-layout":"","ast-site-content-layout":"","site-content-style":"default","site-sidebar-style":"default","ast-global-header-display":"","ast-banner-title-visibility":"","ast-main-header-display":"","ast-hfb-above-header-display":"","ast-hfb-below-header-display":"","ast-hfb-mobile-header-display":"","site-post-title":"","ast-breadcrumbs-content":"","ast-featured-img":"","footer-sml-layout":"","theme-transparent-header-meta":"","adv-header-id-meta":"","stick-header-meta":"","header-above-stick-meta":"","header-main-stick-meta":"","header-below-stick-meta":"","astra-migrate-meta-layouts":"default","ast-page-background-enabled":"default","ast-page-background-meta":{"desktop":{"background-color":"var(--ast-global-color-4)","background-image":"","background-repeat":"repeat","background-position":"center center","background-size":"auto","background-attachment":"scroll","background-type":"","background-media":"","overlay-type":"","overlay-color":"","overlay-opacity":"","overlay-gradient":""},"tablet":{"background-color":"","background-image":"","background-repeat":"repeat","background-position":"center center","background-size":"auto","background-attachment":"scroll","background-type":"","background-media":"","overlay-type":"","overlay-color":"","overlay-opacity":"","overlay-gradient":""},"mobile":{"background-color":"","background-image":"","background-repeat":"repeat","background-position":"center center","background-size":"auto","background-attachment":"scroll","background-type":"","background-media":"","overlay-type":"","overlay-color":"","overlay-opacity":"","overlay-gradient":""}},"ast-content-background-meta":{"desktop":{"background-color":"var(--ast-global-color-5)","background-image":"","background-repeat":"repeat","background-position":"center center","background-size":"auto","background-attachment":"scroll","background-type":"","background-media":"","overlay-type":"","overlay-color":"","overlay-opacity":"","overlay-gradient":""},"tablet":{"background-color":"var(--ast-global-color-5)","background-image":"","background-repeat":"repeat","background-position":"center center","background-size":"auto","background-attachment":"scroll","background-type":"","background-media":"","overlay-type":"","overlay-color":"","overlay-opacity":"","overlay-gradient":""},"mobile":{"background-color":"var(--ast-global-color-5)","background-image":"","background-repeat":"repeat","background-position":"center center","background-size":"auto","background-attachment":"scroll","background-type":"","background-media":"","overlay-type":"","overlay-color":"","overlay-opacity":"","overlay-gradient":""}},"footnotes":""},"categories":[14,1,25,4],"tags":[98,199],"class_list":["post-18467","post","type-post","status-publish","format-standard","has-post-thumbnail","hentry","category-c-s","category-general","category-musica","category-portada","tag-carnaval","tag-corrandes"],"post_mailing_queue_ids":[],"_links":{"self":[{"href":"https:\/\/agora.xtec.cat\/esc-la-cabana\/wp-json\/wp\/v2\/posts\/18467","targetHints":{"allow":["GET"]}}],"collection":[{"href":"https:\/\/agora.xtec.cat\/esc-la-cabana\/wp-json\/wp\/v2\/posts"}],"about":[{"href":"https:\/\/agora.xtec.cat\/esc-la-cabana\/wp-json\/wp\/v2\/types\/post"}],"author":[{"embeddable":true,"href":"https:\/\/agora.xtec.cat\/esc-la-cabana\/wp-json\/wp\/v2\/users\/1"}],"replies":[{"embeddable":true,"href":"https:\/\/agora.xtec.cat\/esc-la-cabana\/wp-json\/wp\/v2\/comments?post=18467"}],"version-history":[{"count":3,"href":"https:\/\/agora.xtec.cat\/esc-la-cabana\/wp-json\/wp\/v2\/posts\/18467\/revisions"}],"predecessor-version":[{"id":18481,"href":"https:\/\/agora.xtec.cat\/esc-la-cabana\/wp-json\/wp\/v2\/posts\/18467\/revisions\/18481"}],"wp:featuredmedia":[{"embeddable":true,"href":"https:\/\/agora.xtec.cat\/esc-la-cabana\/wp-json\/wp\/v2\/media\/16189"}],"wp:attachment":[{"href":"https:\/\/agora.xtec.cat\/esc-la-cabana\/wp-json\/wp\/v2\/media?parent=18467"}],"wp:term":[{"taxonomy":"category","embeddable":true,"href":"https:\/\/agora.xtec.cat\/esc-la-cabana\/wp-json\/wp\/v2\/categories?post=18467"},{"taxonomy":"post_tag","embeddable":true,"href":"https:\/\/agora.xtec.cat\/esc-la-cabana\/wp-json\/wp\/v2\/tags?post=18467"}],"curies":[{"name":"wp","href":"https:\/\/api.w.org\/{rel}","templated":true}]}}