{"id":18367,"date":"2022-01-30T12:25:36","date_gmt":"2022-01-30T11:25:36","guid":{"rendered":"https:\/\/agora.xtec.cat\/esc-la-cabana\/?p=18367"},"modified":"2022-01-30T12:20:37","modified_gmt":"2022-01-30T11:20:37","slug":"a-fortnight-full-of-online-meetings","status":"publish","type":"post","link":"https:\/\/agora.xtec.cat\/esc-la-cabana\/general\/a-fortnight-full-of-online-meetings\/","title":{"rendered":"A FORTNIGHT FULL OF ONLINE MEETINGS"},"content":{"rendered":"<h5><a href=\"https:\/\/agora.xtec.cat\/esc-la-cabana\/wp-content\/uploads\/usu849\/2021\/12\/logo-eTwinning-final.jpg\"><img loading=\"lazy\" decoding=\"async\" class=\"wp-image-18327 alignleft\" src=\"https:\/\/agora.xtec.cat\/esc-la-cabana\/wp-content\/uploads\/usu849\/2021\/12\/logo-eTwinning-final-1024x941.jpg\" alt=\"\" width=\"135\" height=\"124\" srcset=\"https:\/\/agora.xtec.cat\/esc-la-cabana\/wp-content\/uploads\/usu849\/2021\/12\/logo-eTwinning-final-1024x941.jpg 1024w, https:\/\/agora.xtec.cat\/esc-la-cabana\/wp-content\/uploads\/usu849\/2021\/12\/logo-eTwinning-final-300x276.jpg 300w, https:\/\/agora.xtec.cat\/esc-la-cabana\/wp-content\/uploads\/usu849\/2021\/12\/logo-eTwinning-final-768x706.jpg 768w, https:\/\/agora.xtec.cat\/esc-la-cabana\/wp-content\/uploads\/usu849\/2021\/12\/logo-eTwinning-final-1536x1412.jpg 1536w, https:\/\/agora.xtec.cat\/esc-la-cabana\/wp-content\/uploads\/usu849\/2021\/12\/logo-eTwinning-final-2048x1883.jpg 2048w\" sizes=\"auto, (max-width: 135px) 100vw, 135px\" \/><\/a><\/h5>\n<h5><\/h5>\n<h5>Do you want to know what we have been doing as far as the &#8220;Cultural Exchange&#8221; eTwinning Project is concerned?<\/h5>\n<p><em>Voleu saber qu\u00e8 hem estat fent referent al projecte eTwinning &#8220;Cultural Exchange?<\/em><\/p>\n<p>&nbsp;<\/p>\n<p><strong>During a fortnight, in the English classes, the desired online meetings to know us took place.<\/strong><\/p>\n<p><em>Durant dues setmanes, a les classes d&#8217;angl\u00e8s, van tenir lloc les esperades videoconfer\u00e8ncies.<\/em><\/p>\n<p><strong><a href=\"https:\/\/agora.xtec.cat\/esc-la-cabana\/wp-content\/uploads\/usu849\/2022\/01\/LANGUAGE-EXCHANGE-MEETINGS-1st-time-A.jpg\"><img loading=\"lazy\" decoding=\"async\" class=\"wp-image-18368 alignleft\" src=\"https:\/\/agora.xtec.cat\/esc-la-cabana\/wp-content\/uploads\/usu849\/2022\/01\/LANGUAGE-EXCHANGE-MEETINGS-1st-time-A-1024x819.jpg\" alt=\"\" width=\"524\" height=\"419\" srcset=\"https:\/\/agora.xtec.cat\/esc-la-cabana\/wp-content\/uploads\/usu849\/2022\/01\/LANGUAGE-EXCHANGE-MEETINGS-1st-time-A-1024x819.jpg 1024w, https:\/\/agora.xtec.cat\/esc-la-cabana\/wp-content\/uploads\/usu849\/2022\/01\/LANGUAGE-EXCHANGE-MEETINGS-1st-time-A-300x240.jpg 300w, https:\/\/agora.xtec.cat\/esc-la-cabana\/wp-content\/uploads\/usu849\/2022\/01\/LANGUAGE-EXCHANGE-MEETINGS-1st-time-A-768x614.jpg 768w, https:\/\/agora.xtec.cat\/esc-la-cabana\/wp-content\/uploads\/usu849\/2022\/01\/LANGUAGE-EXCHANGE-MEETINGS-1st-time-A-1536x1229.jpg 1536w, https:\/\/agora.xtec.cat\/esc-la-cabana\/wp-content\/uploads\/usu849\/2022\/01\/LANGUAGE-EXCHANGE-MEETINGS-1st-time-A.jpg 2000w\" sizes=\"auto, (max-width: 524px) 100vw, 524px\" \/><\/a>Pupils in the Coral&#8217;s classroom could meet pupils in Zakladn\u00e1 Skola and in F<span class=\"JsGRdQ\">evzipa\u015fa Ilkokulu, the Slovak and one of the Turkish schools.<\/span><\/strong><\/p>\n<p><strong>Pupils in the Invasive Species only could meet with students in Zakladn\u00e1 Skola, <span class=\"JsGRdQ\">the Slovak school. Due to a Snowstorm in Turkey, classes were canceled in Fevzipa\u015fa Ilkokulu and so, also our meeting. But we will meet very soon again.<\/span><\/strong><\/p>\n<p><em>L&#8217;alumnat de la classe del Corall es va poder trobar amb l&#8217;alumnat de l&#8217;escola eslovaca de Zakladn\u00e1 i la turca de <span class=\"JsGRdQ\">Fevzipa\u015fa<\/span>.<\/em><\/p>\n<p><em>L&#8217;alumnat de la classe de les Esp\u00e8cies Invasores nom\u00e9s es va poder trobar amb l&#8217;alumnat de l&#8217;escola eslovaca Zakladn\u00e1. Degut a una tempesta de neu a Turquia, les classes es van cancel\u00b7lar a l&#8217;escola\u00a0 <span class=\"JsGRdQ\">Fevzipa\u015fa i per tant, tamb\u00e9 la nostra reuni\u00f3. Per\u00f2 aviat ens retrobarem.<\/span><\/em><\/p>\n<p><strong>Meeting on line was a really enjoying, exciting and rewarding\u00a0 experience for all of us; not only because it was the first time that we could see us face-to-face (even though there was a screen in between), talk and know a bit more of all of us, but also because we could exchange some language into our mother tongues and hear how they sounded.<\/strong><\/p>\n<p><em>Trobar-nos en l\u00ednia va ser una experi\u00e8ncia, divertida, emocionant i gratificant per tots nosaltres; no nom\u00e9s perqu\u00e8 era la primera vegada que ens podiem veure cara a cara (tot i tenir una pantalla pel mig), parlar i saber una mica m\u00e9s sobre nosaltres, sin\u00f3 tamb\u00e9 perqu\u00e8 vam poder intercanviar unes quantes paraules de les nostres lleng\u00fces maternes i escoltar com sonaven.<\/em><\/p>\n<p><a href=\"https:\/\/agora.xtec.cat\/esc-la-cabana\/wp-content\/uploads\/usu849\/2022\/01\/LANGUAGE-EXCHANGE-MEETINGS-1st-time-B.jpg\"><img loading=\"lazy\" decoding=\"async\" class=\"alignnone size-large wp-image-18369\" src=\"https:\/\/agora.xtec.cat\/esc-la-cabana\/wp-content\/uploads\/usu849\/2022\/01\/LANGUAGE-EXCHANGE-MEETINGS-1st-time-B-1024x819.jpg\" alt=\"\" width=\"1024\" height=\"819\" srcset=\"https:\/\/agora.xtec.cat\/esc-la-cabana\/wp-content\/uploads\/usu849\/2022\/01\/LANGUAGE-EXCHANGE-MEETINGS-1st-time-B-1024x819.jpg 1024w, https:\/\/agora.xtec.cat\/esc-la-cabana\/wp-content\/uploads\/usu849\/2022\/01\/LANGUAGE-EXCHANGE-MEETINGS-1st-time-B-300x240.jpg 300w, https:\/\/agora.xtec.cat\/esc-la-cabana\/wp-content\/uploads\/usu849\/2022\/01\/LANGUAGE-EXCHANGE-MEETINGS-1st-time-B-768x614.jpg 768w, https:\/\/agora.xtec.cat\/esc-la-cabana\/wp-content\/uploads\/usu849\/2022\/01\/LANGUAGE-EXCHANGE-MEETINGS-1st-time-B-1536x1229.jpg 1536w, https:\/\/agora.xtec.cat\/esc-la-cabana\/wp-content\/uploads\/usu849\/2022\/01\/LANGUAGE-EXCHANGE-MEETINGS-1st-time-B.jpg 2000w\" sizes=\"auto, (max-width: 1024px) 100vw, 1024px\" \/><\/a><\/p>\n<p><strong>It is a pity that during this term we cannot arrange any meeting with Alkasan&#8217;s School, also in Turkey. Our timetables are not compatible, but we will try it again on the last term. Fingers crossed!<\/strong><\/p>\n<p><em>\u00c9s una ll\u00e0stima que durant aquest trimestre tampoc ens puguem trobar amb l&#8217;escola Alkasan, tamb\u00e9 a Turquia. Els nostres horaris s\u00f3n incompatibles, per\u00f2 ho tornarem a intentar en el darrer trimestre. Creuem els dits!<\/em><\/p>\n<p><strong>We hope you enjoy these videos with some of the moments we lived together:<\/strong><\/p>\n<p><em>Desitgem que gaudiu d&#8217;aquests v\u00eddeos amb alguns dels moments que vam viure junts:<\/em><\/p>\n<p><a href=\"https:\/\/youtu.be\/qnISfDIQ46g\" target=\"_blank\" rel=\"noopener\">Fevzipa\u015fa &amp; La Cabana (group B) videoconference<\/a>.<\/p>\n<p><a href=\"https:\/\/youtu.be\/nw0sQQ2feLY\" target=\"_blank\" rel=\"noopener\">Zakladn\u00e1 (group 1) &amp; La Cabana (group B) videoconference<\/a>.<\/p>\n<p>Zakladn\u00e1 (group 2) &amp; La Cabana (group A) videoconference.<\/p>\n<p><strong><span style=\"text-decoration: underline;\">NOTE<\/span>: THE VIDEO OF THE INVASIVE SPECIES CLASSROOM WILL BE READY VERY SOON.\u00a0<\/strong><\/p>\n<p><span style=\"text-decoration: underline;\">NOTA<\/span>: EL V\u00cdDEO DE LA CLASSE DE LES ESP\u00c8CIES INVASORES ESTAR\u00c0 PREPARAT BEN AVIAT.<\/p>\n<p>&nbsp;<\/p>\n<h5>And&#8230; what is next in the Project?<\/h5>\n<p><em>I&#8230; qu\u00e8 toca ara al Projecte?<\/em><\/p>\n<p><strong>During this week we have become noteworthy chefs and cooks and we are working hard with the cooking workshop. Sharing our cusine also enhaces our cultural knowledge.<\/strong><\/p>\n<p><em>Durant aquesta setmana hem esdevingut importants xefs i cuiners\/es\u00a0 i estem treballant molt amb el taller de cuina. Compartint la nostra cuina tamb\u00e9 enforteix el nostre coneixement cultural.<\/em><\/p>\n<p><strong>Pretty soon you will be able to watch the videos with the Turkish, the Slovak and the Catalan typical recipes.<\/strong><\/p>\n<p>Molt aviat podreu veure els v\u00eddeos amb les receptes t\u00edpiques turques, eslovaques i catalanes.<\/p>\n<h3 style=\"text-align: center;\">KEEP THE BALL ROLLING<\/h3>\n<p style=\"text-align: center;\">SEGUIM!<\/p>\n<p>&nbsp;<\/p>\n<p>&nbsp;<\/p>\n","protected":false},"excerpt":{"rendered":"<p>THE WELL-DESERVED ONLINE MEETINGS TO KNOW US TOOK PLACE DURING THE LAST FORTNIGHT.<\/p>\n","protected":false},"author":18,"featured_media":18370,"comment_status":"open","ping_status":"closed","sticky":false,"template":"","format":"standard","meta":{"_bbp_topic_count":0,"_bbp_reply_count":0,"_bbp_total_topic_count":0,"_bbp_total_reply_count":0,"_bbp_voice_count":0,"_bbp_anonymous_reply_count":0,"_bbp_topic_count_hidden":0,"_bbp_reply_count_hidden":0,"_bbp_forum_subforum_count":0,"site-sidebar-layout":"default","site-content-layout":"","ast-site-content-layout":"","site-content-style":"default","site-sidebar-style":"default","ast-global-header-display":"","ast-banner-title-visibility":"","ast-main-header-display":"","ast-hfb-above-header-display":"","ast-hfb-below-header-display":"","ast-hfb-mobile-header-display":"","site-post-title":"","ast-breadcrumbs-content":"","ast-featured-img":"","footer-sml-layout":"","theme-transparent-header-meta":"","adv-header-id-meta":"","stick-header-meta":"","header-above-stick-meta":"","header-main-stick-meta":"","header-below-stick-meta":"","astra-migrate-meta-layouts":"default","ast-page-background-enabled":"default","ast-page-background-meta":{"desktop":{"background-color":"var(--ast-global-color-4)","background-image":"","background-repeat":"repeat","background-position":"center center","background-size":"auto","background-attachment":"scroll","background-type":"","background-media":"","overlay-type":"","overlay-color":"","overlay-opacity":"","overlay-gradient":""},"tablet":{"background-color":"","background-image":"","background-repeat":"repeat","background-position":"center center","background-size":"auto","background-attachment":"scroll","background-type":"","background-media":"","overlay-type":"","overlay-color":"","overlay-opacity":"","overlay-gradient":""},"mobile":{"background-color":"","background-image":"","background-repeat":"repeat","background-position":"center center","background-size":"auto","background-attachment":"scroll","background-type":"","background-media":"","overlay-type":"","overlay-color":"","overlay-opacity":"","overlay-gradient":""}},"ast-content-background-meta":{"desktop":{"background-color":"var(--ast-global-color-5)","background-image":"","background-repeat":"repeat","background-position":"center center","background-size":"auto","background-attachment":"scroll","background-type":"","background-media":"","overlay-type":"","overlay-color":"","overlay-opacity":"","overlay-gradient":""},"tablet":{"background-color":"var(--ast-global-color-5)","background-image":"","background-repeat":"repeat","background-position":"center center","background-size":"auto","background-attachment":"scroll","background-type":"","background-media":"","overlay-type":"","overlay-color":"","overlay-opacity":"","overlay-gradient":""},"mobile":{"background-color":"var(--ast-global-color-5)","background-image":"","background-repeat":"repeat","background-position":"center center","background-size":"auto","background-attachment":"scroll","background-type":"","background-media":"","overlay-type":"","overlay-color":"","overlay-opacity":"","overlay-gradient":""}},"footnotes":""},"categories":[23,14,1,4,5,311],"tags":[129,74,101],"class_list":["post-18367","post","type-post","status-publish","format-standard","has-post-thumbnail","hentry","category-angles","category-c-s","category-general","category-portada","category-primaria","category-projecte-e-twinning","tag-angles","tag-cicle-superior","tag-projecte"],"post_mailing_queue_ids":[],"_links":{"self":[{"href":"https:\/\/agora.xtec.cat\/esc-la-cabana\/wp-json\/wp\/v2\/posts\/18367","targetHints":{"allow":["GET"]}}],"collection":[{"href":"https:\/\/agora.xtec.cat\/esc-la-cabana\/wp-json\/wp\/v2\/posts"}],"about":[{"href":"https:\/\/agora.xtec.cat\/esc-la-cabana\/wp-json\/wp\/v2\/types\/post"}],"author":[{"embeddable":true,"href":"https:\/\/agora.xtec.cat\/esc-la-cabana\/wp-json\/wp\/v2\/users\/18"}],"replies":[{"embeddable":true,"href":"https:\/\/agora.xtec.cat\/esc-la-cabana\/wp-json\/wp\/v2\/comments?post=18367"}],"version-history":[{"count":3,"href":"https:\/\/agora.xtec.cat\/esc-la-cabana\/wp-json\/wp\/v2\/posts\/18367\/revisions"}],"predecessor-version":[{"id":18377,"href":"https:\/\/agora.xtec.cat\/esc-la-cabana\/wp-json\/wp\/v2\/posts\/18367\/revisions\/18377"}],"wp:featuredmedia":[{"embeddable":true,"href":"https:\/\/agora.xtec.cat\/esc-la-cabana\/wp-json\/wp\/v2\/media\/18370"}],"wp:attachment":[{"href":"https:\/\/agora.xtec.cat\/esc-la-cabana\/wp-json\/wp\/v2\/media?parent=18367"}],"wp:term":[{"taxonomy":"category","embeddable":true,"href":"https:\/\/agora.xtec.cat\/esc-la-cabana\/wp-json\/wp\/v2\/categories?post=18367"},{"taxonomy":"post_tag","embeddable":true,"href":"https:\/\/agora.xtec.cat\/esc-la-cabana\/wp-json\/wp\/v2\/tags?post=18367"}],"curies":[{"name":"wp","href":"https:\/\/api.w.org\/{rel}","templated":true}]}}