{"id":18337,"date":"2021-12-21T15:53:38","date_gmt":"2021-12-21T14:53:38","guid":{"rendered":"https:\/\/agora.xtec.cat\/esc-la-cabana\/?p=18337"},"modified":"2021-12-21T15:53:38","modified_gmt":"2021-12-21T14:53:38","slug":"no-perdem-la-il%c2%b7lusio-i-la-magia-del-nadal","status":"publish","type":"post","link":"https:\/\/agora.xtec.cat\/esc-la-cabana\/general\/no-perdem-la-il%c2%b7lusio-i-la-magia-del-nadal\/","title":{"rendered":"NO PERDEM LA IL\u00b7LUSI\u00d3 I LA M\u00c0GIA DEL NADAL!"},"content":{"rendered":"<h4 style=\"text-align: center;\">Aquest curs, tot i tenir-ho tot previst per a rebre-us a l&#8217;escola, hem hagut de modificar el format de l\u2019esperat concert de Nadal, que organitzem cada any al nostre centre.<\/h4>\n<h4 style=\"text-align: center;\">No obstant, no vol\u00edem que aix\u00f2 fos un impediment per dur-lo a terme, i hem obert les portes de l\u2019escola de forma virtual per fer-vos arribar el festival a casa vostra. Segur que tot i la situaci\u00f3 d\u2019excepcionalitat, ser\u00e0 un bon moment per gaudir-ne conjuntament amb tota la fam\u00edlia.<\/h4>\n<h4 style=\"text-align: center;\">A continuaci\u00f3, podeu veure tots els v\u00eddeos en els diferents enlla\u00e7os, distribu\u00efts per grups classe.<\/h4>\n<p>&nbsp;<\/p>\n<h5><span style=\"text-decoration: underline;\">CLASSE DE LES TORTUGUES<\/span><\/h5>\n<ul>\n<li>\n<h5><a href=\"https:\/\/photos.app.goo.gl\/uyeWQfa6LkRLLp9M6\">Poema de Nadal: &#8220;Poema de Nadal&#8221; (Popular)<\/a><\/h5>\n<\/li>\n<li>\n<h5><a href=\"https:\/\/photos.app.goo.gl\/qsAmMSUyPSh3XdfJ6\">Can\u00e7\u00f3 de Nadal: &#8220;Amb la llum del fanalet&#8221; (Pa\u00eds de Xauxa)<\/a><\/h5>\n<\/li>\n<\/ul>\n<h5><span style=\"text-decoration: underline;\">CLASSE DE LES PESCADORES I DELS PESCADORS<\/span><\/h5>\n<ul>\n<li>\n<h5><a href=\"https:\/\/photos.app.goo.gl\/L1gJV7f4xKBQTmmS6\">Poema de Nadal: &#8220;La campana&#8221; (Popular)<\/a><\/h5>\n<\/li>\n<li>\n<h5><a href=\"https:\/\/photos.app.goo.gl\/ikPRAVKewpq7aQfSA\">Can\u00e7\u00f3 de Nadal: &#8220;Ti\u00f3 de Nadal&#8221; (Pot Petit)<\/a><\/h5>\n<\/li>\n<li>\n<h5><a href=\"https:\/\/photos.app.goo.gl\/md83yVe1fZMFktWw7\">Christmas English song: &#8220;It&#8217;s Christmas, it&#8217;s snowing!&#8221; (Autor\/a desconegut\/da)<\/a><\/h5>\n<\/li>\n<\/ul>\n<h5><span style=\"text-decoration: underline;\">CLASSE DELS DOFINS<\/span><\/h5>\n<ul>\n<li>\n<h5><a href=\"https:\/\/photos.app.goo.gl\/MEzWSgJizcaYV8kG8\">Poema de Nadal: &#8220;Poema de Nadal&#8221; (Popular)<\/a><\/h5>\n<\/li>\n<li>\n<h5><a href=\"https:\/\/photos.app.goo.gl\/TtEn1cCW9Piq4rX38\">Can\u00e7\u00f3 de Nadal: &#8220;El Nadal ja \u00e9s aqu\u00ed&#8221; (Pot Petit)<\/a><\/h5>\n<\/li>\n<li>\n<h5><a href=\"https:\/\/photos.app.goo.gl\/5wVXTaeM7LyPWN416\">Christmas English song: &#8220;It&#8217;s Christmas, it&#8217;s snowing!&#8221; (Autor\/a desconegut\/da)<\/a><\/h5>\n<\/li>\n<\/ul>\n<h5><span style=\"text-decoration: underline;\">CLASSE DE LES PIRATES I DELS PIRATES<\/span><\/h5>\n<ul>\n<li>\n<h5>Poema de Nadal: &#8220;Estel brillant&#8221; (Isabel Buriel)<\/h5>\n<\/li>\n<li>\n<h5><a href=\"https:\/\/youtube.com\/watch?v=pWNzeYtlW5k&amp;feature=share\" target=\"_blank\" rel=\"noopener\">V\u00eddeo-recopliaci\u00f3 de fotografies de les feinetes del Nadal<\/a><\/h5>\n<\/li>\n<\/ul>\n<h5><span style=\"text-decoration: underline;\">CLASSE DELS TAURONS<\/span><\/h5>\n<ul>\n<li>\n<h5><a href=\"https:\/\/photos.app.goo.gl\/Y4gg1kok2GfpPH64A\">Poema de Nadal: &#8220;Estel brillant&#8221; (Isabel Buriel)<\/a><\/h5>\n<\/li>\n<li>\n<h5><a href=\"https:\/\/photos.app.goo.gl\/bUpJTimaxGxMp25b6\">Can\u00e7\u00f3 de Nadal: &#8220;A retallar papers&#8221; (Rah-mon Roma)<\/a><\/h5>\n<\/li>\n<\/ul>\n<h5><span style=\"text-decoration: underline;\">CLASSE DELS CREUERS<\/span><\/h5>\n<ul>\n<li>\n<h5><a href=\"https:\/\/photos.app.goo.gl\/N6i2jkZM3Ge81nN78\">Poema de Nadal: &#8220;Podries&#8221; (Joana Raspall)<\/a><\/h5>\n<\/li>\n<li>\n<h5><a href=\"https:\/\/photos.app.goo.gl\/EwdysFD2q18YqPMn9\">Can\u00e7\u00f3 de Nadal: &#8220;El dinar de Nadal&#8221; (Ferran Andechaga i Sergi Esparza)<\/a><\/h5>\n<\/li>\n<\/ul>\n<h5><span style=\"text-decoration: underline;\">CLASSE DE LA POSID\u00d2NIA<\/span><\/h5>\n<ul>\n<li>\n<h5><a href=\"https:\/\/photos.app.goo.gl\/mYDzRtAwvnfQJv1L7\">Poema de Nadal: &#8220;Podries&#8221; (Joana Raspall)<\/a><\/h5>\n<\/li>\n<li>\n<h5><a href=\"https:\/\/photos.app.goo.gl\/LLAxk99d36XrJFUZ8\">Can\u00e7\u00f3 de Nadal: &#8220;La mandarina clementina&#8221; (Ferran Andechaga i Sergi Esparza)<\/a><\/h5>\n<\/li>\n<\/ul>\n<h5><span style=\"text-decoration: underline;\">CLASSE DE LES ESP\u00c8CIES INVASORES<\/span><\/h5>\n<ul>\n<li>\n<h5>Poema de Nadal: &#8220;L&#8217;arbre de Nadal&#8221; (Autor\/a desconegut\/da)<\/h5>\n<\/li>\n<li>\n<h5><a href=\"https:\/\/photos.app.goo.gl\/1G3wRKhYtBwx2GTE9\">Can\u00e7\u00f3 de Nadal: &#8220;Simplement (Blaumut)<\/a><\/h5>\n<\/li>\n<\/ul>\n<h5><span style=\"text-decoration: underline;\">CLASSE DEL CORALL<\/span><\/h5>\n<ul>\n<li>\n<h5>Poema de Nadal: &#8220;L&#8217;arbre de Nadal&#8221; (Autor\/a desconegut\/da)<\/h5>\n<\/li>\n<li>\n<h5><a href=\"https:\/\/photos.app.goo.gl\/3q7CmF2cDjWpSrQ48\">Can\u00e7\u00f3 de Nadal: &#8220;Tant de bo&#8221; (Suu)<\/a><\/h5>\n<\/li>\n<\/ul>\n<h5><span style=\"text-decoration: underline;\"><a href=\"https:\/\/photos.app.goo.gl\/eMf8746PHQeXzNHH9\">EQUIP DE MESTRES DE LA CABANA<\/a><\/span><\/h5>\n<p>&nbsp;<\/p>\n<h5>Finalment, us volem presentar els primers passos del grup Saxomb\u00f3 de cicle mitj\u00e0:<\/h5>\n<h5><a href=\"https:\/\/photos.app.goo.gl\/67JbfjwGaAbeNtZh9\"><span style=\"text-decoration: underline;\">EL GRUP SAXOMB\u00d3 FA LA PRIMERA ACTUACI\u00d3<\/span><\/a><\/h5>\n<p>&nbsp;<\/p>\n<h3 style=\"text-align: center;\"><strong>Aprofitem per desitjar-vos molt bones festes i molta salut!<\/strong><\/h3>\n","protected":false},"excerpt":{"rendered":"<p>Aquest curs, tot i tenir-ho tot previst per a rebre-us a l&#8217;escola, hem hagut de modificar el format de l\u2019esperat concert de Nadal, que organitzem cada any al nostre centre. No obstant, no vol\u00edem que aix\u00f2 fos un impediment per dur-lo a terme, i hem obert les portes de l\u2019escola de forma virtual per fer-vos [&hellip;]<\/p>\n","protected":false},"author":1,"featured_media":1363,"comment_status":"open","ping_status":"closed","sticky":false,"template":"","format":"standard","meta":{"_bbp_topic_count":0,"_bbp_reply_count":0,"_bbp_total_topic_count":0,"_bbp_total_reply_count":0,"_bbp_voice_count":0,"_bbp_anonymous_reply_count":0,"_bbp_topic_count_hidden":0,"_bbp_reply_count_hidden":0,"_bbp_forum_subforum_count":0,"site-sidebar-layout":"default","site-content-layout":"","ast-site-content-layout":"","site-content-style":"default","site-sidebar-style":"default","ast-global-header-display":"","ast-banner-title-visibility":"","ast-main-header-display":"","ast-hfb-above-header-display":"","ast-hfb-below-header-display":"","ast-hfb-mobile-header-display":"","site-post-title":"","ast-breadcrumbs-content":"","ast-featured-img":"","footer-sml-layout":"","theme-transparent-header-meta":"","adv-header-id-meta":"","stick-header-meta":"","header-above-stick-meta":"","header-main-stick-meta":"","header-below-stick-meta":"","astra-migrate-meta-layouts":"default","ast-page-background-enabled":"default","ast-page-background-meta":{"desktop":{"background-color":"var(--ast-global-color-4)","background-image":"","background-repeat":"repeat","background-position":"center center","background-size":"auto","background-attachment":"scroll","background-type":"","background-media":"","overlay-type":"","overlay-color":"","overlay-opacity":"","overlay-gradient":""},"tablet":{"background-color":"","background-image":"","background-repeat":"repeat","background-position":"center center","background-size":"auto","background-attachment":"scroll","background-type":"","background-media":"","overlay-type":"","overlay-color":"","overlay-opacity":"","overlay-gradient":""},"mobile":{"background-color":"","background-image":"","background-repeat":"repeat","background-position":"center center","background-size":"auto","background-attachment":"scroll","background-type":"","background-media":"","overlay-type":"","overlay-color":"","overlay-opacity":"","overlay-gradient":""}},"ast-content-background-meta":{"desktop":{"background-color":"var(--ast-global-color-5)","background-image":"","background-repeat":"repeat","background-position":"center center","background-size":"auto","background-attachment":"scroll","background-type":"","background-media":"","overlay-type":"","overlay-color":"","overlay-opacity":"","overlay-gradient":""},"tablet":{"background-color":"var(--ast-global-color-5)","background-image":"","background-repeat":"repeat","background-position":"center center","background-size":"auto","background-attachment":"scroll","background-type":"","background-media":"","overlay-type":"","overlay-color":"","overlay-opacity":"","overlay-gradient":""},"mobile":{"background-color":"var(--ast-global-color-5)","background-image":"","background-repeat":"repeat","background-position":"center center","background-size":"auto","background-attachment":"scroll","background-type":"","background-media":"","overlay-type":"","overlay-color":"","overlay-opacity":"","overlay-gradient":""}},"footnotes":""},"categories":[304,10,12,14,33,1,25,4,5],"tags":[318,319,317],"class_list":["post-18337","post","type-post","status-publish","format-standard","has-post-thumbnail","hentry","category-angles-ed-infantil","category-c-i","category-c-m","category-c-s","category-e-i","category-general","category-musica","category-portada","category-primaria","tag-cancons-de-nadal","tag-concert-de-nadal","tag-nadal-2021"],"post_mailing_queue_ids":[],"_links":{"self":[{"href":"https:\/\/agora.xtec.cat\/esc-la-cabana\/wp-json\/wp\/v2\/posts\/18337","targetHints":{"allow":["GET"]}}],"collection":[{"href":"https:\/\/agora.xtec.cat\/esc-la-cabana\/wp-json\/wp\/v2\/posts"}],"about":[{"href":"https:\/\/agora.xtec.cat\/esc-la-cabana\/wp-json\/wp\/v2\/types\/post"}],"author":[{"embeddable":true,"href":"https:\/\/agora.xtec.cat\/esc-la-cabana\/wp-json\/wp\/v2\/users\/1"}],"replies":[{"embeddable":true,"href":"https:\/\/agora.xtec.cat\/esc-la-cabana\/wp-json\/wp\/v2\/comments?post=18337"}],"version-history":[{"count":3,"href":"https:\/\/agora.xtec.cat\/esc-la-cabana\/wp-json\/wp\/v2\/posts\/18337\/revisions"}],"predecessor-version":[{"id":18353,"href":"https:\/\/agora.xtec.cat\/esc-la-cabana\/wp-json\/wp\/v2\/posts\/18337\/revisions\/18353"}],"wp:featuredmedia":[{"embeddable":true,"href":"https:\/\/agora.xtec.cat\/esc-la-cabana\/wp-json\/wp\/v2\/media\/1363"}],"wp:attachment":[{"href":"https:\/\/agora.xtec.cat\/esc-la-cabana\/wp-json\/wp\/v2\/media?parent=18337"}],"wp:term":[{"taxonomy":"category","embeddable":true,"href":"https:\/\/agora.xtec.cat\/esc-la-cabana\/wp-json\/wp\/v2\/categories?post=18337"},{"taxonomy":"post_tag","embeddable":true,"href":"https:\/\/agora.xtec.cat\/esc-la-cabana\/wp-json\/wp\/v2\/tags?post=18337"}],"curies":[{"name":"wp","href":"https:\/\/api.w.org\/{rel}","templated":true}]}}