{"id":18305,"date":"2021-12-13T10:59:35","date_gmt":"2021-12-13T09:59:35","guid":{"rendered":"https:\/\/agora.xtec.cat\/esc-la-cabana\/?p=18305"},"modified":"2021-12-19T22:46:47","modified_gmt":"2021-12-19T21:46:47","slug":"the-winning-logo-in-etwinning-project","status":"publish","type":"post","link":"https:\/\/agora.xtec.cat\/esc-la-cabana\/portada\/the-winning-logo-in-etwinning-project\/","title":{"rendered":"THE WINNING LOGO IN ETWINNING PROJECT!!!!!"},"content":{"rendered":"<p>&nbsp;<\/p>\n<p><a href=\"https:\/\/agora.xtec.cat\/esc-la-cabana\/wp-content\/uploads\/usu849\/2021\/12\/BREAKING-NEWS-LOGO-CONTEST.png\"><img loading=\"lazy\" decoding=\"async\" class=\"alignnone size-large wp-image-18306\" src=\"https:\/\/agora.xtec.cat\/esc-la-cabana\/wp-content\/uploads\/usu849\/2021\/12\/BREAKING-NEWS-LOGO-CONTEST-1024x576.png\" alt=\"\" width=\"1024\" height=\"576\" srcset=\"https:\/\/agora.xtec.cat\/esc-la-cabana\/wp-content\/uploads\/usu849\/2021\/12\/BREAKING-NEWS-LOGO-CONTEST-1024x576.png 1024w, https:\/\/agora.xtec.cat\/esc-la-cabana\/wp-content\/uploads\/usu849\/2021\/12\/BREAKING-NEWS-LOGO-CONTEST-300x169.png 300w, https:\/\/agora.xtec.cat\/esc-la-cabana\/wp-content\/uploads\/usu849\/2021\/12\/BREAKING-NEWS-LOGO-CONTEST-768x432.png 768w, https:\/\/agora.xtec.cat\/esc-la-cabana\/wp-content\/uploads\/usu849\/2021\/12\/BREAKING-NEWS-LOGO-CONTEST.png 1280w\" sizes=\"auto, (max-width: 1024px) 100vw, 1024px\" \/><\/a><strong>Hello everyone!\u00a0<\/strong><em>Hola a tothom!<\/em><\/p>\n<p><strong>It&#8217;s a pleasure to announce the logo that, from now on, will represent us in our International eTwinning project &#8220;Cultural Exchange&#8221;.<\/strong><\/p>\n<p><em>\u00c9s un plaer anunciar-vos el LOGOTIP que, a partir d&#8217;ara, ens representar\u00e0 en el nostre projecte Internacional eTwinning &#8220;Intercanvi Cultural&#8221;.<\/em><\/p>\n<p><strong>As you can see below, the results were quite adjusted and it was really hard to choose one, because all of them deserved it. However, it was a contest and we had to choose one.<\/strong><\/p>\n<p><em>Com podreu veure a sota, els resultats van ser bastant ajustats i va ser molt dif\u00edcil escollir-ne un, perqu\u00e8 tots s&#8217;ho mereixien. Amb tot, era un concurs i haviem de triar-ne un.<\/em><\/p>\n<p><strong>As you can check below, participation was not huge. Only 177 people from four schools voted, but we really acknowledge all the participants, in the four school communities, who did it for having found a little time to vote and participate in our project. THANKS A BUNCH!<\/strong><\/p>\n<p><em>Com podeu comprovar a sota, la participaci\u00f3 no va ser gaire gran. Nom\u00e9s 177 persones de les quatre escoles van votar, per\u00f2 estem realment agra\u00efts amb tots els participants, de les quatre comunitats escolars, que ho vau fer, per haver trobat una estoneta per votar i participar en el nostre projecte. MOLT\u00cdSSIMES GR\u00c0CIES!<\/em><\/p>\n<p><a href=\"https:\/\/agora.xtec.cat\/esc-la-cabana\/wp-content\/uploads\/usu849\/2021\/12\/THE-WINNER-grid-results.jpg\"><img loading=\"lazy\" decoding=\"async\" class=\"alignnone size-full wp-image-18307\" src=\"https:\/\/agora.xtec.cat\/esc-la-cabana\/wp-content\/uploads\/usu849\/2021\/12\/THE-WINNER-grid-results.jpg\" alt=\"\" width=\"1015\" height=\"460\" srcset=\"https:\/\/agora.xtec.cat\/esc-la-cabana\/wp-content\/uploads\/usu849\/2021\/12\/THE-WINNER-grid-results.jpg 1015w, https:\/\/agora.xtec.cat\/esc-la-cabana\/wp-content\/uploads\/usu849\/2021\/12\/THE-WINNER-grid-results-300x136.jpg 300w, https:\/\/agora.xtec.cat\/esc-la-cabana\/wp-content\/uploads\/usu849\/2021\/12\/THE-WINNER-grid-results-768x348.jpg 768w\" sizes=\"auto, (max-width: 1015px) 100vw, 1015px\" \/><\/a><\/p>\n<h2>ARE YOU EAGER TO KNOW WHICH LOGO IS NUMBER 7?<\/h2>\n<p><em>TENIU GANES DE SABER QUIN LOGO \u00c9S EL N\u00daMERO 7?<\/em><\/p>\n<p><a href=\"https:\/\/agora.xtec.cat\/esc-la-cabana\/wp-content\/uploads\/usu849\/2021\/12\/TACHAN-GIF.gif\"><img loading=\"lazy\" decoding=\"async\" class=\"size-full wp-image-18308 aligncenter\" src=\"https:\/\/agora.xtec.cat\/esc-la-cabana\/wp-content\/uploads\/usu849\/2021\/12\/TACHAN-GIF.gif\" alt=\"\" width=\"498\" height=\"498\" \/><\/a><\/p>\n<p><strong>HERE IT IS!!! <\/strong><em>AQU\u00cd EL TENIU!<\/em><\/p>\n<p>&nbsp;<\/p>\n<p><a href=\"https:\/\/agora.xtec.cat\/esc-la-cabana\/wp-content\/uploads\/usu849\/2021\/12\/logo-eTwinning-final.jpg\"><img loading=\"lazy\" decoding=\"async\" class=\"alignnone size-large wp-image-18327\" src=\"https:\/\/agora.xtec.cat\/esc-la-cabana\/wp-content\/uploads\/usu849\/2021\/12\/logo-eTwinning-final-1024x941.jpg\" alt=\"\" width=\"1024\" height=\"941\" srcset=\"https:\/\/agora.xtec.cat\/esc-la-cabana\/wp-content\/uploads\/usu849\/2021\/12\/logo-eTwinning-final-1024x941.jpg 1024w, https:\/\/agora.xtec.cat\/esc-la-cabana\/wp-content\/uploads\/usu849\/2021\/12\/logo-eTwinning-final-300x276.jpg 300w, https:\/\/agora.xtec.cat\/esc-la-cabana\/wp-content\/uploads\/usu849\/2021\/12\/logo-eTwinning-final-768x706.jpg 768w, https:\/\/agora.xtec.cat\/esc-la-cabana\/wp-content\/uploads\/usu849\/2021\/12\/logo-eTwinning-final-1536x1412.jpg 1536w, https:\/\/agora.xtec.cat\/esc-la-cabana\/wp-content\/uploads\/usu849\/2021\/12\/logo-eTwinning-final-2048x1883.jpg 2048w\" sizes=\"auto, (max-width: 1024px) 100vw, 1024px\" \/><\/a><\/p>\n<h1 style=\"text-align: center;\"><a href=\"https:\/\/agora.xtec.cat\/esc-la-cabana\/wp-content\/uploads\/usu849\/2021\/12\/Congratulations.gif\"><img loading=\"lazy\" decoding=\"async\" class=\"alignnone size-full wp-image-18334\" src=\"https:\/\/agora.xtec.cat\/esc-la-cabana\/wp-content\/uploads\/usu849\/2021\/12\/Congratulations.gif\" alt=\"\" width=\"600\" height=\"252\" \/><\/a><\/h1>\n<h1>HATS OFF ZAKLADN\u00c1 SCHOOL IN SLOVAKIA!!!!!! AWESOME LOGO!<\/h1>\n<p style=\"text-align: center;\"><a href=\"https:\/\/agora.xtec.cat\/esc-la-cabana\/wp-content\/uploads\/usu849\/2021\/12\/Awesome-work.gif\"><img loading=\"lazy\" decoding=\"async\" class=\"alignnone size-full wp-image-18311\" src=\"https:\/\/agora.xtec.cat\/esc-la-cabana\/wp-content\/uploads\/usu849\/2021\/12\/Awesome-work.gif\" alt=\"\" width=\"284\" height=\"164\" \/><\/a><\/p>\n<h1><em>ENHORABONA ESCOLA ZAKLADN\u00c1 D&#8217;ESLOV\u00c0QUIA!!!! UN LOGO IMPRESSIONANT!<\/em><\/h1>\n<h3>We are really chuffed with this logo. For us, this tree full of life and with these roots represents how our friendship and our knowledge among these three countries is growing and how we value societies with different cultures, because all of them provide us with different points of view that enrich us; the same as our young students, who are also growing, do.<\/h3>\n<h2 style=\"text-align: center;\"><strong>THANK YOU VERY MUCH SLOVAKIA AND CONGRATULATIONS!<\/strong><\/h2>\n<p><em>Estem realment encantats amb aquest logotip. Per a nosaltres, aquest arbre ple de vida i amb aquestes arrels representa com la nostra amistat i el nostre coneixement entre aquests tres pa\u00efsos est\u00e0 creixent i com valorem les societats amb cultures diferents, perqu\u00e8 totes elles en proporcionen diferents punts de vista que ens enriqueixen; al igual que ho fan els nostres alumnes que tamb\u00e9 estan creixent.<\/em><\/p>\n<h2 style=\"text-align: center;\"><em>MOLTES GR\u00c0CIES ESLOV\u00c0QUIA I ENHORABONA!<\/em><\/h2>\n<p>&nbsp;<\/p>\n<p><strong>From now on, this will be the logo that will appear in everything we will do related to our &#8220;Cultural exchange&#8221; eTwinning project.<\/strong><\/p>\n<p><em>A partir d&#8217;ara, aquest ser\u00e0 el logotip que apareixer\u00e0 en tot el que fem relacionat amb el nostre projecte eTwinning &#8220;Intercanvi Cultural&#8221;.<\/em><\/p>\n<p><strong>Once more, thank you for your collaboration and for making possible this International LOGO contest.<\/strong><\/p>\n<p><em>Una vegada m\u00e9s, gr\u00e0cies per la vostra col\u00b7laboraci\u00f3 i per haver fet possible aquest concurs internacional de logotips.<\/em><\/p>\n<p><strong>We will continue informing about everything we will do related to this project.<\/strong><\/p>\n<p><em>Us continuarem informant sobre tot el que farem relacionat amb aquest projecte.<\/em><\/p>\n<p><strong>And now&#8230; what will be next? <\/strong><em>I ara&#8230; qu\u00e8 vindr\u00e0 a continuaci\u00f3?<\/em><\/p>\n<p><strong>THE COOKING WORKSHOP WITH TRADITIONAL RECIPES FROM THE DIFFERENT COUNTRIES. But first&#8230; we will have to wait after Christmas Holidays!<\/strong><\/p>\n<p>EL TALLER DE CUINA AMB RECEPTES TRADICIONALS DELS DIFERNETS PA\u00cfSOS. Per\u00f2 primer&#8230; haurem d&#8217;esperar fins despr\u00e9s de les vacances de Nadal!<\/p>\n<p><strong>MERRY CHRISTMAS TO ALL OF YOU!<\/strong><\/p>\n<p>BON NADAL A TOTHOM!<\/p>\n","protected":false},"excerpt":{"rendered":"<p>ARE YOU EAGER TO KNOW THE LOGO THAT WILL REPRESENT US IN THE CULTURAL EXCHANGE PROJECT?<\/p>\n","protected":false},"author":18,"featured_media":18306,"comment_status":"open","ping_status":"closed","sticky":false,"template":"","format":"standard","meta":{"_bbp_topic_count":0,"_bbp_reply_count":0,"_bbp_total_topic_count":0,"_bbp_total_reply_count":0,"_bbp_voice_count":0,"_bbp_anonymous_reply_count":0,"_bbp_topic_count_hidden":0,"_bbp_reply_count_hidden":0,"_bbp_forum_subforum_count":0,"site-sidebar-layout":"default","site-content-layout":"","ast-site-content-layout":"","site-content-style":"default","site-sidebar-style":"default","ast-global-header-display":"","ast-banner-title-visibility":"","ast-main-header-display":"","ast-hfb-above-header-display":"","ast-hfb-below-header-display":"","ast-hfb-mobile-header-display":"","site-post-title":"","ast-breadcrumbs-content":"","ast-featured-img":"","footer-sml-layout":"","theme-transparent-header-meta":"","adv-header-id-meta":"","stick-header-meta":"","header-above-stick-meta":"","header-main-stick-meta":"","header-below-stick-meta":"","astra-migrate-meta-layouts":"default","ast-page-background-enabled":"default","ast-page-background-meta":{"desktop":{"background-color":"var(--ast-global-color-4)","background-image":"","background-repeat":"repeat","background-position":"center center","background-size":"auto","background-attachment":"scroll","background-type":"","background-media":"","overlay-type":"","overlay-color":"","overlay-opacity":"","overlay-gradient":""},"tablet":{"background-color":"","background-image":"","background-repeat":"repeat","background-position":"center center","background-size":"auto","background-attachment":"scroll","background-type":"","background-media":"","overlay-type":"","overlay-color":"","overlay-opacity":"","overlay-gradient":""},"mobile":{"background-color":"","background-image":"","background-repeat":"repeat","background-position":"center center","background-size":"auto","background-attachment":"scroll","background-type":"","background-media":"","overlay-type":"","overlay-color":"","overlay-opacity":"","overlay-gradient":""}},"ast-content-background-meta":{"desktop":{"background-color":"var(--ast-global-color-5)","background-image":"","background-repeat":"repeat","background-position":"center center","background-size":"auto","background-attachment":"scroll","background-type":"","background-media":"","overlay-type":"","overlay-color":"","overlay-opacity":"","overlay-gradient":""},"tablet":{"background-color":"var(--ast-global-color-5)","background-image":"","background-repeat":"repeat","background-position":"center center","background-size":"auto","background-attachment":"scroll","background-type":"","background-media":"","overlay-type":"","overlay-color":"","overlay-opacity":"","overlay-gradient":""},"mobile":{"background-color":"var(--ast-global-color-5)","background-image":"","background-repeat":"repeat","background-position":"center center","background-size":"auto","background-attachment":"scroll","background-type":"","background-media":"","overlay-type":"","overlay-color":"","overlay-opacity":"","overlay-gradient":""}},"footnotes":""},"categories":[23,14,83,4,5,311],"tags":[129,74,102,101],"class_list":["post-18305","post","type-post","status-publish","format-standard","has-post-thumbnail","hentry","category-angles","category-c-s","category-especialitats","category-portada","category-primaria","category-projecte-e-twinning","tag-angles","tag-cicle-superior","tag-primaria","tag-projecte"],"post_mailing_queue_ids":[],"_links":{"self":[{"href":"https:\/\/agora.xtec.cat\/esc-la-cabana\/wp-json\/wp\/v2\/posts\/18305","targetHints":{"allow":["GET"]}}],"collection":[{"href":"https:\/\/agora.xtec.cat\/esc-la-cabana\/wp-json\/wp\/v2\/posts"}],"about":[{"href":"https:\/\/agora.xtec.cat\/esc-la-cabana\/wp-json\/wp\/v2\/types\/post"}],"author":[{"embeddable":true,"href":"https:\/\/agora.xtec.cat\/esc-la-cabana\/wp-json\/wp\/v2\/users\/18"}],"replies":[{"embeddable":true,"href":"https:\/\/agora.xtec.cat\/esc-la-cabana\/wp-json\/wp\/v2\/comments?post=18305"}],"version-history":[{"count":3,"href":"https:\/\/agora.xtec.cat\/esc-la-cabana\/wp-json\/wp\/v2\/posts\/18305\/revisions"}],"predecessor-version":[{"id":18335,"href":"https:\/\/agora.xtec.cat\/esc-la-cabana\/wp-json\/wp\/v2\/posts\/18305\/revisions\/18335"}],"wp:featuredmedia":[{"embeddable":true,"href":"https:\/\/agora.xtec.cat\/esc-la-cabana\/wp-json\/wp\/v2\/media\/18306"}],"wp:attachment":[{"href":"https:\/\/agora.xtec.cat\/esc-la-cabana\/wp-json\/wp\/v2\/media?parent=18305"}],"wp:term":[{"taxonomy":"category","embeddable":true,"href":"https:\/\/agora.xtec.cat\/esc-la-cabana\/wp-json\/wp\/v2\/categories?post=18305"},{"taxonomy":"post_tag","embeddable":true,"href":"https:\/\/agora.xtec.cat\/esc-la-cabana\/wp-json\/wp\/v2\/tags?post=18305"}],"curies":[{"name":"wp","href":"https:\/\/api.w.org\/{rel}","templated":true}]}}