{"id":18256,"date":"2021-12-02T02:36:20","date_gmt":"2021-12-02T01:36:20","guid":{"rendered":"https:\/\/agora.xtec.cat\/esc-la-cabana\/?p=18256"},"modified":"2021-12-19T11:11:19","modified_gmt":"2021-12-19T10:11:19","slug":"and-the-two-finalists-are","status":"publish","type":"post","link":"https:\/\/agora.xtec.cat\/esc-la-cabana\/general\/and-the-two-finalists-are\/","title":{"rendered":"AND THE TWO FINALISTS ARE&#8230;"},"content":{"rendered":"<p><strong>During these two weeks, pupils in the Upper Cycle (The Coral &amp; The Invasive Species) have been working with the LOGOS for the &#8220;Cultural Exchange eTwinning Project.<\/strong><\/p>\n<p><em>Durant aquestes 2 setmanes, els i les alumnes de Cicle Superior (Corall i Esp\u00e8cies Invasores) han estat treballant amb els LOGOS\u00a0 per al Projecte eTwinning &#8220;Intercanvi Cultural&#8221;.<\/em><\/p>\n<p><strong>First, children in the four international schools agreed the <a href=\"https:\/\/www.canva.com\/design\/DAEw9eLvUNw\/UKP6Ks3Ot4KCSJdbOBIMdQ\/view?utm_content=DAEw9eLvUNw&amp;utm_campaign=designshare&amp;utm_medium=link&amp;utm_source=sharebutton\">CRITERIA <\/a>to take into account when voting for the best logo (that will represent us from now on in eTwinning).<\/strong><\/p>\n<p><em>Primer, els nens i les nenes de les quatre escoles Internacionals es van posar d&#8217;acord amb els CRITERIS a tenir en compte a l&#8217;hora de votar pel millor logo (que ens representar\u00e0 a partir d&#8217;ara a eTwinning).<\/em><\/p>\n<p><strong>Secondly, we drew the logos keeping those criteria in mind. Here you have the final productions:<\/strong><\/p>\n<p><em>En segon lloc, vam dibuixar els logos tenint presents aquells criteris. Aqu\u00ed teniu les produccions finals:<\/em><\/p>\n<p><a href=\"https:\/\/agora.xtec.cat\/esc-la-cabana\/wp-content\/uploads\/usu849\/2021\/12\/ALL-LOGOS-IN-LA-CABANA.jpg\"><img loading=\"lazy\" decoding=\"async\" class=\"alignnone size-large wp-image-18258\" src=\"https:\/\/agora.xtec.cat\/esc-la-cabana\/wp-content\/uploads\/usu849\/2021\/12\/ALL-LOGOS-IN-LA-CABANA-1024x819.jpg\" alt=\"\" width=\"1024\" height=\"819\" srcset=\"https:\/\/agora.xtec.cat\/esc-la-cabana\/wp-content\/uploads\/usu849\/2021\/12\/ALL-LOGOS-IN-LA-CABANA-1024x819.jpg 1024w, https:\/\/agora.xtec.cat\/esc-la-cabana\/wp-content\/uploads\/usu849\/2021\/12\/ALL-LOGOS-IN-LA-CABANA-300x240.jpg 300w, https:\/\/agora.xtec.cat\/esc-la-cabana\/wp-content\/uploads\/usu849\/2021\/12\/ALL-LOGOS-IN-LA-CABANA-768x614.jpg 768w, https:\/\/agora.xtec.cat\/esc-la-cabana\/wp-content\/uploads\/usu849\/2021\/12\/ALL-LOGOS-IN-LA-CABANA-1536x1229.jpg 1536w, https:\/\/agora.xtec.cat\/esc-la-cabana\/wp-content\/uploads\/usu849\/2021\/12\/ALL-LOGOS-IN-LA-CABANA.jpg 2000w\" sizes=\"auto, (max-width: 1024px) 100vw, 1024px\" \/><\/a><\/p>\n<p><strong>Finally, we voted for 2 finalists;\u00a0 internally (just pupils in the Upper Cycle and teachers) using a Google Form:<\/strong><\/p>\n<p><em>Finalment, vam votar 2 finalistes; internament (nom\u00e9s alumnes alumnat de Cicle Superior i els mestres ) utilitzant un Formulari\u00a0 de Google.<\/em><\/p>\n<div style=\"width: 1908px;\" class=\"wp-video\"><!--[if lt IE 9]><script>document.createElement('video');<\/script><![endif]-->\n<video class=\"wp-video-shortcode\" id=\"video-18256-1\" width=\"1908\" height=\"804\" preload=\"metadata\" controls=\"controls\"><source type=\"video\/mp4\" src=\"https:\/\/agora.xtec.cat\/esc-la-cabana\/wp-content\/uploads\/usu849\/2021\/12\/LOGO-CONTEST-G.FORM-IN-LA-CABANA.mp4?_=1\" \/><a href=\"https:\/\/agora.xtec.cat\/esc-la-cabana\/wp-content\/uploads\/usu849\/2021\/12\/LOGO-CONTEST-G.FORM-IN-LA-CABANA.mp4\">https:\/\/agora.xtec.cat\/esc-la-cabana\/wp-content\/uploads\/usu849\/2021\/12\/LOGO-CONTEST-G.FORM-IN-LA-CABANA.mp4<\/a><\/video><\/div>\n<p>&nbsp;<\/p>\n<p><strong>Are you willing to know which two logos will participate in the International Logo Contest?<\/strong><\/p>\n<p><em>Esteu desitjant saber quins logos participaran a Concurs Internacional de Logos?<\/em><\/p>\n<p><strong>Here you have the results<\/strong>\/ Aqu\u00ed teniu els resultats:<\/p>\n<p><a href=\"https:\/\/agora.xtec.cat\/esc-la-cabana\/wp-content\/uploads\/usu849\/2021\/12\/Grid-Results-Logo-Contest-in-La-Cabana.png\"><img loading=\"lazy\" decoding=\"async\" class=\"alignnone size-large wp-image-18259\" src=\"https:\/\/agora.xtec.cat\/esc-la-cabana\/wp-content\/uploads\/usu849\/2021\/12\/Grid-Results-Logo-Contest-in-La-Cabana-1024x689.png\" alt=\"\" width=\"1024\" height=\"689\" srcset=\"https:\/\/agora.xtec.cat\/esc-la-cabana\/wp-content\/uploads\/usu849\/2021\/12\/Grid-Results-Logo-Contest-in-La-Cabana-1024x689.png 1024w, https:\/\/agora.xtec.cat\/esc-la-cabana\/wp-content\/uploads\/usu849\/2021\/12\/Grid-Results-Logo-Contest-in-La-Cabana-300x202.png 300w, https:\/\/agora.xtec.cat\/esc-la-cabana\/wp-content\/uploads\/usu849\/2021\/12\/Grid-Results-Logo-Contest-in-La-Cabana-768x517.png 768w, https:\/\/agora.xtec.cat\/esc-la-cabana\/wp-content\/uploads\/usu849\/2021\/12\/Grid-Results-Logo-Contest-in-La-Cabana.png 1120w\" sizes=\"auto, (max-width: 1024px) 100vw, 1024px\" \/><\/a><\/p>\n<h3 style=\"text-align: center;\"><strong>WOW!!! WHICH LOGOS ARE NUMBER 3 AND NUMBER 9?<\/strong><\/h3>\n<p style=\"text-align: center;\"><em>UAU! QUINS LOGOS S\u00d3N EL N\u00daMERO 3 I EL N\u00daMERO 9?<\/em><\/p>\n<p><a href=\"https:\/\/agora.xtec.cat\/esc-la-cabana\/wp-content\/uploads\/usu849\/2021\/12\/THE-2-LOGOS-IN-CATALONIA-FOR-THE-FINAL.jpg\"><img loading=\"lazy\" decoding=\"async\" class=\"alignnone size-large wp-image-18261\" src=\"https:\/\/agora.xtec.cat\/esc-la-cabana\/wp-content\/uploads\/usu849\/2021\/12\/THE-2-LOGOS-IN-CATALONIA-FOR-THE-FINAL-1024x819.jpg\" alt=\"\" width=\"1024\" height=\"819\" srcset=\"https:\/\/agora.xtec.cat\/esc-la-cabana\/wp-content\/uploads\/usu849\/2021\/12\/THE-2-LOGOS-IN-CATALONIA-FOR-THE-FINAL-1024x819.jpg 1024w, https:\/\/agora.xtec.cat\/esc-la-cabana\/wp-content\/uploads\/usu849\/2021\/12\/THE-2-LOGOS-IN-CATALONIA-FOR-THE-FINAL-300x240.jpg 300w, https:\/\/agora.xtec.cat\/esc-la-cabana\/wp-content\/uploads\/usu849\/2021\/12\/THE-2-LOGOS-IN-CATALONIA-FOR-THE-FINAL-768x614.jpg 768w, https:\/\/agora.xtec.cat\/esc-la-cabana\/wp-content\/uploads\/usu849\/2021\/12\/THE-2-LOGOS-IN-CATALONIA-FOR-THE-FINAL-1536x1229.jpg 1536w, https:\/\/agora.xtec.cat\/esc-la-cabana\/wp-content\/uploads\/usu849\/2021\/12\/THE-2-LOGOS-IN-CATALONIA-FOR-THE-FINAL.jpg 2000w\" sizes=\"auto, (max-width: 1024px) 100vw, 1024px\" \/><\/a><\/p>\n<p><strong>So, we already have two representative logos for the final!!!<\/strong><\/p>\n<p>Per tant, ja tenim els 2 logos representants per a la final!!!<\/p>\n<p><strong>And&#8230; WHAT WILL BE NEXT?<\/strong> \/ <em>I&#8230; QU\u00c8 VINDR\u00c0 ARA?<\/em><\/p>\n<p><strong>OUR INTERNATIONAL LOGO CONTEST! <\/strong><em>EL NOSTRE CONCURS INTERNACIONAL DE LOGO!<\/em><\/p>\n<p><strong>Very soon,\u00a0 we will know the other 6 logos coming from our partner&#8217;s schools. We eager to know them too!<\/strong><\/p>\n<p><em>Molt aviat, sabrem els 6 logos de les escoles dels nostres socis. Ja tenim moltes ganes de con\u00e8ixer-los tamb\u00e9!<\/em><\/p>\n<p><strong>Keep all ready to vote one of our 8 finalists from the 4 schools involved. We will need the collaboration of the whole school community: pupils, teachers and parents.<\/strong><\/p>\n<p><em>Estigueu tots\/es preparats\/des per votar un dels 8 finalistes de les 4 escoles involucrades. Necessitarem la col\u00b7laboraci\u00f3 de tota la comunitat educativa: alumnes, mestres i pares.<\/em><\/p>\n<p><strong>Very soon you will receive a link to vote for the best LOGO. Which will be the winner? It will also be at your hands.<\/strong><\/p>\n<p><em>Molt aviat rebreu un enlla\u00e7 per votar el millor LOGO. Quin ser\u00e0 el guanyador? tamb\u00e9 estar\u00e0 a les vostres mans.<\/em><\/p>\n<p><strong>Thanks a bunch for your collaboration!<\/strong><\/p>\n<p><em>Molt\u00edssimes gr\u00e0cies per la vostra col\u00b7laboraci\u00f3!<\/em><\/p>\n<p>Cheers!<\/p>\n<p>&nbsp;<\/p>\n","protected":false},"excerpt":{"rendered":"<p>BREAKING NEWS! HERE YOU HAVE THE TWO LOGOS THAT WILL GO TO THE INTERNATIONAL LOGO CONTEST.<\/p>\n","protected":false},"author":18,"featured_media":18257,"comment_status":"open","ping_status":"closed","sticky":false,"template":"","format":"standard","meta":{"_bbp_topic_count":0,"_bbp_reply_count":0,"_bbp_total_topic_count":0,"_bbp_total_reply_count":0,"_bbp_voice_count":0,"_bbp_anonymous_reply_count":0,"_bbp_topic_count_hidden":0,"_bbp_reply_count_hidden":0,"_bbp_forum_subforum_count":0,"site-sidebar-layout":"default","site-content-layout":"","ast-site-content-layout":"","site-content-style":"default","site-sidebar-style":"default","ast-global-header-display":"","ast-banner-title-visibility":"","ast-main-header-display":"","ast-hfb-above-header-display":"","ast-hfb-below-header-display":"","ast-hfb-mobile-header-display":"","site-post-title":"","ast-breadcrumbs-content":"","ast-featured-img":"","footer-sml-layout":"","theme-transparent-header-meta":"","adv-header-id-meta":"","stick-header-meta":"","header-above-stick-meta":"","header-main-stick-meta":"","header-below-stick-meta":"","astra-migrate-meta-layouts":"default","ast-page-background-enabled":"default","ast-page-background-meta":{"desktop":{"background-color":"var(--ast-global-color-4)","background-image":"","background-repeat":"repeat","background-position":"center center","background-size":"auto","background-attachment":"scroll","background-type":"","background-media":"","overlay-type":"","overlay-color":"","overlay-opacity":"","overlay-gradient":""},"tablet":{"background-color":"","background-image":"","background-repeat":"repeat","background-position":"center center","background-size":"auto","background-attachment":"scroll","background-type":"","background-media":"","overlay-type":"","overlay-color":"","overlay-opacity":"","overlay-gradient":""},"mobile":{"background-color":"","background-image":"","background-repeat":"repeat","background-position":"center center","background-size":"auto","background-attachment":"scroll","background-type":"","background-media":"","overlay-type":"","overlay-color":"","overlay-opacity":"","overlay-gradient":""}},"ast-content-background-meta":{"desktop":{"background-color":"var(--ast-global-color-5)","background-image":"","background-repeat":"repeat","background-position":"center center","background-size":"auto","background-attachment":"scroll","background-type":"","background-media":"","overlay-type":"","overlay-color":"","overlay-opacity":"","overlay-gradient":""},"tablet":{"background-color":"var(--ast-global-color-5)","background-image":"","background-repeat":"repeat","background-position":"center center","background-size":"auto","background-attachment":"scroll","background-type":"","background-media":"","overlay-type":"","overlay-color":"","overlay-opacity":"","overlay-gradient":""},"mobile":{"background-color":"var(--ast-global-color-5)","background-image":"","background-repeat":"repeat","background-position":"center center","background-size":"auto","background-attachment":"scroll","background-type":"","background-media":"","overlay-type":"","overlay-color":"","overlay-opacity":"","overlay-gradient":""}},"footnotes":""},"categories":[23,14,1,4,5,311],"tags":[129,74,102,87],"class_list":["post-18256","post","type-post","status-publish","format-standard","has-post-thumbnail","hentry","category-angles","category-c-s","category-general","category-portada","category-primaria","category-projecte-e-twinning","tag-angles","tag-cicle-superior","tag-primaria","tag-projectes"],"post_mailing_queue_ids":[],"_links":{"self":[{"href":"https:\/\/agora.xtec.cat\/esc-la-cabana\/wp-json\/wp\/v2\/posts\/18256","targetHints":{"allow":["GET"]}}],"collection":[{"href":"https:\/\/agora.xtec.cat\/esc-la-cabana\/wp-json\/wp\/v2\/posts"}],"about":[{"href":"https:\/\/agora.xtec.cat\/esc-la-cabana\/wp-json\/wp\/v2\/types\/post"}],"author":[{"embeddable":true,"href":"https:\/\/agora.xtec.cat\/esc-la-cabana\/wp-json\/wp\/v2\/users\/18"}],"replies":[{"embeddable":true,"href":"https:\/\/agora.xtec.cat\/esc-la-cabana\/wp-json\/wp\/v2\/comments?post=18256"}],"version-history":[{"count":3,"href":"https:\/\/agora.xtec.cat\/esc-la-cabana\/wp-json\/wp\/v2\/posts\/18256\/revisions"}],"predecessor-version":[{"id":18264,"href":"https:\/\/agora.xtec.cat\/esc-la-cabana\/wp-json\/wp\/v2\/posts\/18256\/revisions\/18264"}],"wp:featuredmedia":[{"embeddable":true,"href":"https:\/\/agora.xtec.cat\/esc-la-cabana\/wp-json\/wp\/v2\/media\/18257"}],"wp:attachment":[{"href":"https:\/\/agora.xtec.cat\/esc-la-cabana\/wp-json\/wp\/v2\/media?parent=18256"}],"wp:term":[{"taxonomy":"category","embeddable":true,"href":"https:\/\/agora.xtec.cat\/esc-la-cabana\/wp-json\/wp\/v2\/categories?post=18256"},{"taxonomy":"post_tag","embeddable":true,"href":"https:\/\/agora.xtec.cat\/esc-la-cabana\/wp-json\/wp\/v2\/tags?post=18256"}],"curies":[{"name":"wp","href":"https:\/\/api.w.org\/{rel}","templated":true}]}}