{"id":18221,"date":"2021-11-25T15:07:39","date_gmt":"2021-11-25T14:07:39","guid":{"rendered":"https:\/\/agora.xtec.cat\/esc-la-cabana\/?p=18221"},"modified":"2021-11-25T15:07:39","modified_gmt":"2021-11-25T14:07:39","slug":"our-country-and-closer-regions","status":"publish","type":"post","link":"https:\/\/agora.xtec.cat\/esc-la-cabana\/general\/our-country-and-closer-regions\/","title":{"rendered":"OUR COUNTRY AND CLOSER REGIONS"},"content":{"rendered":"<p><strong>As promised, here you have got the video presentation about our country (Spain) and closer regions (Catalonia, El Pened\u00e8s &amp; Les Cabanyes) that pupils in the Upper Cycle prepared for our partners in the &#8220;Cultural Exchange&#8221; eTwinning Project.<\/strong><\/p>\n<p><em>Tal i com us vam prometre, aqu\u00ed teniu el v\u00eddeo presentaci\u00f3 sobre el nostre pa\u00eds (Espanya) i les regions m\u00e9s properes (Catalunya, El Pened\u00e8s i Les Cabanyes) que l&#8217;alumnat de Cicle Superior va preparar per als nostres socis del Projecte eTwinning &#8220;Intercanvi Cultural&#8221;.<\/em><\/p>\n<p><strong>We hope you like it and you enjoy as we did preparing it.<\/strong><\/p>\n<p><em>Esperem que us agradi i que gaudiu tal i com ho vam fer nosaltres al preparar-lo.<\/em><\/p>\n<p><strong>The video has been split in two parts due to its lenghts. Click on the images below to watch the videos:<\/strong><\/p>\n<p><em>El v\u00eddeo ha estat dividit en dos parts degut a la seva llargada. Cliqueu a les imatges de sota per veure els v\u00eddeos:<\/em><\/p>\n<p><a href=\"https:\/\/youtu.be\/4Qmscn5b6XI\"><img loading=\"lazy\" decoding=\"async\" class=\"alignnone wp-image-18223\" src=\"https:\/\/agora.xtec.cat\/esc-la-cabana\/wp-content\/uploads\/usu849\/2021\/11\/Spain-Catalonia-PART-1-1024x568.png\" alt=\"\" width=\"209\" height=\"116\" srcset=\"https:\/\/agora.xtec.cat\/esc-la-cabana\/wp-content\/uploads\/usu849\/2021\/11\/Spain-Catalonia-PART-1-1024x568.png 1024w, https:\/\/agora.xtec.cat\/esc-la-cabana\/wp-content\/uploads\/usu849\/2021\/11\/Spain-Catalonia-PART-1-300x166.png 300w, https:\/\/agora.xtec.cat\/esc-la-cabana\/wp-content\/uploads\/usu849\/2021\/11\/Spain-Catalonia-PART-1-768x426.png 768w, https:\/\/agora.xtec.cat\/esc-la-cabana\/wp-content\/uploads\/usu849\/2021\/11\/Spain-Catalonia-PART-1-1536x852.png 1536w, https:\/\/agora.xtec.cat\/esc-la-cabana\/wp-content\/uploads\/usu849\/2021\/11\/Spain-Catalonia-PART-1.png 1575w\" sizes=\"auto, (max-width: 209px) 100vw, 209px\" \/><\/a><a href=\"https:\/\/youtu.be\/FYY5net_w5A\">\u00a0 \u00a0 \u00a0 \u00a0 \u00a0 \u00a0 \u00a0 \u00a0 \u00a0 \u00a0<img loading=\"lazy\" decoding=\"async\" class=\"alignnone wp-image-18222\" src=\"https:\/\/agora.xtec.cat\/esc-la-cabana\/wp-content\/uploads\/usu849\/2021\/11\/Penedes-Les-cabanyes-PART-2-1024x570.png\" alt=\"\" width=\"210\" height=\"117\" srcset=\"https:\/\/agora.xtec.cat\/esc-la-cabana\/wp-content\/uploads\/usu849\/2021\/11\/Penedes-Les-cabanyes-PART-2-1024x570.png 1024w, https:\/\/agora.xtec.cat\/esc-la-cabana\/wp-content\/uploads\/usu849\/2021\/11\/Penedes-Les-cabanyes-PART-2-300x167.png 300w, https:\/\/agora.xtec.cat\/esc-la-cabana\/wp-content\/uploads\/usu849\/2021\/11\/Penedes-Les-cabanyes-PART-2-768x428.png 768w, https:\/\/agora.xtec.cat\/esc-la-cabana\/wp-content\/uploads\/usu849\/2021\/11\/Penedes-Les-cabanyes-PART-2-1536x856.png 1536w, https:\/\/agora.xtec.cat\/esc-la-cabana\/wp-content\/uploads\/usu849\/2021\/11\/Penedes-Les-cabanyes-PART-2.png 1578w\" sizes=\"auto, (max-width: 210px) 100vw, 210px\" \/><\/a><\/p>\n<p><strong>\u00a0 \u00a0 \u00a0 \u00a0 \u00a0 \u00a0 \u00a0 \u00a0 \u00a0 \u00a0 \u00a0 \u00a0 \u00a0 \u00a0 \u00a0 \u00a0 \u00a0 \u00a0 \u00a0 \u00a0 \u00a0 \u00a0HAVE A BALL!<\/strong><\/p>\n<p><strong>And&#8230; WHAT WILL BE NEXT?<\/strong> \/ <em>I&#8230; QU\u00c8 VINDR\u00c0 ARA?<\/em><\/p>\n<p><strong>OUR LOGO CONTEST! <\/strong><em>EL NOSTRE CONCURS DE LOGO!<\/em><\/p>\n<p><strong>Keep all ready to vote one of our 8 finalists from the 4 schools involved. We will need the collaboration of the whole school community: pupils, teachers and parents.<\/strong><\/p>\n<p><em>Estigueu tots\/es preparats\/des per votar un dels 8 finalistes de les 4 escoles involucrades. Necessitarem la col\u00b7laboraci\u00f3 de tota la comunitat educativa: alumnes, mestres i pares.<\/em><\/p>\n<p><strong>Very soon you will receive a link to vote for the best LOGO. Which will be the winner? It will also be at your hands.<\/strong><\/p>\n<p><em>Molt aviat rebreu un enlla\u00e7 per votar el millor LOGO. Quin ser\u00e0 el guanyador? tamb\u00e9 estar\u00e0 a les vostres mans.<\/em><\/p>\n<p><strong>Thanks a bunch for your collaboration!<\/strong><\/p>\n<p><em>Molt\u00edssimes gr\u00e0cies per la vostra col\u00b7laboraci\u00f3!<\/em><\/p>\n<p>Cheers!<\/p>\n<p>&nbsp;<\/p>\n","protected":false},"excerpt":{"rendered":"<p>DO YOU WANT TO KNOW MORE THINGS ABOUT US? LET&#8217;S TALK ABOUT OUR COUNTRY AND CLOSER REGIONS.<\/p>\n","protected":false},"author":18,"featured_media":18213,"comment_status":"open","ping_status":"closed","sticky":false,"template":"","format":"standard","meta":{"_bbp_topic_count":0,"_bbp_reply_count":0,"_bbp_total_topic_count":0,"_bbp_total_reply_count":0,"_bbp_voice_count":0,"_bbp_anonymous_reply_count":0,"_bbp_topic_count_hidden":0,"_bbp_reply_count_hidden":0,"_bbp_forum_subforum_count":0,"site-sidebar-layout":"default","site-content-layout":"","ast-site-content-layout":"","site-content-style":"default","site-sidebar-style":"default","ast-global-header-display":"","ast-banner-title-visibility":"","ast-main-header-display":"","ast-hfb-above-header-display":"","ast-hfb-below-header-display":"","ast-hfb-mobile-header-display":"","site-post-title":"","ast-breadcrumbs-content":"","ast-featured-img":"","footer-sml-layout":"","theme-transparent-header-meta":"","adv-header-id-meta":"","stick-header-meta":"","header-above-stick-meta":"","header-main-stick-meta":"","header-below-stick-meta":"","astra-migrate-meta-layouts":"default","ast-page-background-enabled":"default","ast-page-background-meta":{"desktop":{"background-color":"var(--ast-global-color-4)","background-image":"","background-repeat":"repeat","background-position":"center center","background-size":"auto","background-attachment":"scroll","background-type":"","background-media":"","overlay-type":"","overlay-color":"","overlay-opacity":"","overlay-gradient":""},"tablet":{"background-color":"","background-image":"","background-repeat":"repeat","background-position":"center center","background-size":"auto","background-attachment":"scroll","background-type":"","background-media":"","overlay-type":"","overlay-color":"","overlay-opacity":"","overlay-gradient":""},"mobile":{"background-color":"","background-image":"","background-repeat":"repeat","background-position":"center center","background-size":"auto","background-attachment":"scroll","background-type":"","background-media":"","overlay-type":"","overlay-color":"","overlay-opacity":"","overlay-gradient":""}},"ast-content-background-meta":{"desktop":{"background-color":"var(--ast-global-color-5)","background-image":"","background-repeat":"repeat","background-position":"center center","background-size":"auto","background-attachment":"scroll","background-type":"","background-media":"","overlay-type":"","overlay-color":"","overlay-opacity":"","overlay-gradient":""},"tablet":{"background-color":"var(--ast-global-color-5)","background-image":"","background-repeat":"repeat","background-position":"center center","background-size":"auto","background-attachment":"scroll","background-type":"","background-media":"","overlay-type":"","overlay-color":"","overlay-opacity":"","overlay-gradient":""},"mobile":{"background-color":"var(--ast-global-color-5)","background-image":"","background-repeat":"repeat","background-position":"center center","background-size":"auto","background-attachment":"scroll","background-type":"","background-media":"","overlay-type":"","overlay-color":"","overlay-opacity":"","overlay-gradient":""}},"footnotes":""},"categories":[23,14,83,1,4,5,311],"tags":[],"class_list":["post-18221","post","type-post","status-publish","format-standard","has-post-thumbnail","hentry","category-angles","category-c-s","category-especialitats","category-general","category-portada","category-primaria","category-projecte-e-twinning"],"post_mailing_queue_ids":[],"_links":{"self":[{"href":"https:\/\/agora.xtec.cat\/esc-la-cabana\/wp-json\/wp\/v2\/posts\/18221","targetHints":{"allow":["GET"]}}],"collection":[{"href":"https:\/\/agora.xtec.cat\/esc-la-cabana\/wp-json\/wp\/v2\/posts"}],"about":[{"href":"https:\/\/agora.xtec.cat\/esc-la-cabana\/wp-json\/wp\/v2\/types\/post"}],"author":[{"embeddable":true,"href":"https:\/\/agora.xtec.cat\/esc-la-cabana\/wp-json\/wp\/v2\/users\/18"}],"replies":[{"embeddable":true,"href":"https:\/\/agora.xtec.cat\/esc-la-cabana\/wp-json\/wp\/v2\/comments?post=18221"}],"version-history":[{"count":3,"href":"https:\/\/agora.xtec.cat\/esc-la-cabana\/wp-json\/wp\/v2\/posts\/18221\/revisions"}],"predecessor-version":[{"id":18227,"href":"https:\/\/agora.xtec.cat\/esc-la-cabana\/wp-json\/wp\/v2\/posts\/18221\/revisions\/18227"}],"wp:featuredmedia":[{"embeddable":true,"href":"https:\/\/agora.xtec.cat\/esc-la-cabana\/wp-json\/wp\/v2\/media\/18213"}],"wp:attachment":[{"href":"https:\/\/agora.xtec.cat\/esc-la-cabana\/wp-json\/wp\/v2\/media?parent=18221"}],"wp:term":[{"taxonomy":"category","embeddable":true,"href":"https:\/\/agora.xtec.cat\/esc-la-cabana\/wp-json\/wp\/v2\/categories?post=18221"},{"taxonomy":"post_tag","embeddable":true,"href":"https:\/\/agora.xtec.cat\/esc-la-cabana\/wp-json\/wp\/v2\/tags?post=18221"}],"curies":[{"name":"wp","href":"https:\/\/api.w.org\/{rel}","templated":true}]}}