{"id":18207,"date":"2021-11-17T16:22:32","date_gmt":"2021-11-17T15:22:32","guid":{"rendered":"https:\/\/agora.xtec.cat\/esc-la-cabana\/?p=18207"},"modified":"2021-11-17T16:22:32","modified_gmt":"2021-11-17T15:22:32","slug":"tornen-les-entrevistes","status":"publish","type":"post","link":"https:\/\/agora.xtec.cat\/esc-la-cabana\/general\/tornen-les-entrevistes\/","title":{"rendered":"TORNEN LES ENTREVISTES!"},"content":{"rendered":"<p>Despr\u00e9s de dos anys, l&#8217;alumnat de cicle superior ha tornat a realitzar entrevistes a persones de dins o properes a l&#8217;escola La Cabana. Primerament, han decidit la persona escollida i despr\u00e9s, han realitzat el gui\u00f3 de l&#8217;entrevista i tots els elements necessaris per a dur-la a terme (claqueta, micr\u00f2fons, c\u00e0meres, etc&#8230;). Finalment, amb la col\u00b7laboraci\u00f3 necess\u00e0ria d&#8217;una c\u00e0mera de v\u00eddeo i un tr\u00edpode, han gravat l&#8217;entrevista i per acabar, l&#8217;han editada amb un programa d&#8217;edici\u00f3 de v\u00eddeo.<\/p>\n<p>A continuaci\u00f3, trobareu l&#8217;enlla\u00e7 per accedir a les 3 entrevistes que s&#8217;han realitzat:<\/p>\n<ul>\n<li><a href=\"https:\/\/photos.app.goo.gl\/zodtgCqsKY8eW9Px8\" target=\"_blank\" rel=\"noopener\">Entrevista a l&#8217;\u00d2scar<\/a>, encarregat de dur a terme l&#8217;extraescolar de c\u00f2mic i manga i pare de l&#8217;escola.<\/li>\n<li><a href=\"https:\/\/photos.app.goo.gl\/nauhnxuDhuq4p3U66\" target=\"_blank\" rel=\"noopener\">Entrevista a la Meritxell<\/a>, cap d&#8217;estudis de l&#8217;escola La Cabana.<\/li>\n<li><a href=\"https:\/\/photos.app.goo.gl\/bw9NkT3NeqUdtpr57\" target=\"_blank\" rel=\"noopener\">Entrevista al Juantxu<\/a>, coordinador del futbol base del club de futbol Les Cabanyes.<\/li>\n<\/ul>\n<p>Esperem que hagiu gaudit amb aquesta activitat englobada als tallers art\u00edstics.<\/p>\n","protected":false},"excerpt":{"rendered":"<p>Despr\u00e9s de dos anys, l&#8217;alumnat de cicle superior ha tornat a realitzar entrevistes a persones de dins o properes a l&#8217;escola La Cabana. Primerament, han decidit la persona escollida i despr\u00e9s, han realitzat el gui\u00f3 de l&#8217;entrevista i tots els elements necessaris per a dur-la a terme (claqueta, micr\u00f2fons, c\u00e0meres, etc&#8230;). Finalment, amb la col\u00b7laboraci\u00f3 [&hellip;]<\/p>\n","protected":false},"author":1,"featured_media":16616,"comment_status":"open","ping_status":"closed","sticky":false,"template":"","format":"standard","meta":{"_bbp_topic_count":0,"_bbp_reply_count":0,"_bbp_total_topic_count":0,"_bbp_total_reply_count":0,"_bbp_voice_count":0,"_bbp_anonymous_reply_count":0,"_bbp_topic_count_hidden":0,"_bbp_reply_count_hidden":0,"_bbp_forum_subforum_count":0,"site-sidebar-layout":"default","site-content-layout":"","ast-site-content-layout":"","site-content-style":"default","site-sidebar-style":"default","ast-global-header-display":"","ast-banner-title-visibility":"","ast-main-header-display":"","ast-hfb-above-header-display":"","ast-hfb-below-header-display":"","ast-hfb-mobile-header-display":"","site-post-title":"","ast-breadcrumbs-content":"","ast-featured-img":"","footer-sml-layout":"","theme-transparent-header-meta":"","adv-header-id-meta":"","stick-header-meta":"","header-above-stick-meta":"","header-main-stick-meta":"","header-below-stick-meta":"","astra-migrate-meta-layouts":"default","ast-page-background-enabled":"default","ast-page-background-meta":{"desktop":{"background-color":"var(--ast-global-color-4)","background-image":"","background-repeat":"repeat","background-position":"center center","background-size":"auto","background-attachment":"scroll","background-type":"","background-media":"","overlay-type":"","overlay-color":"","overlay-opacity":"","overlay-gradient":""},"tablet":{"background-color":"","background-image":"","background-repeat":"repeat","background-position":"center center","background-size":"auto","background-attachment":"scroll","background-type":"","background-media":"","overlay-type":"","overlay-color":"","overlay-opacity":"","overlay-gradient":""},"mobile":{"background-color":"","background-image":"","background-repeat":"repeat","background-position":"center center","background-size":"auto","background-attachment":"scroll","background-type":"","background-media":"","overlay-type":"","overlay-color":"","overlay-opacity":"","overlay-gradient":""}},"ast-content-background-meta":{"desktop":{"background-color":"var(--ast-global-color-5)","background-image":"","background-repeat":"repeat","background-position":"center center","background-size":"auto","background-attachment":"scroll","background-type":"","background-media":"","overlay-type":"","overlay-color":"","overlay-opacity":"","overlay-gradient":""},"tablet":{"background-color":"var(--ast-global-color-5)","background-image":"","background-repeat":"repeat","background-position":"center center","background-size":"auto","background-attachment":"scroll","background-type":"","background-media":"","overlay-type":"","overlay-color":"","overlay-opacity":"","overlay-gradient":""},"mobile":{"background-color":"var(--ast-global-color-5)","background-image":"","background-repeat":"repeat","background-position":"center center","background-size":"auto","background-attachment":"scroll","background-type":"","background-media":"","overlay-type":"","overlay-color":"","overlay-opacity":"","overlay-gradient":""}},"footnotes":""},"categories":[14,1,4,44,250],"tags":[314,89,208],"class_list":["post-18207","post","type-post","status-publish","format-standard","has-post-thumbnail","hentry","category-c-s","category-general","category-portada","category-audiovisuals","category-tasques-confinament-cicle-superior","tag-edicio-de-video","tag-entrevista","tag-tallers-deducacio-artistica"],"post_mailing_queue_ids":[],"_links":{"self":[{"href":"https:\/\/agora.xtec.cat\/esc-la-cabana\/wp-json\/wp\/v2\/posts\/18207","targetHints":{"allow":["GET"]}}],"collection":[{"href":"https:\/\/agora.xtec.cat\/esc-la-cabana\/wp-json\/wp\/v2\/posts"}],"about":[{"href":"https:\/\/agora.xtec.cat\/esc-la-cabana\/wp-json\/wp\/v2\/types\/post"}],"author":[{"embeddable":true,"href":"https:\/\/agora.xtec.cat\/esc-la-cabana\/wp-json\/wp\/v2\/users\/1"}],"replies":[{"embeddable":true,"href":"https:\/\/agora.xtec.cat\/esc-la-cabana\/wp-json\/wp\/v2\/comments?post=18207"}],"version-history":[{"count":1,"href":"https:\/\/agora.xtec.cat\/esc-la-cabana\/wp-json\/wp\/v2\/posts\/18207\/revisions"}],"predecessor-version":[{"id":18208,"href":"https:\/\/agora.xtec.cat\/esc-la-cabana\/wp-json\/wp\/v2\/posts\/18207\/revisions\/18208"}],"wp:featuredmedia":[{"embeddable":true,"href":"https:\/\/agora.xtec.cat\/esc-la-cabana\/wp-json\/wp\/v2\/media\/16616"}],"wp:attachment":[{"href":"https:\/\/agora.xtec.cat\/esc-la-cabana\/wp-json\/wp\/v2\/media?parent=18207"}],"wp:term":[{"taxonomy":"category","embeddable":true,"href":"https:\/\/agora.xtec.cat\/esc-la-cabana\/wp-json\/wp\/v2\/categories?post=18207"},{"taxonomy":"post_tag","embeddable":true,"href":"https:\/\/agora.xtec.cat\/esc-la-cabana\/wp-json\/wp\/v2\/tags?post=18207"}],"curies":[{"name":"wp","href":"https:\/\/api.w.org\/{rel}","templated":true}]}}