{"id":18159,"date":"2021-11-29T13:02:46","date_gmt":"2021-11-29T12:02:46","guid":{"rendered":"https:\/\/agora.xtec.cat\/esc-la-cabana\/?p=18159"},"modified":"2021-12-01T14:34:44","modified_gmt":"2021-12-01T13:34:44","slug":"una-castanyada-terrorifica-i-llaminera","status":"publish","type":"post","link":"https:\/\/agora.xtec.cat\/esc-la-cabana\/general\/una-castanyada-terrorifica-i-llaminera\/","title":{"rendered":"UNA CASTANYADA TERROR\u00cdFICA I LLAMINERA"},"content":{"rendered":"<p>&nbsp;<\/p>\n<p>El passat divendres 29 d\u2019octubre vam celebrar a l\u2019escola la festa de la Castanyada. Va ser un dia ple d\u2019activitats art\u00edstiques i culin\u00e0ries.<\/p>\n<p>&nbsp;<\/p>\n<h2 style=\"text-align: center;\"><span style=\"color: #99cc00;\">QU\u00c8 VAM FER A INFANTIL?<\/span><\/h2>\n<p>Ho vam celebrar tota la setmana amb diferents tallers art\u00edstics. Aqu\u00ed teniu el recull:<\/p>\n<p><a href=\"https:\/\/agora.xtec.cat\/esc-la-cabana\/wp-content\/uploads\/usu849\/2021\/11\/tallers-de-tardor.jpg\"><img loading=\"lazy\" decoding=\"async\" class=\"size-large wp-image-18169 aligncenter\" src=\"https:\/\/agora.xtec.cat\/esc-la-cabana\/wp-content\/uploads\/usu849\/2021\/11\/tallers-de-tardor-1024x768.jpg\" alt=\"\" width=\"1024\" height=\"768\" srcset=\"https:\/\/agora.xtec.cat\/esc-la-cabana\/wp-content\/uploads\/usu849\/2021\/11\/tallers-de-tardor-1024x768.jpg 1024w, https:\/\/agora.xtec.cat\/esc-la-cabana\/wp-content\/uploads\/usu849\/2021\/11\/tallers-de-tardor-300x225.jpg 300w, https:\/\/agora.xtec.cat\/esc-la-cabana\/wp-content\/uploads\/usu849\/2021\/11\/tallers-de-tardor-768x576.jpg 768w, https:\/\/agora.xtec.cat\/esc-la-cabana\/wp-content\/uploads\/usu849\/2021\/11\/tallers-de-tardor-1536x1152.jpg 1536w, https:\/\/agora.xtec.cat\/esc-la-cabana\/wp-content\/uploads\/usu849\/2021\/11\/tallers-de-tardor-2048x1536.jpg 2048w, https:\/\/agora.xtec.cat\/esc-la-cabana\/wp-content\/uploads\/usu849\/2021\/11\/tallers-de-tardor-200x150.jpg 200w\" sizes=\"auto, (max-width: 1024px) 100vw, 1024px\" \/><\/a><\/p>\n<h2 style=\"text-align: center;\">Cliqueu i mireu com ballem!!<\/h2>\n<p>&nbsp;<\/p>\n<h4 style=\"text-align: center;\"><a href=\"https:\/\/photos.app.goo.gl\/6yYVQuN5Bg1zbvqx7\" target=\"_blank\" rel=\"noopener\">CLASSES DELS PESCADORS\/ES\u00a0 I DOFINS<\/a><\/h4>\n<h4 style=\"text-align: center;\"><a href=\"https:\/\/photos.app.goo.gl\/TocjMzWfjXDDTxna6\" target=\"_blank\" rel=\"noopener\">CLASSE DE LA TORTUGA<\/a><\/h4>\n<h4 style=\"text-align: center;\">Tamb\u00e9 ens va visitar <a href=\"https:\/\/photos.google.com\/search\/_tra_\/photo\/AF1QipNREy9TLOpFW52ub-RHdg1pUcO8kzGJjB2Amozk\" target=\"_blank\" rel=\"noopener\">&#8220;LA CASTANYERA&#8221;<\/a><\/h4>\n<h4 style=\"text-align: center;\"><a href=\"https:\/\/photos.app.goo.gl\/L96Nw4StU87S6sYJ6\" target=\"_blank\" rel=\"noopener\">Recull de fotos d&#8217;educaci\u00f3 infantil<\/a><\/h4>\n<p>&nbsp;<\/p>\n<h2 style=\"text-align: center;\"><span style=\"color: #993366;\">&#8230; I A PRIM\u00c0RIA?<\/span><\/h2>\n<p>&nbsp;<\/p>\n<ul style=\"list-style-type: circle;\">\n<li>\n<h3><span style=\"color: #ff9900;\">Cicle inicial<\/span><\/h3>\n<\/li>\n<\/ul>\n<p>Vam fer diverses manualitats unes relacionades amb la tardor i altres amb la festivitat de Halloween. Finalment, una bona paperina de papirofl\u00e8xia per poder emportar-nos unes quantes castanyes ben calentones cap a casa.<\/p>\n<ul style=\"list-style-type: circle;\">\n<li>\n<h3><span style=\"color: #ff0000;\">Cicle mitj\u00e0<\/span><\/h3>\n<\/li>\n<\/ul>\n<p>D\u00b4artistes fent composicions amb elements de tardor a fer un rat penat molt matem\u00e0tic. \u00c9s clar, que no pod\u00edem acomiadar el dia sense tastar els panellets que hav\u00edem elaborat pel mat\u00ed. Uns panellets fets com\u00a0 a grans Xefs, seguint la recepta gaireb\u00e9 al peu de la lletra.<\/p>\n<ul style=\"list-style-type: circle;\">\n<li>\n<h3><span style=\"color: #800000;\">Cicle superior<\/span><\/h3>\n<\/li>\n<li>Vam iniciar el dia posant-nos mans a l&#8217;obra amb dos tallers de cuina. L&#8217; alumnat va preparar preparar rocs de xocolata i broquetes amb fruites de tardor. Amb la panxa plena, amb un esmorzar ben saludable i tardorenc, vam iniciar\u00a0 el taller de papirofl\u00e8xia en angl\u00e8s. El resultat va ser\u00a0 un rat penat, tot seguint un text instructiu en llengua anglesa.A la tarda, vam fer la tradicional sessi\u00f3 de cinema. La pel\u00b7l\u00edcula escollida enguany va ser &#8220;Wonder&#8221;, un film que ens va fer emocionar i reflexionar, tot fent la degustaci\u00f3 dels rocs de xocolata que hav\u00edem preparat pel mat\u00ed.<\/li>\n<\/ul>\n<p style=\"text-align: center;\"><a href=\"https:\/\/photos.app.goo.gl\/oxYSiweNxeEqASWDA\" target=\"_blank\" rel=\"noopener\">Recull de fotos de cicle inicial<\/a><\/p>\n<p style=\"text-align: center;\"><a href=\"https:\/\/photos.app.goo.gl\/nZCJX3bvz8ALMj3H9\" target=\"_blank\" rel=\"noopener\">Recull de fotos de cicle mitj\u00e0<\/a><\/p>\n<p style=\"text-align: center;\"><a href=\"https:\/\/photos.app.goo.gl\/81KmrdzQfCNz6ZcC8\">Recull de fotos de cicle superior<\/a><\/p>\n<p>&nbsp;<\/p>\n<p style=\"text-align: center;\">Castanyes, panellets i rocs de xocolata vam menjar!<\/p>\n<p style=\"text-align: center;\">Gr\u00e0cies a l&#8217; equip de cuina per per possible tot aquest BON MENJAR!!<\/p>\n<h2 style=\"text-align: center;\"><span style=\"color: #ff9900;\">Esperem que us hagin agradat tant com a nosaltres realitzar-los!<\/span><\/h2>\n","protected":false},"excerpt":{"rendered":"<p>&nbsp; El passat divendres 29 d\u2019octubre vam celebrar a l\u2019escola la festa de la Castanyada. Va ser un dia ple d\u2019activitats art\u00edstiques i culin\u00e0ries. &nbsp; QU\u00c8 VAM FER A INFANTIL? Ho vam celebrar tota la setmana amb diferents tallers art\u00edstics. Aqu\u00ed teniu el recull: Cliqueu i mireu com ballem!! &nbsp; CLASSES DELS PESCADORS\/ES\u00a0 I DOFINS [&hellip;]<\/p>\n","protected":false},"author":1,"featured_media":18161,"comment_status":"open","ping_status":"closed","sticky":false,"template":"","format":"standard","meta":{"_bbp_topic_count":0,"_bbp_reply_count":0,"_bbp_total_topic_count":0,"_bbp_total_reply_count":0,"_bbp_voice_count":0,"_bbp_anonymous_reply_count":0,"_bbp_topic_count_hidden":0,"_bbp_reply_count_hidden":0,"_bbp_forum_subforum_count":0,"site-sidebar-layout":"default","site-content-layout":"","ast-site-content-layout":"","site-content-style":"default","site-sidebar-style":"default","ast-global-header-display":"","ast-banner-title-visibility":"","ast-main-header-display":"","ast-hfb-above-header-display":"","ast-hfb-below-header-display":"","ast-hfb-mobile-header-display":"","site-post-title":"","ast-breadcrumbs-content":"","ast-featured-img":"","footer-sml-layout":"","theme-transparent-header-meta":"","adv-header-id-meta":"","stick-header-meta":"","header-above-stick-meta":"","header-main-stick-meta":"","header-below-stick-meta":"","astra-migrate-meta-layouts":"default","ast-page-background-enabled":"default","ast-page-background-meta":{"desktop":{"background-color":"var(--ast-global-color-4)","background-image":"","background-repeat":"repeat","background-position":"center center","background-size":"auto","background-attachment":"scroll","background-type":"","background-media":"","overlay-type":"","overlay-color":"","overlay-opacity":"","overlay-gradient":""},"tablet":{"background-color":"","background-image":"","background-repeat":"repeat","background-position":"center center","background-size":"auto","background-attachment":"scroll","background-type":"","background-media":"","overlay-type":"","overlay-color":"","overlay-opacity":"","overlay-gradient":""},"mobile":{"background-color":"","background-image":"","background-repeat":"repeat","background-position":"center center","background-size":"auto","background-attachment":"scroll","background-type":"","background-media":"","overlay-type":"","overlay-color":"","overlay-opacity":"","overlay-gradient":""}},"ast-content-background-meta":{"desktop":{"background-color":"var(--ast-global-color-5)","background-image":"","background-repeat":"repeat","background-position":"center center","background-size":"auto","background-attachment":"scroll","background-type":"","background-media":"","overlay-type":"","overlay-color":"","overlay-opacity":"","overlay-gradient":""},"tablet":{"background-color":"var(--ast-global-color-5)","background-image":"","background-repeat":"repeat","background-position":"center center","background-size":"auto","background-attachment":"scroll","background-type":"","background-media":"","overlay-type":"","overlay-color":"","overlay-opacity":"","overlay-gradient":""},"mobile":{"background-color":"var(--ast-global-color-5)","background-image":"","background-repeat":"repeat","background-position":"center center","background-size":"auto","background-attachment":"scroll","background-type":"","background-media":"","overlay-type":"","overlay-color":"","overlay-opacity":"","overlay-gradient":""}},"footnotes":""},"categories":[23,10,12,14,33,1,4,5],"tags":[81,160,75],"class_list":["post-18159","post","type-post","status-publish","format-standard","has-post-thumbnail","hentry","category-angles","category-c-i","category-c-m","category-c-s","category-e-i","category-general","category-portada","category-primaria","tag-castanyada","tag-halloween","tag-tallers"],"post_mailing_queue_ids":[],"_links":{"self":[{"href":"https:\/\/agora.xtec.cat\/esc-la-cabana\/wp-json\/wp\/v2\/posts\/18159","targetHints":{"allow":["GET"]}}],"collection":[{"href":"https:\/\/agora.xtec.cat\/esc-la-cabana\/wp-json\/wp\/v2\/posts"}],"about":[{"href":"https:\/\/agora.xtec.cat\/esc-la-cabana\/wp-json\/wp\/v2\/types\/post"}],"author":[{"embeddable":true,"href":"https:\/\/agora.xtec.cat\/esc-la-cabana\/wp-json\/wp\/v2\/users\/1"}],"replies":[{"embeddable":true,"href":"https:\/\/agora.xtec.cat\/esc-la-cabana\/wp-json\/wp\/v2\/comments?post=18159"}],"version-history":[{"count":4,"href":"https:\/\/agora.xtec.cat\/esc-la-cabana\/wp-json\/wp\/v2\/posts\/18159\/revisions"}],"predecessor-version":[{"id":18255,"href":"https:\/\/agora.xtec.cat\/esc-la-cabana\/wp-json\/wp\/v2\/posts\/18159\/revisions\/18255"}],"wp:featuredmedia":[{"embeddable":true,"href":"https:\/\/agora.xtec.cat\/esc-la-cabana\/wp-json\/wp\/v2\/media\/18161"}],"wp:attachment":[{"href":"https:\/\/agora.xtec.cat\/esc-la-cabana\/wp-json\/wp\/v2\/media?parent=18159"}],"wp:term":[{"taxonomy":"category","embeddable":true,"href":"https:\/\/agora.xtec.cat\/esc-la-cabana\/wp-json\/wp\/v2\/categories?post=18159"},{"taxonomy":"post_tag","embeddable":true,"href":"https:\/\/agora.xtec.cat\/esc-la-cabana\/wp-json\/wp\/v2\/tags?post=18159"}],"curies":[{"name":"wp","href":"https:\/\/api.w.org\/{rel}","templated":true}]}}