{"id":18154,"date":"2021-11-08T12:39:40","date_gmt":"2021-11-08T11:39:40","guid":{"rendered":"https:\/\/agora.xtec.cat\/esc-la-cabana\/?p=18154"},"modified":"2021-11-10T09:50:20","modified_gmt":"2021-11-10T08:50:20","slug":"eleccions-al-consell-escolar","status":"publish","type":"post","link":"https:\/\/agora.xtec.cat\/esc-la-cabana\/general\/eleccions-al-consell-escolar\/","title":{"rendered":"ELECCIONS AL CONSELL ESCOLAR"},"content":{"rendered":"<p style=\"font-weight: 400;\">Benvolgudes fam\u00edlies,<\/p>\n<p style=\"font-weight: 400;\">Durant el mes de novembre\u00a0\u00a0es duran a terme les eleccions per\u00a0\u00a0renovar el\u00a0<strong>Consell\u00a0Escolar<\/strong>\u00a0de l\u2019escola.<\/p>\n<p style=\"font-weight: 400;\">D&#8217;acord amb els articles 148 i 152 de la Llei 12\/2009, del 10 de juliol, d&#8217;educaci\u00f3, el\u00a0consell\u00a0escolar\u00a0\u00e9s l&#8217;\u00f2rgan de participaci\u00f3 de la comunitat\u00a0escolar\u00a0en el govern del centre, i correspon al Departament d&#8217;Educaci\u00f3 establir mesures perqu\u00e8 aquesta participaci\u00f3 sigui efectiva, aix\u00ed com determinar el nombre i el procediment d&#8217;elecci\u00f3 dels membres del\u00a0consell.<\/p>\n<p style=\"font-weight: 400;\">\u00c9s un espai on poder escoltar les\u00a0veus de tots els sectors que el formen: mestres, pares i mares i administraci\u00f3 local. Aquest \u00f2rgan es reuneix 4 o 5 cops l\u2019any, aproximadament.<\/p>\n<p style=\"font-weight: 400;\">Els Membres del Consell Escolar s\u2019escullen per votaci\u00f3 i cada sector vota els seus membres. Cada dos anys es renova la meitat del personal de cada sector.\u00a0\u00a0Enguany cal renovar <strong>tres membres del sector mestres i dos del sector pares.<\/strong><\/p>\n<p style=\"font-weight: 400;\">Del sector pares i mares han presentar-se, com a m\u00ednim,\u00a0<strong><em><u>dos candidats. <\/u><\/em><\/strong>No obstant \u00e9s preferible que siguin m\u00e9s de dos, per tal de tenir un candidat de reserva, per si en algun moment hi ha alguna baixa.<\/p>\n<p style=\"font-weight: 400;\">Us demanen la participaci\u00f3 en aquest esdeveniment tan important! Qu\u00e8 podeu fer?<\/p>\n<p style=\"font-weight: 400;\">&#8211; Presentar-vos com a candidat\/es.<\/p>\n<p style=\"font-weight: 400;\">&#8211; Presentar-vos\u00a0\u00a0com a interventors\/es<\/p>\n<p style=\"font-weight: 400;\">&#8211; Venir a votar el\u00a0<strong>dia\u00a0\u00a023 de novembre de 2021.<\/strong><\/p>\n<p style=\"font-weight: 400;\">Si preneu la decisi\u00f3 de ser candidats o candidates\u00a0\u00a0comuniqueu-ho a la direcci\u00f3 del centre, el m\u00e9s aviat possible.<\/p>\n<p style=\"font-weight: 400;\">En breu, trobareu a la cartellera del centre la seg\u00fcent documentaci\u00f3: convocat\u00f2ria oficial de tot el proc\u00e9s, planificaci\u00f3 del proc\u00e9s\u00a0\u00a0electoral i cens per revisar.<\/p>\n<p style=\"font-weight: 400;\">Us deixem amb un petit v\u00eddeo amb les funcions del\u00a0Consell\u00a0Escolar, que ha fet la N\u00faria Alborn\u00e0, mare de l\u2019escola\u00a0i una de les membres del\u00a0Consell\u00a0que acaba la seva representaci\u00f3:<\/p>\n<div class=\"ast-oembed-container \" style=\"height: 100%;\"><iframe loading=\"lazy\" title=\"Qu\u00e8 \u00e9s per mi el Consell Escolar?\" width=\"500\" height=\"281\" src=\"https:\/\/www.youtube.com\/embed\/M7lc-l9WEBM?feature=oembed\" frameborder=\"0\" allow=\"accelerometer; autoplay; clipboard-write; encrypted-media; gyroscope; picture-in-picture; web-share\" referrerpolicy=\"strict-origin-when-cross-origin\" allowfullscreen><\/iframe><\/div>\n","protected":false},"excerpt":{"rendered":"<p>Eleccions al Consell Escolar 2021.<br \/>\nProc\u00e9s i v\u00eddeo informatiu de la N\u00faria Alborn\u00e0, mare de l&#8217;escola i membre del Consell Escolar que acaba la seva representaci\u00f3.<\/p>\n","protected":false},"author":1,"featured_media":18155,"comment_status":"open","ping_status":"closed","sticky":false,"template":"","format":"standard","meta":{"_bbp_topic_count":0,"_bbp_reply_count":0,"_bbp_total_topic_count":0,"_bbp_total_reply_count":0,"_bbp_voice_count":0,"_bbp_anonymous_reply_count":0,"_bbp_topic_count_hidden":0,"_bbp_reply_count_hidden":0,"_bbp_forum_subforum_count":0,"site-sidebar-layout":"default","site-content-layout":"","ast-site-content-layout":"","site-content-style":"default","site-sidebar-style":"default","ast-global-header-display":"","ast-banner-title-visibility":"","ast-main-header-display":"","ast-hfb-above-header-display":"","ast-hfb-below-header-display":"","ast-hfb-mobile-header-display":"","site-post-title":"","ast-breadcrumbs-content":"","ast-featured-img":"","footer-sml-layout":"","theme-transparent-header-meta":"","adv-header-id-meta":"","stick-header-meta":"","header-above-stick-meta":"","header-main-stick-meta":"","header-below-stick-meta":"","astra-migrate-meta-layouts":"default","ast-page-background-enabled":"default","ast-page-background-meta":{"desktop":{"background-color":"var(--ast-global-color-4)","background-image":"","background-repeat":"repeat","background-position":"center center","background-size":"auto","background-attachment":"scroll","background-type":"","background-media":"","overlay-type":"","overlay-color":"","overlay-opacity":"","overlay-gradient":""},"tablet":{"background-color":"","background-image":"","background-repeat":"repeat","background-position":"center center","background-size":"auto","background-attachment":"scroll","background-type":"","background-media":"","overlay-type":"","overlay-color":"","overlay-opacity":"","overlay-gradient":""},"mobile":{"background-color":"","background-image":"","background-repeat":"repeat","background-position":"center center","background-size":"auto","background-attachment":"scroll","background-type":"","background-media":"","overlay-type":"","overlay-color":"","overlay-opacity":"","overlay-gradient":""}},"ast-content-background-meta":{"desktop":{"background-color":"var(--ast-global-color-5)","background-image":"","background-repeat":"repeat","background-position":"center center","background-size":"auto","background-attachment":"scroll","background-type":"","background-media":"","overlay-type":"","overlay-color":"","overlay-opacity":"","overlay-gradient":""},"tablet":{"background-color":"var(--ast-global-color-5)","background-image":"","background-repeat":"repeat","background-position":"center center","background-size":"auto","background-attachment":"scroll","background-type":"","background-media":"","overlay-type":"","overlay-color":"","overlay-opacity":"","overlay-gradient":""},"mobile":{"background-color":"var(--ast-global-color-5)","background-image":"","background-repeat":"repeat","background-position":"center center","background-size":"auto","background-attachment":"scroll","background-type":"","background-media":"","overlay-type":"","overlay-color":"","overlay-opacity":"","overlay-gradient":""}},"footnotes":""},"categories":[1,4],"tags":[310,309],"class_list":["post-18154","post","type-post","status-publish","format-standard","has-post-thumbnail","hentry","category-general","category-portada","tag-consell-escolar","tag-eleccions"],"post_mailing_queue_ids":[],"_links":{"self":[{"href":"https:\/\/agora.xtec.cat\/esc-la-cabana\/wp-json\/wp\/v2\/posts\/18154","targetHints":{"allow":["GET"]}}],"collection":[{"href":"https:\/\/agora.xtec.cat\/esc-la-cabana\/wp-json\/wp\/v2\/posts"}],"about":[{"href":"https:\/\/agora.xtec.cat\/esc-la-cabana\/wp-json\/wp\/v2\/types\/post"}],"author":[{"embeddable":true,"href":"https:\/\/agora.xtec.cat\/esc-la-cabana\/wp-json\/wp\/v2\/users\/1"}],"replies":[{"embeddable":true,"href":"https:\/\/agora.xtec.cat\/esc-la-cabana\/wp-json\/wp\/v2\/comments?post=18154"}],"version-history":[{"count":3,"href":"https:\/\/agora.xtec.cat\/esc-la-cabana\/wp-json\/wp\/v2\/posts\/18154\/revisions"}],"predecessor-version":[{"id":18172,"href":"https:\/\/agora.xtec.cat\/esc-la-cabana\/wp-json\/wp\/v2\/posts\/18154\/revisions\/18172"}],"wp:featuredmedia":[{"embeddable":true,"href":"https:\/\/agora.xtec.cat\/esc-la-cabana\/wp-json\/wp\/v2\/media\/18155"}],"wp:attachment":[{"href":"https:\/\/agora.xtec.cat\/esc-la-cabana\/wp-json\/wp\/v2\/media?parent=18154"}],"wp:term":[{"taxonomy":"category","embeddable":true,"href":"https:\/\/agora.xtec.cat\/esc-la-cabana\/wp-json\/wp\/v2\/categories?post=18154"},{"taxonomy":"post_tag","embeddable":true,"href":"https:\/\/agora.xtec.cat\/esc-la-cabana\/wp-json\/wp\/v2\/tags?post=18154"}],"curies":[{"name":"wp","href":"https:\/\/api.w.org\/{rel}","templated":true}]}}