{"id":18022,"date":"2021-09-22T12:58:04","date_gmt":"2021-09-22T10:58:04","guid":{"rendered":"https:\/\/agora.xtec.cat\/esc-la-cabana\/?p=18022"},"modified":"2021-11-09T14:11:17","modified_gmt":"2021-11-09T13:11:17","slug":"etwinning-project","status":"publish","type":"post","link":"https:\/\/agora.xtec.cat\/esc-la-cabana\/general\/etwinning-project\/","title":{"rendered":"eTwinning Project"},"content":{"rendered":"<p><a href=\"https:\/\/agora.xtec.cat\/esc-la-cabana\/wp-content\/uploads\/usu849\/2021\/09\/eTwinningLogoFlat-1.png\"><img loading=\"lazy\" decoding=\"async\" class=\"alignnone wp-image-18025\" src=\"https:\/\/agora.xtec.cat\/esc-la-cabana\/wp-content\/uploads\/usu849\/2021\/09\/eTwinningLogoFlat-1-1024x408.png\" alt=\"\" width=\"313\" height=\"125\" srcset=\"https:\/\/agora.xtec.cat\/esc-la-cabana\/wp-content\/uploads\/usu849\/2021\/09\/eTwinningLogoFlat-1-1024x408.png 1024w, https:\/\/agora.xtec.cat\/esc-la-cabana\/wp-content\/uploads\/usu849\/2021\/09\/eTwinningLogoFlat-1-300x120.png 300w, https:\/\/agora.xtec.cat\/esc-la-cabana\/wp-content\/uploads\/usu849\/2021\/09\/eTwinningLogoFlat-1-768x306.png 768w, https:\/\/agora.xtec.cat\/esc-la-cabana\/wp-content\/uploads\/usu849\/2021\/09\/eTwinningLogoFlat-1-1536x612.png 1536w, https:\/\/agora.xtec.cat\/esc-la-cabana\/wp-content\/uploads\/usu849\/2021\/09\/eTwinningLogoFlat-1.png 1658w\" sizes=\"auto, (max-width: 313px) 100vw, 313px\" \/><\/a><a href=\"https:\/\/agora.xtec.cat\/esc-la-cabana\/wp-content\/uploads\/usu849\/2021\/09\/Turkey-Flag.png\"><img loading=\"lazy\" decoding=\"async\" class=\"alignnone wp-image-18026\" src=\"https:\/\/agora.xtec.cat\/esc-la-cabana\/wp-content\/uploads\/usu849\/2021\/09\/Turkey-Flag-1024x439.png\" alt=\"\" width=\"258\" height=\"111\" srcset=\"https:\/\/agora.xtec.cat\/esc-la-cabana\/wp-content\/uploads\/usu849\/2021\/09\/Turkey-Flag-1024x439.png 1024w, https:\/\/agora.xtec.cat\/esc-la-cabana\/wp-content\/uploads\/usu849\/2021\/09\/Turkey-Flag-300x129.png 300w, https:\/\/agora.xtec.cat\/esc-la-cabana\/wp-content\/uploads\/usu849\/2021\/09\/Turkey-Flag-768x329.png 768w, https:\/\/agora.xtec.cat\/esc-la-cabana\/wp-content\/uploads\/usu849\/2021\/09\/Turkey-Flag-1536x658.png 1536w, https:\/\/agora.xtec.cat\/esc-la-cabana\/wp-content\/uploads\/usu849\/2021\/09\/Turkey-Flag-2048x878.png 2048w\" sizes=\"auto, (max-width: 258px) 100vw, 258px\" \/><\/a><a href=\"https:\/\/agora.xtec.cat\/esc-la-cabana\/wp-content\/uploads\/usu849\/2021\/09\/Catalan-Flag.png\"><img loading=\"lazy\" decoding=\"async\" class=\"alignnone wp-image-18023\" src=\"https:\/\/agora.xtec.cat\/esc-la-cabana\/wp-content\/uploads\/usu849\/2021\/09\/Catalan-Flag-1024x1024.png\" alt=\"\" width=\"134\" height=\"134\" srcset=\"https:\/\/agora.xtec.cat\/esc-la-cabana\/wp-content\/uploads\/usu849\/2021\/09\/Catalan-Flag.png 1024w, https:\/\/agora.xtec.cat\/esc-la-cabana\/wp-content\/uploads\/usu849\/2021\/09\/Catalan-Flag-300x300.png 300w, https:\/\/agora.xtec.cat\/esc-la-cabana\/wp-content\/uploads\/usu849\/2021\/09\/Catalan-Flag-150x150.png 150w, https:\/\/agora.xtec.cat\/esc-la-cabana\/wp-content\/uploads\/usu849\/2021\/09\/Catalan-Flag-768x768.png 768w\" sizes=\"auto, (max-width: 134px) 100vw, 134px\" \/><\/a><\/p>\n<p>We are really pleased to announce that this year, pupils in the Upper Cycle will be involved in an Eureopean Project called CULTURAL EXCHANGE. In the end, four schools all over the European Countries will be involved. Apart from our school, there will be 2 schools from Turkey and one more, who we are still waiting for, from a different country: Will it be from Romania? Maybe from Poland? Slovakia?Sweeden? Italy? &#8230; Let&#8217;s see who will dare to join us!<\/p>\n<p>We strongly believe that this project will be pretty rich for our pupils not only to improve their English language skills, but also to increase their knowledge on plurilingual and multicultural diversity.<\/p>\n<p>We will do our best to get our Quality Label Award, but we will also need your collaboration! Are you aslo ready to participate on this International Project?<\/p>\n<p>We&#8217;ll keep you informed about all this process.<\/p>\n<p>From now on, the first step in October will be knowing each other. However, here you have some photos about the schools and children involved in this project:<\/p>\n<p><a href=\"https:\/\/agora.xtec.cat\/esc-la-cabana\/wp-content\/uploads\/usu849\/2021\/09\/resized.jpg\"><img loading=\"lazy\" decoding=\"async\" class=\"alignnone size-full wp-image-18029\" src=\"https:\/\/agora.xtec.cat\/esc-la-cabana\/wp-content\/uploads\/usu849\/2021\/09\/resized.jpg\" alt=\"\" width=\"864\" height=\"864\" srcset=\"https:\/\/agora.xtec.cat\/esc-la-cabana\/wp-content\/uploads\/usu849\/2021\/09\/resized.jpg 864w, https:\/\/agora.xtec.cat\/esc-la-cabana\/wp-content\/uploads\/usu849\/2021\/09\/resized-300x300.jpg 300w, https:\/\/agora.xtec.cat\/esc-la-cabana\/wp-content\/uploads\/usu849\/2021\/09\/resized-150x150.jpg 150w, https:\/\/agora.xtec.cat\/esc-la-cabana\/wp-content\/uploads\/usu849\/2021\/09\/resized-768x768.jpg 768w\" sizes=\"auto, (max-width: 864px) 100vw, 864px\" \/><\/a> <a href=\"https:\/\/agora.xtec.cat\/esc-la-cabana\/wp-content\/uploads\/usu849\/2021\/09\/Turkish-pupils.jpg\"><img loading=\"lazy\" decoding=\"async\" class=\"alignnone size-large wp-image-18027\" src=\"https:\/\/agora.xtec.cat\/esc-la-cabana\/wp-content\/uploads\/usu849\/2021\/09\/Turkish-pupils-1024x768.jpg\" alt=\"\" width=\"1024\" height=\"768\" srcset=\"https:\/\/agora.xtec.cat\/esc-la-cabana\/wp-content\/uploads\/usu849\/2021\/09\/Turkish-pupils-1024x768.jpg 1024w, https:\/\/agora.xtec.cat\/esc-la-cabana\/wp-content\/uploads\/usu849\/2021\/09\/Turkish-pupils-300x225.jpg 300w, https:\/\/agora.xtec.cat\/esc-la-cabana\/wp-content\/uploads\/usu849\/2021\/09\/Turkish-pupils-768x576.jpg 768w, https:\/\/agora.xtec.cat\/esc-la-cabana\/wp-content\/uploads\/usu849\/2021\/09\/Turkish-pupils-1536x1153.jpg 1536w, https:\/\/agora.xtec.cat\/esc-la-cabana\/wp-content\/uploads\/usu849\/2021\/09\/Turkish-pupils-2048x1537.jpg 2048w, https:\/\/agora.xtec.cat\/esc-la-cabana\/wp-content\/uploads\/usu849\/2021\/09\/Turkish-pupils-200x150.jpg 200w\" sizes=\"auto, (max-width: 1024px) 100vw, 1024px\" \/><\/a><\/p>\n<p><a href=\"https:\/\/agora.xtec.cat\/esc-la-cabana\/wp-content\/uploads\/usu849\/2021\/09\/20210920_230806-scaled.jpg\"><img loading=\"lazy\" decoding=\"async\" class=\"alignnone size-large wp-image-18043\" src=\"https:\/\/agora.xtec.cat\/esc-la-cabana\/wp-content\/uploads\/usu849\/2021\/09\/20210920_230806-1024x1024.jpg\" alt=\"\" width=\"1024\" height=\"1024\" srcset=\"https:\/\/agora.xtec.cat\/esc-la-cabana\/wp-content\/uploads\/usu849\/2021\/09\/20210920_230806-1024x1024.jpg 1024w, https:\/\/agora.xtec.cat\/esc-la-cabana\/wp-content\/uploads\/usu849\/2021\/09\/20210920_230806-300x300.jpg 300w, https:\/\/agora.xtec.cat\/esc-la-cabana\/wp-content\/uploads\/usu849\/2021\/09\/20210920_230806-150x150.jpg 150w, https:\/\/agora.xtec.cat\/esc-la-cabana\/wp-content\/uploads\/usu849\/2021\/09\/20210920_230806-768x768.jpg 768w, https:\/\/agora.xtec.cat\/esc-la-cabana\/wp-content\/uploads\/usu849\/2021\/09\/20210920_230806-1536x1536.jpg 1536w, https:\/\/agora.xtec.cat\/esc-la-cabana\/wp-content\/uploads\/usu849\/2021\/09\/20210920_230806-2048x2048.jpg 2048w\" sizes=\"auto, (max-width: 1024px) 100vw, 1024px\" \/><\/a> <a href=\"https:\/\/agora.xtec.cat\/esc-la-cabana\/wp-content\/uploads\/usu849\/2021\/09\/Pupils-in-Fevzipasa-School-scaled.jpg\"><img loading=\"lazy\" decoding=\"async\" class=\"alignnone size-large wp-image-18042\" src=\"https:\/\/agora.xtec.cat\/esc-la-cabana\/wp-content\/uploads\/usu849\/2021\/09\/Pupils-in-Fevzipasa-School-1024x734.jpg\" alt=\"\" width=\"1024\" height=\"734\" srcset=\"https:\/\/agora.xtec.cat\/esc-la-cabana\/wp-content\/uploads\/usu849\/2021\/09\/Pupils-in-Fevzipasa-School-1024x734.jpg 1024w, https:\/\/agora.xtec.cat\/esc-la-cabana\/wp-content\/uploads\/usu849\/2021\/09\/Pupils-in-Fevzipasa-School-300x215.jpg 300w, https:\/\/agora.xtec.cat\/esc-la-cabana\/wp-content\/uploads\/usu849\/2021\/09\/Pupils-in-Fevzipasa-School-768x551.jpg 768w, https:\/\/agora.xtec.cat\/esc-la-cabana\/wp-content\/uploads\/usu849\/2021\/09\/Pupils-in-Fevzipasa-School-1536x1101.jpg 1536w, https:\/\/agora.xtec.cat\/esc-la-cabana\/wp-content\/uploads\/usu849\/2021\/09\/Pupils-in-Fevzipasa-School-2048x1468.jpg 2048w\" sizes=\"auto, (max-width: 1024px) 100vw, 1024px\" \/><\/a><\/p>\n<p><a href=\"https:\/\/agora.xtec.cat\/esc-la-cabana\/wp-content\/uploads\/usu849\/2021\/09\/School-Image-collage.jpeg\"><img loading=\"lazy\" decoding=\"async\" class=\"alignnone size-large wp-image-18028\" src=\"https:\/\/agora.xtec.cat\/esc-la-cabana\/wp-content\/uploads\/usu849\/2021\/09\/School-Image-collage-1024x1024.jpeg\" alt=\"\" width=\"1024\" height=\"1024\" srcset=\"https:\/\/agora.xtec.cat\/esc-la-cabana\/wp-content\/uploads\/usu849\/2021\/09\/School-Image-collage-1024x1024.jpeg 1024w, https:\/\/agora.xtec.cat\/esc-la-cabana\/wp-content\/uploads\/usu849\/2021\/09\/School-Image-collage-300x300.jpeg 300w, https:\/\/agora.xtec.cat\/esc-la-cabana\/wp-content\/uploads\/usu849\/2021\/09\/School-Image-collage-150x150.jpeg 150w, https:\/\/agora.xtec.cat\/esc-la-cabana\/wp-content\/uploads\/usu849\/2021\/09\/School-Image-collage-768x768.jpeg 768w, https:\/\/agora.xtec.cat\/esc-la-cabana\/wp-content\/uploads\/usu849\/2021\/09\/School-Image-collage.jpeg 1440w\" sizes=\"auto, (max-width: 1024px) 100vw, 1024px\" \/><\/a><\/p>\n<p><a href=\"https:\/\/agora.xtec.cat\/esc-la-cabana\/wp-content\/uploads\/usu849\/2021\/09\/Pupils-in-Upper-Cycle-1.jpeg\"><img loading=\"lazy\" decoding=\"async\" class=\"alignnone size-large wp-image-18033\" src=\"https:\/\/agora.xtec.cat\/esc-la-cabana\/wp-content\/uploads\/usu849\/2021\/09\/Pupils-in-Upper-Cycle-1-1024x461.jpeg\" alt=\"\" width=\"1024\" height=\"461\" srcset=\"https:\/\/agora.xtec.cat\/esc-la-cabana\/wp-content\/uploads\/usu849\/2021\/09\/Pupils-in-Upper-Cycle-1-1024x461.jpeg 1024w, https:\/\/agora.xtec.cat\/esc-la-cabana\/wp-content\/uploads\/usu849\/2021\/09\/Pupils-in-Upper-Cycle-1-300x135.jpeg 300w, https:\/\/agora.xtec.cat\/esc-la-cabana\/wp-content\/uploads\/usu849\/2021\/09\/Pupils-in-Upper-Cycle-1-768x346.jpeg 768w, https:\/\/agora.xtec.cat\/esc-la-cabana\/wp-content\/uploads\/usu849\/2021\/09\/Pupils-in-Upper-Cycle-1-1536x691.jpeg 1536w, https:\/\/agora.xtec.cat\/esc-la-cabana\/wp-content\/uploads\/usu849\/2021\/09\/Pupils-in-Upper-Cycle-1.jpeg 1600w\" sizes=\"auto, (max-width: 1024px) 100vw, 1024px\" \/><\/a><\/p>\n<p>&nbsp;<\/p>\n<p>I HOPE THIS PROJECT BECOMES A REALLY REWARDING CULTURAL EXPERIENCE.<\/p>\n<p><a href=\"https:\/\/agora.xtec.cat\/esc-la-cabana\/wp-content\/uploads\/usu849\/2021\/09\/WE-ALL-ARE-DIFFERENT.jpg\"><img loading=\"lazy\" decoding=\"async\" class=\"alignnone size-large wp-image-18030\" src=\"https:\/\/agora.xtec.cat\/esc-la-cabana\/wp-content\/uploads\/usu849\/2021\/09\/WE-ALL-ARE-DIFFERENT-1024x766.jpg\" alt=\"\" width=\"1024\" height=\"766\" srcset=\"https:\/\/agora.xtec.cat\/esc-la-cabana\/wp-content\/uploads\/usu849\/2021\/09\/WE-ALL-ARE-DIFFERENT-1024x766.jpg 1024w, https:\/\/agora.xtec.cat\/esc-la-cabana\/wp-content\/uploads\/usu849\/2021\/09\/WE-ALL-ARE-DIFFERENT-300x224.jpg 300w, https:\/\/agora.xtec.cat\/esc-la-cabana\/wp-content\/uploads\/usu849\/2021\/09\/WE-ALL-ARE-DIFFERENT-768x574.jpg 768w, https:\/\/agora.xtec.cat\/esc-la-cabana\/wp-content\/uploads\/usu849\/2021\/09\/WE-ALL-ARE-DIFFERENT-200x150.jpg 200w, https:\/\/agora.xtec.cat\/esc-la-cabana\/wp-content\/uploads\/usu849\/2021\/09\/WE-ALL-ARE-DIFFERENT.jpg 1499w\" sizes=\"auto, (max-width: 1024px) 100vw, 1024px\" \/><\/a><\/p>\n<hr \/>\n<p>Estem encantats d&#8217;anunciar-vos que aquest any, els alumnes de Cicle Superior estaran involucrats en un Projecte Europeu anomenat: INTERCANVI CULTURAL. Al final, hi participarem quatre escoles dels Pa\u00efsos Europeus. A m\u00e9s de la nostra escola, hi haur\u00e0 dues escoles m\u00e9s de Turquia i una m\u00e9s, que encara l&#8217;estem esperant, d&#8217;un altre pa\u00eds: Ser\u00e0 de Romania? Pot ser de Pol\u00f2nia? Eslov\u00e0quia? <span style=\"font-family: inherit; font-size: 1em;\">Su\u00e8cia? It\u00e0lia?\u00a0 A veure qui m\u00e9s s&#8217;atreveix a unir-se al nostre Projecte!<\/span><\/p>\n<p>Realment creiem que aquest projecte ser\u00e0 molt enriquidor per als nostres alumnes, no nom\u00e9s per millorar les habilitats ling\u00fc\u00edstiques de la llengua anglesa, sin\u00f3 que tamb\u00e9 augmentar\u00e0 el seu coneixement pluriling\u00fce i multicultural.<\/p>\n<p>Ho farem el millor que puguem per aconseguir el nostre Segell de Qualitat, per\u00f2 tamb\u00e9 necessitarem la vostra col\u00b7laboraci\u00f3! Esteu preparats per participar en aquest Projecte Internacional?<\/p>\n<p>Us mantindrem informats de tot aquest proc\u00e9s.<\/p>\n<p>A partir d&#8217;ara, el primer pas a l&#8217;octubre ser\u00e0 con\u00e8ixer-nos els uns i els altres. No obstant, aqu\u00ed teniu algunes fotos de les escoles i els nens i nenes implicats en aquest projecte.<\/p>\n<p>ESPERO QUE AQUEST PROJECTE ESDEVINGUI UNA EXPERI\u00c8NCIA CULTURAL MOLT GRATIFICANT.<\/p>\n","protected":false},"excerpt":{"rendered":"<p>PUPILS IN THE UPPER CYCLE WILL BE INVOLVED IN AN ETWINNING PROJECT.<\/p>\n","protected":false},"author":18,"featured_media":18024,"comment_status":"open","ping_status":"closed","sticky":false,"template":"","format":"standard","meta":{"_bbp_topic_count":0,"_bbp_reply_count":0,"_bbp_total_topic_count":0,"_bbp_total_reply_count":0,"_bbp_voice_count":0,"_bbp_anonymous_reply_count":0,"_bbp_topic_count_hidden":0,"_bbp_reply_count_hidden":0,"_bbp_forum_subforum_count":0,"site-sidebar-layout":"default","site-content-layout":"","ast-site-content-layout":"","site-content-style":"default","site-sidebar-style":"default","ast-global-header-display":"","ast-banner-title-visibility":"","ast-main-header-display":"","ast-hfb-above-header-display":"","ast-hfb-below-header-display":"","ast-hfb-mobile-header-display":"","site-post-title":"","ast-breadcrumbs-content":"","ast-featured-img":"","footer-sml-layout":"","theme-transparent-header-meta":"","adv-header-id-meta":"","stick-header-meta":"","header-above-stick-meta":"","header-main-stick-meta":"","header-below-stick-meta":"","astra-migrate-meta-layouts":"default","ast-page-background-enabled":"default","ast-page-background-meta":{"desktop":{"background-color":"var(--ast-global-color-4)","background-image":"","background-repeat":"repeat","background-position":"center center","background-size":"auto","background-attachment":"scroll","background-type":"","background-media":"","overlay-type":"","overlay-color":"","overlay-opacity":"","overlay-gradient":""},"tablet":{"background-color":"","background-image":"","background-repeat":"repeat","background-position":"center center","background-size":"auto","background-attachment":"scroll","background-type":"","background-media":"","overlay-type":"","overlay-color":"","overlay-opacity":"","overlay-gradient":""},"mobile":{"background-color":"","background-image":"","background-repeat":"repeat","background-position":"center center","background-size":"auto","background-attachment":"scroll","background-type":"","background-media":"","overlay-type":"","overlay-color":"","overlay-opacity":"","overlay-gradient":""}},"ast-content-background-meta":{"desktop":{"background-color":"var(--ast-global-color-5)","background-image":"","background-repeat":"repeat","background-position":"center center","background-size":"auto","background-attachment":"scroll","background-type":"","background-media":"","overlay-type":"","overlay-color":"","overlay-opacity":"","overlay-gradient":""},"tablet":{"background-color":"var(--ast-global-color-5)","background-image":"","background-repeat":"repeat","background-position":"center center","background-size":"auto","background-attachment":"scroll","background-type":"","background-media":"","overlay-type":"","overlay-color":"","overlay-opacity":"","overlay-gradient":""},"mobile":{"background-color":"var(--ast-global-color-5)","background-image":"","background-repeat":"repeat","background-position":"center center","background-size":"auto","background-attachment":"scroll","background-type":"","background-media":"","overlay-type":"","overlay-color":"","overlay-opacity":"","overlay-gradient":""}},"footnotes":""},"categories":[23,14,83,1,4,5,311],"tags":[129,74,102,87],"class_list":["post-18022","post","type-post","status-publish","format-standard","has-post-thumbnail","hentry","category-angles","category-c-s","category-especialitats","category-general","category-portada","category-primaria","category-projecte-e-twinning","tag-angles","tag-cicle-superior","tag-primaria","tag-projectes"],"post_mailing_queue_ids":[],"_links":{"self":[{"href":"https:\/\/agora.xtec.cat\/esc-la-cabana\/wp-json\/wp\/v2\/posts\/18022","targetHints":{"allow":["GET"]}}],"collection":[{"href":"https:\/\/agora.xtec.cat\/esc-la-cabana\/wp-json\/wp\/v2\/posts"}],"about":[{"href":"https:\/\/agora.xtec.cat\/esc-la-cabana\/wp-json\/wp\/v2\/types\/post"}],"author":[{"embeddable":true,"href":"https:\/\/agora.xtec.cat\/esc-la-cabana\/wp-json\/wp\/v2\/users\/18"}],"replies":[{"embeddable":true,"href":"https:\/\/agora.xtec.cat\/esc-la-cabana\/wp-json\/wp\/v2\/comments?post=18022"}],"version-history":[{"count":3,"href":"https:\/\/agora.xtec.cat\/esc-la-cabana\/wp-json\/wp\/v2\/posts\/18022\/revisions"}],"predecessor-version":[{"id":18045,"href":"https:\/\/agora.xtec.cat\/esc-la-cabana\/wp-json\/wp\/v2\/posts\/18022\/revisions\/18045"}],"wp:featuredmedia":[{"embeddable":true,"href":"https:\/\/agora.xtec.cat\/esc-la-cabana\/wp-json\/wp\/v2\/media\/18024"}],"wp:attachment":[{"href":"https:\/\/agora.xtec.cat\/esc-la-cabana\/wp-json\/wp\/v2\/media?parent=18022"}],"wp:term":[{"taxonomy":"category","embeddable":true,"href":"https:\/\/agora.xtec.cat\/esc-la-cabana\/wp-json\/wp\/v2\/categories?post=18022"},{"taxonomy":"post_tag","embeddable":true,"href":"https:\/\/agora.xtec.cat\/esc-la-cabana\/wp-json\/wp\/v2\/tags?post=18022"}],"curies":[{"name":"wp","href":"https:\/\/api.w.org\/{rel}","templated":true}]}}