{"id":17981,"date":"2021-07-08T12:56:12","date_gmt":"2021-07-08T10:56:12","guid":{"rendered":"http:\/\/agora.xtec.cat\/esc-la-cabana\/?p=17981"},"modified":"2021-07-08T13:02:47","modified_gmt":"2021-07-08T11:02:47","slug":"va-de-concursos","status":"publish","type":"post","link":"https:\/\/agora.xtec.cat\/esc-la-cabana\/general\/va-de-concursos\/","title":{"rendered":"VA DE CONCURSOS!!"},"content":{"rendered":"<p>A l\u2019escola La Cabana ens agrada participar en concursos que animen l\u2019alumnat\u00a0 a viure plenament el seu propi aprenentatge.<\/p>\n<p>Aquest any hem estat finalista al XVII certamen nacional infantil i juvenil de <span style=\"color: #0000ff;\">Lectura en veu alta<\/span>. La <strong>Vinyet L\u00f3pez<\/strong> ha estat l\u2019alumna\u00a0 que ens ha representat fent una lectura molt emotiva del llibre <em>El senyor Bello i l\u2019elixir blau<\/em> de Paul Maar.<\/p>\n<p><img loading=\"lazy\" decoding=\"async\" class=\"alignnone wp-image-17994\" src=\"https:\/\/agora.xtec.cat\/esc-la-cabana\/wp-content\/uploads\/usu849\/2021\/07\/Sense-t\u00edtol_opt-1.png\" alt=\"\" width=\"372\" height=\"211\" srcset=\"https:\/\/agora.xtec.cat\/esc-la-cabana\/wp-content\/uploads\/usu849\/2021\/07\/Sense-t\u00edtol_opt-1.png 400w, https:\/\/agora.xtec.cat\/esc-la-cabana\/wp-content\/uploads\/usu849\/2021\/07\/Sense-t\u00edtol_opt-1-300x170.png 300w\" sizes=\"auto, (max-width: 372px) 100vw, 372px\" \/> \u00a0\u00a0\u00a0\u00a0\u00a0\u00a0\u00a0\u00a0\u00a0\u00a0\u00a0\u00a0\u00a0 <img loading=\"lazy\" decoding=\"async\" class=\"alignnone size-full wp-image-17985\" src=\"https:\/\/agora.xtec.cat\/esc-la-cabana\/wp-content\/uploads\/usu849\/2021\/07\/Lectura-Vinyet_opt.png\" alt=\"\" width=\"309\" height=\"198\" srcset=\"https:\/\/agora.xtec.cat\/esc-la-cabana\/wp-content\/uploads\/usu849\/2021\/07\/Lectura-Vinyet_opt.png 309w, https:\/\/agora.xtec.cat\/esc-la-cabana\/wp-content\/uploads\/usu849\/2021\/07\/Lectura-Vinyet_opt-300x192.png 300w\" sizes=\"auto, (max-width: 309px) 100vw, 309px\" \/><\/p>\n<p>A nivell de matem\u00e0tiques, tamb\u00e9 hem participat en les <span style=\"color: #0000ff;\">Proves Cangur<\/span>, que consisteixen en resoldre enigmes i problemes matem\u00e0tics. L\u2019alumne de cinqu\u00e8 <strong>Roger Canals<\/strong>, ha estat un dels participants que ha respost correctament totes les preguntes. Un fort aplaudiment!!!<\/p>\n<p><img loading=\"lazy\" decoding=\"async\" class=\"wp-image-17984 alignleft\" src=\"https:\/\/agora.xtec.cat\/esc-la-cabana\/wp-content\/uploads\/usu849\/2021\/07\/recollida-1024x678.jpg\" alt=\"\" width=\"324\" height=\"215\" srcset=\"https:\/\/agora.xtec.cat\/esc-la-cabana\/wp-content\/uploads\/usu849\/2021\/07\/recollida-1024x678.jpg 1024w, https:\/\/agora.xtec.cat\/esc-la-cabana\/wp-content\/uploads\/usu849\/2021\/07\/recollida-300x199.jpg 300w, https:\/\/agora.xtec.cat\/esc-la-cabana\/wp-content\/uploads\/usu849\/2021\/07\/recollida-768x509.jpg 768w\" sizes=\"auto, (max-width: 324px) 100vw, 324px\" \/> <img loading=\"lazy\" decoding=\"async\" class=\"alignnone wp-image-17983\" src=\"https:\/\/agora.xtec.cat\/esc-la-cabana\/wp-content\/uploads\/usu849\/2021\/07\/foto1-1024x678.jpg\" alt=\"\" width=\"326\" height=\"216\" srcset=\"https:\/\/agora.xtec.cat\/esc-la-cabana\/wp-content\/uploads\/usu849\/2021\/07\/foto1-1024x678.jpg 1024w, https:\/\/agora.xtec.cat\/esc-la-cabana\/wp-content\/uploads\/usu849\/2021\/07\/foto1-300x199.jpg 300w, https:\/\/agora.xtec.cat\/esc-la-cabana\/wp-content\/uploads\/usu849\/2021\/07\/foto1-768x509.jpg 768w\" sizes=\"auto, (max-width: 326px) 100vw, 326px\" \/> \u00a0 <img loading=\"lazy\" decoding=\"async\" class=\"alignnone wp-image-17982\" src=\"https:\/\/agora.xtec.cat\/esc-la-cabana\/wp-content\/uploads\/usu849\/2021\/07\/fonspantalla-1024x573.jpg\" alt=\"\" width=\"346\" height=\"194\" srcset=\"https:\/\/agora.xtec.cat\/esc-la-cabana\/wp-content\/uploads\/usu849\/2021\/07\/fonspantalla-1024x573.jpg 1024w, https:\/\/agora.xtec.cat\/esc-la-cabana\/wp-content\/uploads\/usu849\/2021\/07\/fonspantalla-300x168.jpg 300w, https:\/\/agora.xtec.cat\/esc-la-cabana\/wp-content\/uploads\/usu849\/2021\/07\/fonspantalla-768x430.jpg 768w, https:\/\/agora.xtec.cat\/esc-la-cabana\/wp-content\/uploads\/usu849\/2021\/07\/fonspantalla.jpg 1172w\" sizes=\"auto, (max-width: 346px) 100vw, 346px\" \/><\/p>\n<p>Tamb\u00e9 <strong><span style=\"color: #800080;\">volem felicitar a<\/span> <span style=\"color: #800080;\">tot l\u2019alumnat<\/span> <\/strong>\u00a0en general per la seva motivaci\u00f3, participaci\u00f3 i exemple de superaci\u00f3 en aquest any tan dif\u00edcil i complex per la situaci\u00f3 actual.<\/p>\n","protected":false},"excerpt":{"rendered":"<p>A l\u2019escola La Cabana ens agrada participar en concursos que animen l\u2019alumnat\u00a0 a viure plenament el seu propi aprenentatge. Aquest any hem estat finalista al XVII certamen nacional infantil i juvenil de Lectura en veu alta. La Vinyet L\u00f3pez ha estat l\u2019alumna\u00a0 que ens ha representat fent una lectura molt emotiva del llibre El senyor [&hellip;]<\/p>\n","protected":false},"author":1,"featured_media":17139,"comment_status":"open","ping_status":"closed","sticky":false,"template":"","format":"standard","meta":{"_bbp_topic_count":0,"_bbp_reply_count":0,"_bbp_total_topic_count":0,"_bbp_total_reply_count":0,"_bbp_voice_count":0,"_bbp_anonymous_reply_count":0,"_bbp_topic_count_hidden":0,"_bbp_reply_count_hidden":0,"_bbp_forum_subforum_count":0,"site-sidebar-layout":"default","site-content-layout":"","ast-site-content-layout":"","site-content-style":"default","site-sidebar-style":"default","ast-global-header-display":"","ast-banner-title-visibility":"","ast-main-header-display":"","ast-hfb-above-header-display":"","ast-hfb-below-header-display":"","ast-hfb-mobile-header-display":"","site-post-title":"","ast-breadcrumbs-content":"","ast-featured-img":"","footer-sml-layout":"","theme-transparent-header-meta":"","adv-header-id-meta":"","stick-header-meta":"","header-above-stick-meta":"","header-main-stick-meta":"","header-below-stick-meta":"","astra-migrate-meta-layouts":"default","ast-page-background-enabled":"default","ast-page-background-meta":{"desktop":{"background-color":"var(--ast-global-color-4)","background-image":"","background-repeat":"repeat","background-position":"center center","background-size":"auto","background-attachment":"scroll","background-type":"","background-media":"","overlay-type":"","overlay-color":"","overlay-opacity":"","overlay-gradient":""},"tablet":{"background-color":"","background-image":"","background-repeat":"repeat","background-position":"center center","background-size":"auto","background-attachment":"scroll","background-type":"","background-media":"","overlay-type":"","overlay-color":"","overlay-opacity":"","overlay-gradient":""},"mobile":{"background-color":"","background-image":"","background-repeat":"repeat","background-position":"center center","background-size":"auto","background-attachment":"scroll","background-type":"","background-media":"","overlay-type":"","overlay-color":"","overlay-opacity":"","overlay-gradient":""}},"ast-content-background-meta":{"desktop":{"background-color":"var(--ast-global-color-5)","background-image":"","background-repeat":"repeat","background-position":"center center","background-size":"auto","background-attachment":"scroll","background-type":"","background-media":"","overlay-type":"","overlay-color":"","overlay-opacity":"","overlay-gradient":""},"tablet":{"background-color":"var(--ast-global-color-5)","background-image":"","background-repeat":"repeat","background-position":"center center","background-size":"auto","background-attachment":"scroll","background-type":"","background-media":"","overlay-type":"","overlay-color":"","overlay-opacity":"","overlay-gradient":""},"mobile":{"background-color":"var(--ast-global-color-5)","background-image":"","background-repeat":"repeat","background-position":"center center","background-size":"auto","background-attachment":"scroll","background-type":"","background-media":"","overlay-type":"","overlay-color":"","overlay-opacity":"","overlay-gradient":""}},"footnotes":""},"categories":[1,4],"tags":[],"class_list":["post-17981","post","type-post","status-publish","format-standard","has-post-thumbnail","hentry","category-general","category-portada"],"post_mailing_queue_ids":[],"_links":{"self":[{"href":"https:\/\/agora.xtec.cat\/esc-la-cabana\/wp-json\/wp\/v2\/posts\/17981","targetHints":{"allow":["GET"]}}],"collection":[{"href":"https:\/\/agora.xtec.cat\/esc-la-cabana\/wp-json\/wp\/v2\/posts"}],"about":[{"href":"https:\/\/agora.xtec.cat\/esc-la-cabana\/wp-json\/wp\/v2\/types\/post"}],"author":[{"embeddable":true,"href":"https:\/\/agora.xtec.cat\/esc-la-cabana\/wp-json\/wp\/v2\/users\/1"}],"replies":[{"embeddable":true,"href":"https:\/\/agora.xtec.cat\/esc-la-cabana\/wp-json\/wp\/v2\/comments?post=17981"}],"version-history":[{"count":3,"href":"https:\/\/agora.xtec.cat\/esc-la-cabana\/wp-json\/wp\/v2\/posts\/17981\/revisions"}],"predecessor-version":[{"id":17997,"href":"https:\/\/agora.xtec.cat\/esc-la-cabana\/wp-json\/wp\/v2\/posts\/17981\/revisions\/17997"}],"wp:featuredmedia":[{"embeddable":true,"href":"https:\/\/agora.xtec.cat\/esc-la-cabana\/wp-json\/wp\/v2\/media\/17139"}],"wp:attachment":[{"href":"https:\/\/agora.xtec.cat\/esc-la-cabana\/wp-json\/wp\/v2\/media?parent=17981"}],"wp:term":[{"taxonomy":"category","embeddable":true,"href":"https:\/\/agora.xtec.cat\/esc-la-cabana\/wp-json\/wp\/v2\/categories?post=17981"},{"taxonomy":"post_tag","embeddable":true,"href":"https:\/\/agora.xtec.cat\/esc-la-cabana\/wp-json\/wp\/v2\/tags?post=17981"}],"curies":[{"name":"wp","href":"https:\/\/api.w.org\/{rel}","templated":true}]}}