{"id":17972,"date":"2021-06-28T22:06:00","date_gmt":"2021-06-28T20:06:00","guid":{"rendered":"http:\/\/agora.xtec.cat\/esc-la-cabana\/?p=17972"},"modified":"2021-06-28T22:06:00","modified_gmt":"2021-06-28T20:06:00","slug":"gala-la-cabana","status":"publish","type":"post","link":"https:\/\/agora.xtec.cat\/esc-la-cabana\/portada\/gala-la-cabana\/","title":{"rendered":"GALA LA CABANA"},"content":{"rendered":"<p style=\"font-weight: 400;\">Han passat 9 mesos de l\u2019inici de curs m\u00e9s incert de les darreres d\u00e8cades. El setembre de 2020, comen\u00e7\u00e0vem un curs ple d\u2019interrogants, incerteses, per\u00f2 amb moltes ganes de retrobar-nos.<\/p>\n<p style=\"font-weight: 400;\">Junts i juntes, durant aquests mesos, tota la comunitat educativa hem fet un gran treball en equip.<\/p>\n<p style=\"font-weight: 400;\">Gr\u00e0cies a tots i a totes, alumnat, fam\u00edlies i a la comunitat educativa.\u00a0<strong>HA ESTAT<\/strong>\u00a0<strong>UN ANY DE PEL\u00b7L\u00cdCULA<\/strong><\/p>\n<p style=\"font-weight: 400;\">Per acomiadar aquest curs no ho pod\u00edem fer d\u2019altra manera que celebrant la Gala la Cabana; un cartell excepcional on hi van participar tots els actors i les actrius que hi han format part.<\/p>\n<p style=\"font-weight: 400;\"><a href=\"https:\/\/agora.xtec.cat\/esc-la-cabana\/wp-content\/uploads\/usu849\/2021\/06\/POSTER-GALA-LA-CABANA_.jpg\"><img loading=\"lazy\" decoding=\"async\" class=\" wp-image-17974 aligncenter\" src=\"https:\/\/agora.xtec.cat\/esc-la-cabana\/wp-content\/uploads\/usu849\/2021\/06\/POSTER-GALA-LA-CABANA_-683x1024.jpg\" alt=\"\" width=\"324\" height=\"485\" srcset=\"https:\/\/agora.xtec.cat\/esc-la-cabana\/wp-content\/uploads\/usu849\/2021\/06\/POSTER-GALA-LA-CABANA_-683x1024.jpg 683w, https:\/\/agora.xtec.cat\/esc-la-cabana\/wp-content\/uploads\/usu849\/2021\/06\/POSTER-GALA-LA-CABANA_-200x300.jpg 200w, https:\/\/agora.xtec.cat\/esc-la-cabana\/wp-content\/uploads\/usu849\/2021\/06\/POSTER-GALA-LA-CABANA_-768x1151.jpg 768w, https:\/\/agora.xtec.cat\/esc-la-cabana\/wp-content\/uploads\/usu849\/2021\/06\/POSTER-GALA-LA-CABANA_.jpg 1149w\" sizes=\"auto, (max-width: 324px) 100vw, 324px\" \/><\/a><\/p>\n<p>Voleu veure les actuacions i el moment de l\u2019entrega especial de premis a l\u2019alumnat de 6\u00e8? Aqu\u00ed teniu totes les actuacions. Esperem que en gaudiu!!<\/p>\n<p>&nbsp;<\/p>\n<p><strong>INFANTIL:<\/strong><\/p>\n<p>https:\/\/youtu.be\/wUH8PtPbMSY<\/p>\n<p>&nbsp;<\/p>\n<p><strong>CICLE INICIAL:<\/strong><\/p>\n<p>https:\/\/youtu.be\/viPiIrdUfK4<\/p>\n<p>&nbsp;<\/p>\n<p><strong>CICLE MITJ\u00c0 (Classe dels Romans i les Romanes):<\/strong><\/p>\n<p>https:\/\/youtu.be\/yu5-ZOuB8eg<\/p>\n<p>&nbsp;<\/p>\n<p><strong>CICLE MITJ\u00c0 (Classe de les Guineus):<\/strong><\/p>\n<p>https:\/\/youtu.be\/m_IiKMtng1M<\/p>\n<p>&nbsp;<\/p>\n<p><strong>CICLE SUPERIOR:<\/strong><\/p>\n<p><strong>Ball de bastons (El Virolet)<\/strong><\/p>\n<p>https:\/\/youtu.be\/QmUXVR5rDLY<\/p>\n<p>&nbsp;<\/p>\n<p><strong>Classe dels Periodistes Locals: <em>Faded (Alan Walker)<\/em><\/strong><\/p>\n<p>https:\/\/youtu.be\/YojgC_0XSSQ<\/p>\n<p>&nbsp;<\/p>\n<p><strong>Classe de Ipsa Pera: <em>Lazy Song (Bruno Mars)<\/em><\/strong><\/p>\n<p>https:\/\/youtu.be\/d6dAqp8JQrE<\/p>\n<p>&nbsp;<\/p>\n<p><strong>ENTREGA DELS OSCARS A L\u2019ALUMNAT DE 6\u00e8:<\/strong><\/p>\n<p><strong>ENTREGA DELS OSCARS 1 (Txell, Joan S., Pau, Lluc, Carla, Garona i Aina).<\/strong><\/p>\n<p>https:\/\/youtu.be\/LWGIk1nPvhQ<\/p>\n<p>&nbsp;<\/p>\n<p><strong>ENTREGA DELS OSCARS 2 (Joan F.)<\/strong><\/p>\n<p>https:\/\/youtu.be\/EeVkva86UoU<\/p>\n<p>&nbsp;<\/p>\n<p><strong>ENTREGA DELS OSCARS 3 (Hugo, Ona i entrega d\u2019obsequis).<\/strong><\/p>\n<p>https:\/\/youtu.be\/hyDXbncOvoY<\/p>\n<p>&nbsp;<\/p>\n<p><strong>BALL FINAL:<\/strong><\/p>\n<p>https:\/\/youtu.be\/DLyoig-IV4E<\/p>\n<p>&nbsp;<\/p>\n<p><strong>V\u00cdDEO COMIAT 6\u00e8:<\/strong><\/p>\n<p>https:\/\/youtu.be\/_PH_xZ260Io<\/p>\n<p>&nbsp;<\/p>\n<p style=\"text-align: center;\"><strong>MOLT BON ESTIU A TOTHOM!!!<\/strong><\/p>\n<p>&nbsp;<\/p>\n<p>&nbsp;<\/p>\n<p>&nbsp;<\/p>\n","protected":false},"excerpt":{"rendered":"<p>Festa de Final de Curs 2021<\/p>\n","protected":false},"author":1,"featured_media":17973,"comment_status":"open","ping_status":"closed","sticky":false,"template":"","format":"standard","meta":{"_bbp_topic_count":0,"_bbp_reply_count":0,"_bbp_total_topic_count":0,"_bbp_total_reply_count":0,"_bbp_voice_count":0,"_bbp_anonymous_reply_count":0,"_bbp_topic_count_hidden":0,"_bbp_reply_count_hidden":0,"_bbp_forum_subforum_count":0,"site-sidebar-layout":"default","site-content-layout":"","ast-site-content-layout":"","site-content-style":"default","site-sidebar-style":"default","ast-global-header-display":"","ast-banner-title-visibility":"","ast-main-header-display":"","ast-hfb-above-header-display":"","ast-hfb-below-header-display":"","ast-hfb-mobile-header-display":"","site-post-title":"","ast-breadcrumbs-content":"","ast-featured-img":"","footer-sml-layout":"","theme-transparent-header-meta":"","adv-header-id-meta":"","stick-header-meta":"","header-above-stick-meta":"","header-main-stick-meta":"","header-below-stick-meta":"","astra-migrate-meta-layouts":"default","ast-page-background-enabled":"default","ast-page-background-meta":{"desktop":{"background-color":"var(--ast-global-color-4)","background-image":"","background-repeat":"repeat","background-position":"center center","background-size":"auto","background-attachment":"scroll","background-type":"","background-media":"","overlay-type":"","overlay-color":"","overlay-opacity":"","overlay-gradient":""},"tablet":{"background-color":"","background-image":"","background-repeat":"repeat","background-position":"center center","background-size":"auto","background-attachment":"scroll","background-type":"","background-media":"","overlay-type":"","overlay-color":"","overlay-opacity":"","overlay-gradient":""},"mobile":{"background-color":"","background-image":"","background-repeat":"repeat","background-position":"center center","background-size":"auto","background-attachment":"scroll","background-type":"","background-media":"","overlay-type":"","overlay-color":"","overlay-opacity":"","overlay-gradient":""}},"ast-content-background-meta":{"desktop":{"background-color":"var(--ast-global-color-5)","background-image":"","background-repeat":"repeat","background-position":"center center","background-size":"auto","background-attachment":"scroll","background-type":"","background-media":"","overlay-type":"","overlay-color":"","overlay-opacity":"","overlay-gradient":""},"tablet":{"background-color":"var(--ast-global-color-5)","background-image":"","background-repeat":"repeat","background-position":"center center","background-size":"auto","background-attachment":"scroll","background-type":"","background-media":"","overlay-type":"","overlay-color":"","overlay-opacity":"","overlay-gradient":""},"mobile":{"background-color":"var(--ast-global-color-5)","background-image":"","background-repeat":"repeat","background-position":"center center","background-size":"auto","background-attachment":"scroll","background-type":"","background-media":"","overlay-type":"","overlay-color":"","overlay-opacity":"","overlay-gradient":""}},"footnotes":""},"categories":[10,12,14,33,4,5],"tags":[271,70,102],"class_list":["post-17972","post","type-post","status-publish","format-standard","has-post-thumbnail","hentry","category-c-i","category-c-m","category-c-s","category-e-i","category-portada","category-primaria","tag-curs-2020-2021","tag-educacio-infantil","tag-primaria"],"post_mailing_queue_ids":[],"_links":{"self":[{"href":"https:\/\/agora.xtec.cat\/esc-la-cabana\/wp-json\/wp\/v2\/posts\/17972","targetHints":{"allow":["GET"]}}],"collection":[{"href":"https:\/\/agora.xtec.cat\/esc-la-cabana\/wp-json\/wp\/v2\/posts"}],"about":[{"href":"https:\/\/agora.xtec.cat\/esc-la-cabana\/wp-json\/wp\/v2\/types\/post"}],"author":[{"embeddable":true,"href":"https:\/\/agora.xtec.cat\/esc-la-cabana\/wp-json\/wp\/v2\/users\/1"}],"replies":[{"embeddable":true,"href":"https:\/\/agora.xtec.cat\/esc-la-cabana\/wp-json\/wp\/v2\/comments?post=17972"}],"version-history":[{"count":2,"href":"https:\/\/agora.xtec.cat\/esc-la-cabana\/wp-json\/wp\/v2\/posts\/17972\/revisions"}],"predecessor-version":[{"id":17976,"href":"https:\/\/agora.xtec.cat\/esc-la-cabana\/wp-json\/wp\/v2\/posts\/17972\/revisions\/17976"}],"wp:featuredmedia":[{"embeddable":true,"href":"https:\/\/agora.xtec.cat\/esc-la-cabana\/wp-json\/wp\/v2\/media\/17973"}],"wp:attachment":[{"href":"https:\/\/agora.xtec.cat\/esc-la-cabana\/wp-json\/wp\/v2\/media?parent=17972"}],"wp:term":[{"taxonomy":"category","embeddable":true,"href":"https:\/\/agora.xtec.cat\/esc-la-cabana\/wp-json\/wp\/v2\/categories?post=17972"},{"taxonomy":"post_tag","embeddable":true,"href":"https:\/\/agora.xtec.cat\/esc-la-cabana\/wp-json\/wp\/v2\/tags?post=17972"}],"curies":[{"name":"wp","href":"https:\/\/api.w.org\/{rel}","templated":true}]}}