{"id":17914,"date":"2021-05-27T12:53:06","date_gmt":"2021-05-27T10:53:06","guid":{"rendered":"http:\/\/agora.xtec.cat\/esc-la-cabana\/?p=17914"},"modified":"2021-05-27T12:53:06","modified_gmt":"2021-05-27T10:53:06","slug":"lexpressio-artistica-musical-a-educacio-infantil","status":"publish","type":"post","link":"https:\/\/agora.xtec.cat\/esc-la-cabana\/general\/lexpressio-artistica-musical-a-educacio-infantil\/","title":{"rendered":"L&#8217;EXPRESSI\u00d3 ART\u00cdSTICA MUSICAL A EDUCACI\u00d3 INFANTIL"},"content":{"rendered":"<p>Benvinguts i benvingudes a unes sessions molt especials de psicomotricitat.<\/p>\n<p>Durant el mes de maig, tot el parvulari hem estat treballant les emocions a trav\u00e9s de la m\u00fasica. A continuaci\u00f3, podreu veure un recull d&#8217;imatges on els nostres nens i nenes experimenten, mitjan\u00e7ant el cos i el dibuix, les sensacions que els transmet la m\u00fasica.<\/p>\n<p><a href=\"https:\/\/agora.xtec.cat\/esc-la-cabana\/wp-content\/uploads\/usu849\/2021\/05\/manchas-pintura-coloridas_1035-7496.jpg\"><img loading=\"lazy\" decoding=\"async\" class=\" wp-image-17915 alignleft\" src=\"https:\/\/agora.xtec.cat\/esc-la-cabana\/wp-content\/uploads\/usu849\/2021\/05\/manchas-pintura-coloridas_1035-7496.jpg\" alt=\"\" width=\"269\" height=\"269\" srcset=\"https:\/\/agora.xtec.cat\/esc-la-cabana\/wp-content\/uploads\/usu849\/2021\/05\/manchas-pintura-coloridas_1035-7496.jpg 626w, https:\/\/agora.xtec.cat\/esc-la-cabana\/wp-content\/uploads\/usu849\/2021\/05\/manchas-pintura-coloridas_1035-7496-150x150.jpg 150w, https:\/\/agora.xtec.cat\/esc-la-cabana\/wp-content\/uploads\/usu849\/2021\/05\/manchas-pintura-coloridas_1035-7496-300x300.jpg 300w\" sizes=\"auto, (max-width: 269px) 100vw, 269px\" \/><\/a>Les sessions consistien a escoltar la m\u00fasica de diferents estils: relaxada, alegre, trista i roquera, tot dibuixant el qu\u00e8 sentien mentre l&#8217;escoltaven. Cada m\u00fasica estava representada amb un color diferent (verd, groc, blau i vermell), per tal de despr\u00e9s poder observar i reflexionar, sobre si la m\u00fasica influeix en el nostre dibuix.<\/p>\n<p>El dibuix en grans dimensions permet autoregular-se, tot respectant i compartint l&#8217;espai del llen\u00e7 amb altres companys i companyes.<\/p>\n<p>La sessi\u00f3 va ser un \u00e8xit i els infants van gaudir d&#8217;aquesta experi\u00e8ncia i van entendre i veure que la m\u00fasica ens impacte en el nostre estat d&#8217;\u00e0nim.<\/p>\n<p>https:\/\/youtu.be\/hl6gD8anVDg<\/p>\n<p>&nbsp;<\/p>\n<p>&nbsp;<\/p>\n","protected":false},"excerpt":{"rendered":"<p>Sessi\u00f3 de psicomotricitat Educaci\u00f3 Infantil<\/p>\n","protected":false},"author":1,"featured_media":17915,"comment_status":"open","ping_status":"closed","sticky":false,"template":"","format":"standard","meta":{"_bbp_topic_count":0,"_bbp_reply_count":0,"_bbp_total_topic_count":0,"_bbp_total_reply_count":0,"_bbp_voice_count":0,"_bbp_anonymous_reply_count":0,"_bbp_topic_count_hidden":0,"_bbp_reply_count_hidden":0,"_bbp_forum_subforum_count":0,"site-sidebar-layout":"default","site-content-layout":"","ast-site-content-layout":"","site-content-style":"default","site-sidebar-style":"default","ast-global-header-display":"","ast-banner-title-visibility":"","ast-main-header-display":"","ast-hfb-above-header-display":"","ast-hfb-below-header-display":"","ast-hfb-mobile-header-display":"","site-post-title":"","ast-breadcrumbs-content":"","ast-featured-img":"","footer-sml-layout":"","theme-transparent-header-meta":"","adv-header-id-meta":"","stick-header-meta":"","header-above-stick-meta":"","header-main-stick-meta":"","header-below-stick-meta":"","astra-migrate-meta-layouts":"default","ast-page-background-enabled":"default","ast-page-background-meta":{"desktop":{"background-color":"var(--ast-global-color-4)","background-image":"","background-repeat":"repeat","background-position":"center center","background-size":"auto","background-attachment":"scroll","background-type":"","background-media":"","overlay-type":"","overlay-color":"","overlay-opacity":"","overlay-gradient":""},"tablet":{"background-color":"","background-image":"","background-repeat":"repeat","background-position":"center center","background-size":"auto","background-attachment":"scroll","background-type":"","background-media":"","overlay-type":"","overlay-color":"","overlay-opacity":"","overlay-gradient":""},"mobile":{"background-color":"","background-image":"","background-repeat":"repeat","background-position":"center center","background-size":"auto","background-attachment":"scroll","background-type":"","background-media":"","overlay-type":"","overlay-color":"","overlay-opacity":"","overlay-gradient":""}},"ast-content-background-meta":{"desktop":{"background-color":"var(--ast-global-color-5)","background-image":"","background-repeat":"repeat","background-position":"center center","background-size":"auto","background-attachment":"scroll","background-type":"","background-media":"","overlay-type":"","overlay-color":"","overlay-opacity":"","overlay-gradient":""},"tablet":{"background-color":"var(--ast-global-color-5)","background-image":"","background-repeat":"repeat","background-position":"center center","background-size":"auto","background-attachment":"scroll","background-type":"","background-media":"","overlay-type":"","overlay-color":"","overlay-opacity":"","overlay-gradient":""},"mobile":{"background-color":"var(--ast-global-color-5)","background-image":"","background-repeat":"repeat","background-position":"center center","background-size":"auto","background-attachment":"scroll","background-type":"","background-media":"","overlay-type":"","overlay-color":"","overlay-opacity":"","overlay-gradient":""}},"footnotes":""},"categories":[33,1,4],"tags":[271,70,187,38,18,131],"class_list":["post-17914","post","type-post","status-publish","format-standard","has-post-thumbnail","hentry","category-e-i","category-general","category-portada","tag-curs-2020-2021","tag-educacio-infantil","tag-infantil","tag-musica","tag-psicomotricitat","tag-videos"],"post_mailing_queue_ids":[],"_links":{"self":[{"href":"https:\/\/agora.xtec.cat\/esc-la-cabana\/wp-json\/wp\/v2\/posts\/17914","targetHints":{"allow":["GET"]}}],"collection":[{"href":"https:\/\/agora.xtec.cat\/esc-la-cabana\/wp-json\/wp\/v2\/posts"}],"about":[{"href":"https:\/\/agora.xtec.cat\/esc-la-cabana\/wp-json\/wp\/v2\/types\/post"}],"author":[{"embeddable":true,"href":"https:\/\/agora.xtec.cat\/esc-la-cabana\/wp-json\/wp\/v2\/users\/1"}],"replies":[{"embeddable":true,"href":"https:\/\/agora.xtec.cat\/esc-la-cabana\/wp-json\/wp\/v2\/comments?post=17914"}],"version-history":[{"count":3,"href":"https:\/\/agora.xtec.cat\/esc-la-cabana\/wp-json\/wp\/v2\/posts\/17914\/revisions"}],"predecessor-version":[{"id":17919,"href":"https:\/\/agora.xtec.cat\/esc-la-cabana\/wp-json\/wp\/v2\/posts\/17914\/revisions\/17919"}],"wp:featuredmedia":[{"embeddable":true,"href":"https:\/\/agora.xtec.cat\/esc-la-cabana\/wp-json\/wp\/v2\/media\/17915"}],"wp:attachment":[{"href":"https:\/\/agora.xtec.cat\/esc-la-cabana\/wp-json\/wp\/v2\/media?parent=17914"}],"wp:term":[{"taxonomy":"category","embeddable":true,"href":"https:\/\/agora.xtec.cat\/esc-la-cabana\/wp-json\/wp\/v2\/categories?post=17914"},{"taxonomy":"post_tag","embeddable":true,"href":"https:\/\/agora.xtec.cat\/esc-la-cabana\/wp-json\/wp\/v2\/tags?post=17914"}],"curies":[{"name":"wp","href":"https:\/\/api.w.org\/{rel}","templated":true}]}}