{"id":17871,"date":"2021-05-13T17:02:00","date_gmt":"2021-05-13T15:02:00","guid":{"rendered":"http:\/\/agora.xtec.cat\/esc-la-cabana\/?p=17871"},"modified":"2021-05-13T17:02:09","modified_gmt":"2021-05-13T15:02:09","slug":"la-lectura-ens-emociona","status":"publish","type":"post","link":"https:\/\/agora.xtec.cat\/esc-la-cabana\/general\/la-lectura-ens-emociona\/","title":{"rendered":"LA LECTURA ENS EMOCIONA"},"content":{"rendered":"<p>L&#8217;escola \u00e9s un espai on les nenes i els nens agafen l&#8217;h\u00e0bit de la lectura des de ben petites i petits. La\u00a0lectura\u00a0\u00e9s essencial per estimular el cervell i per afavorir el\u00a0creixement integral dels infants. Per aconseguir tenir\u00a0infants lectors, el primer que cal fer \u00e9s despertar l\u2019inter\u00e8s i la motivaci\u00f3 per la lectura. Si aconseguim que l&#8217;alumnat vulgui tenir llibres a les seves mans, podrem afavorir que adquireixin un bon h\u00e0bit lector.<\/p>\n<p>A l&#8217;escola La Cabana, realitzem moltes activitats enfocades en aquests aspectes, i el fruit de tot aquest treball \u00e9s la presentaci\u00f3 al concurs de lectura en Veu Alta. Estem molt contents per l&#8217;elecci\u00f3\u00a0 de la nostra alumna de cinqu\u00e8, la Vinyet L\u00f3pez Olaya, com a guanyadora del Concurs de Lectura en Veu Alta (CLVA) en la categoria de &#8220;Grumets Verds&#8221; (lectores i lectors d&#8217;entre 10 i 12 anys del Pened\u00e8s).<\/p>\n<p>Ara ser\u00e0 la nostra representant a la final territorial de les comarques de Barcelona. A continuaci\u00f3, us deixem amb la lectura que va realitzar, el moment de ser escollida i tamb\u00e9 amb imatges dels\u00a0 nens i les nenes de Cicle Superior gaudint amb la lectura.<\/p>\n<p><a href=\"https:\/\/photos.app.goo.gl\/urGb7vb1v1UemuDJ8\" target=\"_blank\" rel=\"noopener noreferrer\">ACTUACI\u00d3 DE LA VINYET AL CONCURS DE LECTURA EN VEU ALTA<\/a><\/p>\n<p><a href=\"https:\/\/photos.app.goo.gl\/b4UBZAGhexD432V16\" target=\"_blank\" rel=\"noopener noreferrer\">DECISI\u00d3 DEL JURAT<\/a><\/p>\n<p><a href=\"https:\/\/photos.app.goo.gl\/whJz7NQMqwCVBhoa7\" target=\"_blank\" rel=\"noopener noreferrer\">GAUDIM LLEGINT<\/a><\/p>\n<ul>\n<li><span lang=\"ca\">Els llibres em van ensenyar a pensar, i el pensament em va fer lliure. <strong>Ricardo Le\u00f3n<\/strong><\/span><\/li>\n<\/ul>\n","protected":false},"excerpt":{"rendered":"<p>L&#8217;escola \u00e9s un espai on les nenes i els nens agafen l&#8217;h\u00e0bit de la lectura des de ben petites i petits. La\u00a0lectura\u00a0\u00e9s essencial per estimular el cervell i per afavorir el\u00a0creixement integral dels infants. Per aconseguir tenir\u00a0infants lectors, el primer que cal fer \u00e9s despertar l\u2019inter\u00e8s i la motivaci\u00f3 per la lectura. Si aconseguim que [&hellip;]<\/p>\n","protected":false},"author":1,"featured_media":17873,"comment_status":"open","ping_status":"closed","sticky":false,"template":"","format":"standard","meta":{"_bbp_topic_count":0,"_bbp_reply_count":0,"_bbp_total_topic_count":0,"_bbp_total_reply_count":0,"_bbp_voice_count":0,"_bbp_anonymous_reply_count":0,"_bbp_topic_count_hidden":0,"_bbp_reply_count_hidden":0,"_bbp_forum_subforum_count":0,"site-sidebar-layout":"default","site-content-layout":"","ast-site-content-layout":"","site-content-style":"default","site-sidebar-style":"default","ast-global-header-display":"","ast-banner-title-visibility":"","ast-main-header-display":"","ast-hfb-above-header-display":"","ast-hfb-below-header-display":"","ast-hfb-mobile-header-display":"","site-post-title":"","ast-breadcrumbs-content":"","ast-featured-img":"","footer-sml-layout":"","theme-transparent-header-meta":"","adv-header-id-meta":"","stick-header-meta":"","header-above-stick-meta":"","header-main-stick-meta":"","header-below-stick-meta":"","astra-migrate-meta-layouts":"default","ast-page-background-enabled":"default","ast-page-background-meta":{"desktop":{"background-color":"var(--ast-global-color-4)","background-image":"","background-repeat":"repeat","background-position":"center center","background-size":"auto","background-attachment":"scroll","background-type":"","background-media":"","overlay-type":"","overlay-color":"","overlay-opacity":"","overlay-gradient":""},"tablet":{"background-color":"","background-image":"","background-repeat":"repeat","background-position":"center center","background-size":"auto","background-attachment":"scroll","background-type":"","background-media":"","overlay-type":"","overlay-color":"","overlay-opacity":"","overlay-gradient":""},"mobile":{"background-color":"","background-image":"","background-repeat":"repeat","background-position":"center center","background-size":"auto","background-attachment":"scroll","background-type":"","background-media":"","overlay-type":"","overlay-color":"","overlay-opacity":"","overlay-gradient":""}},"ast-content-background-meta":{"desktop":{"background-color":"var(--ast-global-color-5)","background-image":"","background-repeat":"repeat","background-position":"center center","background-size":"auto","background-attachment":"scroll","background-type":"","background-media":"","overlay-type":"","overlay-color":"","overlay-opacity":"","overlay-gradient":""},"tablet":{"background-color":"var(--ast-global-color-5)","background-image":"","background-repeat":"repeat","background-position":"center center","background-size":"auto","background-attachment":"scroll","background-type":"","background-media":"","overlay-type":"","overlay-color":"","overlay-opacity":"","overlay-gradient":""},"mobile":{"background-color":"var(--ast-global-color-5)","background-image":"","background-repeat":"repeat","background-position":"center center","background-size":"auto","background-attachment":"scroll","background-type":"","background-media":"","overlay-type":"","overlay-color":"","overlay-opacity":"","overlay-gradient":""}},"footnotes":""},"categories":[34,14,1,4,5],"tags":[179,95,290,291,289,96],"class_list":["post-17871","post","type-post","status-publish","format-standard","has-post-thumbnail","hentry","category-biblioteca","category-c-s","category-general","category-portada","category-primaria","tag-clva","tag-concurs","tag-emocio","tag-final-territorial","tag-gaudir","tag-lectura"],"post_mailing_queue_ids":[],"_links":{"self":[{"href":"https:\/\/agora.xtec.cat\/esc-la-cabana\/wp-json\/wp\/v2\/posts\/17871","targetHints":{"allow":["GET"]}}],"collection":[{"href":"https:\/\/agora.xtec.cat\/esc-la-cabana\/wp-json\/wp\/v2\/posts"}],"about":[{"href":"https:\/\/agora.xtec.cat\/esc-la-cabana\/wp-json\/wp\/v2\/types\/post"}],"author":[{"embeddable":true,"href":"https:\/\/agora.xtec.cat\/esc-la-cabana\/wp-json\/wp\/v2\/users\/1"}],"replies":[{"embeddable":true,"href":"https:\/\/agora.xtec.cat\/esc-la-cabana\/wp-json\/wp\/v2\/comments?post=17871"}],"version-history":[{"count":3,"href":"https:\/\/agora.xtec.cat\/esc-la-cabana\/wp-json\/wp\/v2\/posts\/17871\/revisions"}],"predecessor-version":[{"id":17897,"href":"https:\/\/agora.xtec.cat\/esc-la-cabana\/wp-json\/wp\/v2\/posts\/17871\/revisions\/17897"}],"wp:featuredmedia":[{"embeddable":true,"href":"https:\/\/agora.xtec.cat\/esc-la-cabana\/wp-json\/wp\/v2\/media\/17873"}],"wp:attachment":[{"href":"https:\/\/agora.xtec.cat\/esc-la-cabana\/wp-json\/wp\/v2\/media?parent=17871"}],"wp:term":[{"taxonomy":"category","embeddable":true,"href":"https:\/\/agora.xtec.cat\/esc-la-cabana\/wp-json\/wp\/v2\/categories?post=17871"},{"taxonomy":"post_tag","embeddable":true,"href":"https:\/\/agora.xtec.cat\/esc-la-cabana\/wp-json\/wp\/v2\/tags?post=17871"}],"curies":[{"name":"wp","href":"https:\/\/api.w.org\/{rel}","templated":true}]}}