{"id":17759,"date":"2021-03-18T18:39:25","date_gmt":"2021-03-18T17:39:25","guid":{"rendered":"http:\/\/agora.xtec.cat\/esc-la-cabana\/?p=17759"},"modified":"2021-04-30T12:45:15","modified_gmt":"2021-04-30T10:45:15","slug":"la-cabana-a-la-cassola","status":"publish","type":"post","link":"https:\/\/agora.xtec.cat\/esc-la-cabana\/general\/la-cabana-a-la-cassola\/","title":{"rendered":"LA CABANA A LA CASSOLA"},"content":{"rendered":"<p>Hola fam\u00edlies,<\/p>\n<p>Enguany ens hem tornat a posar el davantal i les mans a la cuina per dur a terme <strong>La Setmana de l\u2019Alimentaci\u00f3.<\/strong><\/p>\n<p>Aqu\u00ed teniu la recepta del que hem fet!<\/p>\n<p>&nbsp;<\/p>\n<h2 style=\"text-align: center;\">LA CABANA A LA CASSOLA<\/h2>\n<h3><span style=\"text-decoration: underline;\"><strong>INGREDIENTS<\/strong><strong>:<\/strong><\/span><\/h3>\n<p><strong>Educaci\u00f3 Infantil<\/strong><\/p>\n<ul>\n<li>Taller de la Diputaci\u00f3:Mengem fruita cada dia.<\/li>\n<li>Manualitat fem un iman per la nevera.<\/li>\n<li>Pizza matem\u00e0tica.<\/li>\n<li>Cuinem una pizza.<\/li>\n<li><a href=\"https:\/\/photos.app.goo.gl\/EmjpCnLJ6J8PJHSX8\" target=\"_blank\" rel=\"noopener noreferrer\">Videoclip.<\/a><\/li>\n<\/ul>\n<p><strong>Cicle Inicial<\/strong><\/p>\n<ul>\n<li>Taller de la Diputaci\u00f3: \u00a0Fem un esmorzar saludable.<\/li>\n<li>Esbrinem que esmorzem cada dia.<\/li>\n<li>Descobrim que \u00e9s un aliment.<\/li>\n<li>Coneixem la funci\u00f3 \u00a0dels aliments.<\/li>\n<li>Constru\u00efm una pir\u00e0mide dels aliments.<\/li>\n<li><a href=\"https:\/\/drive.google.com\/drive\/folders\/1GpZ9TcZAws26qIySdJx1boZaQi5VLVfl?usp=sharing\" target=\"_blank\" rel=\"noopener noreferrer\">Elaborem el nostre esmorzar saludable.<\/a><\/li>\n<li>Ens gravem: Assessors de l\u2019 alimentaci\u00f3.<\/li>\n<\/ul>\n<p><strong>Cicle Mitj\u00e0<\/strong><\/p>\n<ul>\n<li>Taller de la Diputaci\u00f3: Els Aliments, la nostra energia.<\/li>\n<li>Ens fem experts en els nutrients dels aliments.<\/li>\n<li>Fem una dieta saludable.<\/li>\n<li>Etiquetem i tastem la conserva de les nostres olives.<\/li>\n<li>Esmorzar saludable.<\/li>\n<\/ul>\n<p><strong>Cicle Superior <\/strong><\/p>\n<ul>\n<li>Taller de la Diputaci\u00f3: Menja b\u00e9, et sentir\u00e0s b\u00e9.<\/li>\n<li>Que fa el nostre cos amb els aliments? : La nutrici\u00f3 i la digesti\u00f3.<\/li>\n<li>Experiment: Descobrim com funciona la digesti\u00f3.<\/li>\n<li>Mastega, mastega &#8230; La funci\u00f3 de les dents.<\/li>\n<li>Convidats a taula!: Receptes de les fam\u00edlies.<\/li>\n<\/ul>\n<p>&nbsp;<\/p>\n<h3><strong><span style=\"text-decoration: underline;\">ELABORACI\u00d3:<\/span> <\/strong><\/h3>\n<ol>\n<li>Engeguem el projecte a partir de reptes, preguntes, compartint objectius&#8230;<\/li>\n<li>El moment de la recerca: consultem, busquem, preguntem, investiguem, recollim dades&#8230;<\/li>\n<li>Organitzem la informaci\u00f3.<\/li>\n<li>Presentem i compartim el qu\u00e8 hem apr\u00e9s.<\/li>\n<\/ol>\n<p>&nbsp;<\/p>\n<h3 style=\"text-align: center;\"><em>Tot aix\u00f2 ben barrejat, reposat,<\/em><\/h3>\n<h3 style=\"text-align: center;\"><em>ben amanit i presentat,<\/em><\/h3>\n<h3 style=\"text-align: center;\"><em>aqu\u00ed teniu els nostres plats.<\/em><\/h3>\n<h3 style=\"text-align: center;\"><em>\u00a0<\/em><\/h3>\n<p>&nbsp;<\/p>\n<p style=\"text-align: center;\"><a href=\"https:\/\/photos.app.goo.gl\/LyEYsugDUKoSxB5N7\" target=\"_blank\" rel=\"noopener noreferrer\">ENTRANTS: EDUCACI\u00d3 INFANTIL<\/a><\/p>\n<p style=\"text-align: center;\"><a href=\"https:\/\/photos.app.goo.gl\/dxF33bhWsHMQaysg6\" target=\"_blank\" rel=\"noopener noreferrer\">PRIMER PLAT: CICLE INICIAL<\/a><\/p>\n<p style=\"text-align: center;\"><a href=\"https:\/\/photos.app.goo.gl\/hFnDZjKetui1p6rE7\" target=\"_blank\" rel=\"noopener noreferrer\">SEGON PLAT: CICLE MITJ\u00c0<\/a><\/p>\n<p style=\"text-align: center;\"><a href=\"https:\/\/photos.app.goo.gl\/kM9nmiUeYS8procW9\" target=\"_blank\" rel=\"noopener noreferrer\">POSTRES: CICLE SUPERIOR<\/a><\/p>\n<p>&nbsp;<\/p>\n<p>&nbsp;<\/p>\n<h3 style=\"text-align: center;\"><em>BON PROFIT !<\/em><\/h3>\n<p>&nbsp;<\/p>\n<p>&nbsp;<\/p>\n","protected":false},"excerpt":{"rendered":"<p>Enguany ens hem tornat a posar el davantal i les mans a la cuina per dur a terme La Setmana de l\u2019Alimentaci\u00f3.Aqu\u00ed teniu la recepta del que hem fet!<\/p>\n","protected":false},"author":1,"featured_media":17762,"comment_status":"open","ping_status":"closed","sticky":false,"template":"","format":"standard","meta":{"_bbp_topic_count":0,"_bbp_reply_count":0,"_bbp_total_topic_count":0,"_bbp_total_reply_count":0,"_bbp_voice_count":0,"_bbp_anonymous_reply_count":0,"_bbp_topic_count_hidden":0,"_bbp_reply_count_hidden":0,"_bbp_forum_subforum_count":0,"site-sidebar-layout":"default","site-content-layout":"","ast-site-content-layout":"","site-content-style":"default","site-sidebar-style":"default","ast-global-header-display":"","ast-banner-title-visibility":"","ast-main-header-display":"","ast-hfb-above-header-display":"","ast-hfb-below-header-display":"","ast-hfb-mobile-header-display":"","site-post-title":"","ast-breadcrumbs-content":"","ast-featured-img":"","footer-sml-layout":"","theme-transparent-header-meta":"","adv-header-id-meta":"","stick-header-meta":"","header-above-stick-meta":"","header-main-stick-meta":"","header-below-stick-meta":"","astra-migrate-meta-layouts":"default","ast-page-background-enabled":"default","ast-page-background-meta":{"desktop":{"background-color":"var(--ast-global-color-4)","background-image":"","background-repeat":"repeat","background-position":"center center","background-size":"auto","background-attachment":"scroll","background-type":"","background-media":"","overlay-type":"","overlay-color":"","overlay-opacity":"","overlay-gradient":""},"tablet":{"background-color":"","background-image":"","background-repeat":"repeat","background-position":"center center","background-size":"auto","background-attachment":"scroll","background-type":"","background-media":"","overlay-type":"","overlay-color":"","overlay-opacity":"","overlay-gradient":""},"mobile":{"background-color":"","background-image":"","background-repeat":"repeat","background-position":"center center","background-size":"auto","background-attachment":"scroll","background-type":"","background-media":"","overlay-type":"","overlay-color":"","overlay-opacity":"","overlay-gradient":""}},"ast-content-background-meta":{"desktop":{"background-color":"var(--ast-global-color-5)","background-image":"","background-repeat":"repeat","background-position":"center center","background-size":"auto","background-attachment":"scroll","background-type":"","background-media":"","overlay-type":"","overlay-color":"","overlay-opacity":"","overlay-gradient":""},"tablet":{"background-color":"var(--ast-global-color-5)","background-image":"","background-repeat":"repeat","background-position":"center center","background-size":"auto","background-attachment":"scroll","background-type":"","background-media":"","overlay-type":"","overlay-color":"","overlay-opacity":"","overlay-gradient":""},"mobile":{"background-color":"var(--ast-global-color-5)","background-image":"","background-repeat":"repeat","background-position":"center center","background-size":"auto","background-attachment":"scroll","background-type":"","background-media":"","overlay-type":"","overlay-color":"","overlay-opacity":"","overlay-gradient":""}},"footnotes":""},"categories":[33,1,4,5],"tags":[79,271,103,101],"class_list":["post-17759","post","type-post","status-publish","format-standard","has-post-thumbnail","hentry","category-e-i","category-general","category-portada","category-primaria","tag-alimentacio","tag-curs-2020-2021","tag-interdisciplinari","tag-projecte"],"post_mailing_queue_ids":[],"_links":{"self":[{"href":"https:\/\/agora.xtec.cat\/esc-la-cabana\/wp-json\/wp\/v2\/posts\/17759","targetHints":{"allow":["GET"]}}],"collection":[{"href":"https:\/\/agora.xtec.cat\/esc-la-cabana\/wp-json\/wp\/v2\/posts"}],"about":[{"href":"https:\/\/agora.xtec.cat\/esc-la-cabana\/wp-json\/wp\/v2\/types\/post"}],"author":[{"embeddable":true,"href":"https:\/\/agora.xtec.cat\/esc-la-cabana\/wp-json\/wp\/v2\/users\/1"}],"replies":[{"embeddable":true,"href":"https:\/\/agora.xtec.cat\/esc-la-cabana\/wp-json\/wp\/v2\/comments?post=17759"}],"version-history":[{"count":4,"href":"https:\/\/agora.xtec.cat\/esc-la-cabana\/wp-json\/wp\/v2\/posts\/17759\/revisions"}],"predecessor-version":[{"id":17870,"href":"https:\/\/agora.xtec.cat\/esc-la-cabana\/wp-json\/wp\/v2\/posts\/17759\/revisions\/17870"}],"wp:featuredmedia":[{"embeddable":true,"href":"https:\/\/agora.xtec.cat\/esc-la-cabana\/wp-json\/wp\/v2\/media\/17762"}],"wp:attachment":[{"href":"https:\/\/agora.xtec.cat\/esc-la-cabana\/wp-json\/wp\/v2\/media?parent=17759"}],"wp:term":[{"taxonomy":"category","embeddable":true,"href":"https:\/\/agora.xtec.cat\/esc-la-cabana\/wp-json\/wp\/v2\/categories?post=17759"},{"taxonomy":"post_tag","embeddable":true,"href":"https:\/\/agora.xtec.cat\/esc-la-cabana\/wp-json\/wp\/v2\/tags?post=17759"}],"curies":[{"name":"wp","href":"https:\/\/api.w.org\/{rel}","templated":true}]}}