{"id":17579,"date":"2020-12-11T16:08:04","date_gmt":"2020-12-11T15:08:04","guid":{"rendered":"http:\/\/agora.xtec.cat\/esc-la-cabana\/?p=17579"},"modified":"2020-12-11T16:09:40","modified_gmt":"2020-12-11T15:09:40","slug":"el-drac-petit-de-les-cabanyes-ja-te-nom","status":"publish","type":"post","link":"https:\/\/agora.xtec.cat\/esc-la-cabana\/general\/el-drac-petit-de-les-cabanyes-ja-te-nom\/","title":{"rendered":"El drac petit de Les Cabanyes ja t\u00e9 nom!"},"content":{"rendered":"<div>\n<p>El passat dia 2 de desembre vam tenir l&#8217;oportunitat de participar d&#8217;una festa molt especial.<\/p>\n<p>Aquest curs, l&#8217;alumnat d&#8217;Educaci\u00f3 Infantil est\u00e0 treballant els noms de la classe: els Dracs, els Gegants i les Panderetes; tots relacionats amb el fil conductor de l&#8217;entorn proper de Les Cabanyes.<\/p>\n<p>Quan els infants van descobrir que el drac petit no tenia nom, van decidir buscar-li un entre tots i totes.<\/p>\n<p>Despr\u00e9s d&#8217;unes votacions molt emocionants, els noms finalistes van ser: Estrella i Draguet, i el nom guanyador del drac petit de Les Cabanyes va ser&#8230;:\u00a0<strong>Banyeta!<\/strong><\/p>\n<p>A la gran festa va participar-hi l&#8217;alumnat de Ed. Infantil i el de Cicle Inicial. Ens van acompanyar uns convidats molt especials: l&#8217;alcalde de Les Cabanyes (Agust\u00ed\u00a0 Vallverd\u00fa), la regidora (S\u00edlvia P\u00e9rez) i la presidenta i el secretari de\u00a0 <strong>l&#8217;Associaci\u00f3 de Balls Populars de Les Cabanyes <\/strong>(Ma Carme Olaya i Josep Mart\u00ed).<\/p>\n<p>&nbsp;<\/p>\n<\/div>\n<p><img loading=\"lazy\" decoding=\"async\" class=\" wp-image-17581 aligncenter\" src=\"https:\/\/agora.xtec.cat\/esc-la-cabana\/wp-content\/uploads\/usu849\/2020\/12\/IMG_1534_opt.jpg\" alt=\"\" width=\"387\" height=\"164\" srcset=\"https:\/\/agora.xtec.cat\/esc-la-cabana\/wp-content\/uploads\/usu849\/2020\/12\/IMG_1534_opt.jpg 328w, https:\/\/agora.xtec.cat\/esc-la-cabana\/wp-content\/uploads\/usu849\/2020\/12\/IMG_1534_opt-300x127.jpg 300w\" sizes=\"auto, (max-width: 387px) 100vw, 387px\" \/><\/p>\n<div><\/div>\n<div><\/div>\n<div>\n<p>Cada grup d&#8217;infants va fer el seu ball, i els gegants de Les Cabanyes (la Vict\u00f2ria i el Valent\u00ed) i el drac mitj\u00e0, en\u00a0 Hey, ens van ballar les seves danses.<\/p>\n<p>Ens va fer molta il\u00b7lusi\u00f3 el ball del Banyeta al pati de l&#8217;escola, era el primer cop que el drac petit ballava amb el seu nom. Aix\u00f2 \u00e9s un privilegi!<\/p>\n<p>Moltes gr\u00e0cies a tots i totes els que vau participar!<\/p>\n<\/div>\n<div><\/div>\n<div><\/div>\n<div><img loading=\"lazy\" decoding=\"async\" class=\"wp-image-17583 alignleft\" src=\"https:\/\/agora.xtec.cat\/esc-la-cabana\/wp-content\/uploads\/usu849\/2020\/12\/IMG_2915_opt.jpg\" alt=\"\" width=\"339\" height=\"250\" \/><\/div>\n<div><\/div>\n<div><img loading=\"lazy\" decoding=\"async\" class=\"wp-image-17582 aligncenter\" src=\"https:\/\/agora.xtec.cat\/esc-la-cabana\/wp-content\/uploads\/usu849\/2020\/12\/IMG_2909_opt.jpg\" alt=\"\" width=\"404\" height=\"313\" \/><\/div>\n","protected":false},"excerpt":{"rendered":"<p>El passat dia 2 de desembre vam tenir l&#8217;oportunitat de participar d&#8217;una festa molt especial. Aquest curs, l&#8217;alumnat d&#8217;Educaci\u00f3 Infantil est\u00e0 treballant els noms de la classe: els Dracs, els Gegants i les Panderetes; tots relacionats amb el fil conductor de l&#8217;entorn proper de Les Cabanyes. Quan els infants van descobrir que el drac petit [&hellip;]<\/p>\n","protected":false},"author":1,"featured_media":17583,"comment_status":"open","ping_status":"closed","sticky":false,"template":"","format":"standard","meta":{"_bbp_topic_count":0,"_bbp_reply_count":0,"_bbp_total_topic_count":0,"_bbp_total_reply_count":0,"_bbp_voice_count":0,"_bbp_anonymous_reply_count":0,"_bbp_topic_count_hidden":0,"_bbp_reply_count_hidden":0,"_bbp_forum_subforum_count":0,"site-sidebar-layout":"default","site-content-layout":"","ast-site-content-layout":"","site-content-style":"default","site-sidebar-style":"default","ast-global-header-display":"","ast-banner-title-visibility":"","ast-main-header-display":"","ast-hfb-above-header-display":"","ast-hfb-below-header-display":"","ast-hfb-mobile-header-display":"","site-post-title":"","ast-breadcrumbs-content":"","ast-featured-img":"","footer-sml-layout":"","theme-transparent-header-meta":"","adv-header-id-meta":"","stick-header-meta":"","header-above-stick-meta":"","header-main-stick-meta":"","header-below-stick-meta":"","astra-migrate-meta-layouts":"default","ast-page-background-enabled":"default","ast-page-background-meta":{"desktop":{"background-color":"var(--ast-global-color-4)","background-image":"","background-repeat":"repeat","background-position":"center center","background-size":"auto","background-attachment":"scroll","background-type":"","background-media":"","overlay-type":"","overlay-color":"","overlay-opacity":"","overlay-gradient":""},"tablet":{"background-color":"","background-image":"","background-repeat":"repeat","background-position":"center center","background-size":"auto","background-attachment":"scroll","background-type":"","background-media":"","overlay-type":"","overlay-color":"","overlay-opacity":"","overlay-gradient":""},"mobile":{"background-color":"","background-image":"","background-repeat":"repeat","background-position":"center center","background-size":"auto","background-attachment":"scroll","background-type":"","background-media":"","overlay-type":"","overlay-color":"","overlay-opacity":"","overlay-gradient":""}},"ast-content-background-meta":{"desktop":{"background-color":"var(--ast-global-color-5)","background-image":"","background-repeat":"repeat","background-position":"center center","background-size":"auto","background-attachment":"scroll","background-type":"","background-media":"","overlay-type":"","overlay-color":"","overlay-opacity":"","overlay-gradient":""},"tablet":{"background-color":"var(--ast-global-color-5)","background-image":"","background-repeat":"repeat","background-position":"center center","background-size":"auto","background-attachment":"scroll","background-type":"","background-media":"","overlay-type":"","overlay-color":"","overlay-opacity":"","overlay-gradient":""},"mobile":{"background-color":"var(--ast-global-color-5)","background-image":"","background-repeat":"repeat","background-position":"center center","background-size":"auto","background-attachment":"scroll","background-type":"","background-media":"","overlay-type":"","overlay-color":"","overlay-opacity":"","overlay-gradient":""}},"footnotes":""},"categories":[33,1,4],"tags":[],"class_list":["post-17579","post","type-post","status-publish","format-standard","has-post-thumbnail","hentry","category-e-i","category-general","category-portada"],"post_mailing_queue_ids":[],"_links":{"self":[{"href":"https:\/\/agora.xtec.cat\/esc-la-cabana\/wp-json\/wp\/v2\/posts\/17579","targetHints":{"allow":["GET"]}}],"collection":[{"href":"https:\/\/agora.xtec.cat\/esc-la-cabana\/wp-json\/wp\/v2\/posts"}],"about":[{"href":"https:\/\/agora.xtec.cat\/esc-la-cabana\/wp-json\/wp\/v2\/types\/post"}],"author":[{"embeddable":true,"href":"https:\/\/agora.xtec.cat\/esc-la-cabana\/wp-json\/wp\/v2\/users\/1"}],"replies":[{"embeddable":true,"href":"https:\/\/agora.xtec.cat\/esc-la-cabana\/wp-json\/wp\/v2\/comments?post=17579"}],"version-history":[{"count":3,"href":"https:\/\/agora.xtec.cat\/esc-la-cabana\/wp-json\/wp\/v2\/posts\/17579\/revisions"}],"predecessor-version":[{"id":17587,"href":"https:\/\/agora.xtec.cat\/esc-la-cabana\/wp-json\/wp\/v2\/posts\/17579\/revisions\/17587"}],"wp:featuredmedia":[{"embeddable":true,"href":"https:\/\/agora.xtec.cat\/esc-la-cabana\/wp-json\/wp\/v2\/media\/17583"}],"wp:attachment":[{"href":"https:\/\/agora.xtec.cat\/esc-la-cabana\/wp-json\/wp\/v2\/media?parent=17579"}],"wp:term":[{"taxonomy":"category","embeddable":true,"href":"https:\/\/agora.xtec.cat\/esc-la-cabana\/wp-json\/wp\/v2\/categories?post=17579"},{"taxonomy":"post_tag","embeddable":true,"href":"https:\/\/agora.xtec.cat\/esc-la-cabana\/wp-json\/wp\/v2\/tags?post=17579"}],"curies":[{"name":"wp","href":"https:\/\/api.w.org\/{rel}","templated":true}]}}