{"id":17473,"date":"2020-10-16T16:26:35","date_gmt":"2020-10-16T14:26:35","guid":{"rendered":"http:\/\/agora.xtec.cat\/esc-la-cabana\/?p=17473"},"modified":"2020-12-11T16:13:00","modified_gmt":"2020-12-11T15:13:00","slug":"festa-dels-noms-de-les-classes","status":"publish","type":"post","link":"https:\/\/agora.xtec.cat\/esc-la-cabana\/general\/festa-dels-noms-de-les-classes\/","title":{"rendered":"FESTA DELS NOMS DE LES CLASSES"},"content":{"rendered":"<p>Aquest curs, tot i ser diferent, hem volgut celebrar una petita festa del nom de la classe, amb totes les mesures de seguretat pertinents.<\/p>\n<p>Com b\u00e9 sabeu, els vostres fills i filles han estat pensant i investigant sobre noms relacionats amb el nostre entorn proper, i la veritat \u00e9s que n&#8217;han sortit de ben originals.<\/p>\n<p>Segur que us han parlat del nom que han triat, ja que portem v\u00e0ries setmanes descobrint aspectes que desconeixien, mitjan\u00e7ant un treball interdisciplinari. No obstant, us deixem amb un recull de fotos i v\u00eddeos de la trobada al pati, per tal que pugueu gaudir amb nosaltres:<\/p>\n<p><a href=\"https:\/\/photos.app.goo.gl\/hmrX4SxjZQR4ovDR7\">RECULL DE FOTOS<\/a><\/p>\n<p><a href=\"https:\/\/photos.app.goo.gl\/2TfEEqxkzZyZDG7e8\">LA CLASSE DELS GEGANTS I GEGANTES <img loading=\"lazy\" decoding=\"async\" class=\"\" src=\"https:\/\/anoiadiari.cat\/static\/articles\/6hxby\/45756.jpg\" alt=\"La FESTHI obre un concurs infantil per donar a con\u00e8ixer els Gegants Vells recuperats\" width=\"55\" height=\"78\" \/><\/a><\/p>\n<p><a href=\"https:\/\/photos.app.goo.gl\/ubMT6VDHMYhSkm7Q8\">LA CLASSE DE LES PANDERETES <img loading=\"lazy\" decoding=\"async\" class=\"\" src=\"https:\/\/i.pinimg.com\/564x\/05\/dd\/a1\/05dda1b42876319a341f4f8726a20dfe.jpg\" alt=\"Dibujos de INSTRUMENTOS MUSICALES en 2020 | Dibujos de instrumentos musicales, Instrumentos musicales, Musicales\" width=\"61\" height=\"52\" \/><\/a><\/p>\n<p><a href=\"https:\/\/photos.app.goo.gl\/HkEYTHjpQCSRPPuz6\">LA CLASSE DE LES DRAGONES I ELS DRACS <img loading=\"lazy\" decoding=\"async\" class=\"\" src=\"https:\/\/i.pinimg.com\/originals\/41\/ed\/71\/41ed717d827b23ffc9766387e8654fb7.jpg\" alt=\"Pin en Caricaturas\" width=\"56\" height=\"55\" \/><\/a><\/p>\n<p>LA CLASSE DEL RA\u00cfM <img loading=\"lazy\" decoding=\"async\" class=\"\" src=\"https:\/\/www.pintarcolorear.org\/wp-content\/uploads\/2013\/06\/uvas-para-dibujar-300x225.jpg\" alt=\"Uvas para colorear\" width=\"63\" height=\"47\" \/><\/p>\n<p>LA CLASSE DE LA VINYA <img loading=\"lazy\" decoding=\"async\" class=\"\" src=\"https:\/\/thumbs.dreamstime.com\/b\/dibujo-del-vi%C3%B1edo-con-la-trayectoria-y-casas-en-colina-115811999.jpg\" alt=\"Dibujo Del Vi\u00f1edo Con La Trayectoria Y Casas En La Colina Ilustraci\u00f3n del Vector - Ilustraci\u00f3n de trayectoria, dibujo: 115811999\" width=\"72\" height=\"55\" \/><\/p>\n<p>LA CLASSE DELS ROMANS I DE LES ROMANES <img loading=\"lazy\" decoding=\"async\" class=\"\" src=\"https:\/\/i.pinimg.com\/originals\/3c\/7c\/32\/3c7c32ef9f2b4542769d26555bcbfebb.jpg\" alt=\"Recopilaci\u00f3n proxecto ROMA ANTIGA | Casco romano, Dioses romanos, Soldados romanos\" width=\"42\" height=\"56\" \/><\/p>\n<p>LA CLASSE DE LES GUINEUS<\/p>\n<p>LA CLASSE DELS I DE LES PERIODISTES LOCALS<\/p>\n<p>LA CLASSE D&#8217;IPSA PERA<\/p>\n<p>&nbsp;<\/p>\n<p>Esperem que us hagi agradat, nosaltres ens ho vam passar d&#8217;all\u00f2 m\u00e9s b\u00e9!<\/p>\n<p>Molt bon curs a tothom!<\/p>\n","protected":false},"excerpt":{"rendered":"<p>Els noms de les classes. Curs 2020-2021.<\/p>\n","protected":false},"author":1,"featured_media":17475,"comment_status":"open","ping_status":"closed","sticky":false,"template":"","format":"standard","meta":{"_bbp_topic_count":0,"_bbp_reply_count":0,"_bbp_total_topic_count":0,"_bbp_total_reply_count":0,"_bbp_voice_count":0,"_bbp_anonymous_reply_count":0,"_bbp_topic_count_hidden":0,"_bbp_reply_count_hidden":0,"_bbp_forum_subforum_count":0,"site-sidebar-layout":"default","site-content-layout":"","ast-site-content-layout":"","site-content-style":"default","site-sidebar-style":"default","ast-global-header-display":"","ast-banner-title-visibility":"","ast-main-header-display":"","ast-hfb-above-header-display":"","ast-hfb-below-header-display":"","ast-hfb-mobile-header-display":"","site-post-title":"","ast-breadcrumbs-content":"","ast-featured-img":"","footer-sml-layout":"","theme-transparent-header-meta":"","adv-header-id-meta":"","stick-header-meta":"","header-above-stick-meta":"","header-main-stick-meta":"","header-below-stick-meta":"","astra-migrate-meta-layouts":"default","ast-page-background-enabled":"default","ast-page-background-meta":{"desktop":{"background-color":"var(--ast-global-color-4)","background-image":"","background-repeat":"repeat","background-position":"center center","background-size":"auto","background-attachment":"scroll","background-type":"","background-media":"","overlay-type":"","overlay-color":"","overlay-opacity":"","overlay-gradient":""},"tablet":{"background-color":"","background-image":"","background-repeat":"repeat","background-position":"center center","background-size":"auto","background-attachment":"scroll","background-type":"","background-media":"","overlay-type":"","overlay-color":"","overlay-opacity":"","overlay-gradient":""},"mobile":{"background-color":"","background-image":"","background-repeat":"repeat","background-position":"center center","background-size":"auto","background-attachment":"scroll","background-type":"","background-media":"","overlay-type":"","overlay-color":"","overlay-opacity":"","overlay-gradient":""}},"ast-content-background-meta":{"desktop":{"background-color":"var(--ast-global-color-5)","background-image":"","background-repeat":"repeat","background-position":"center center","background-size":"auto","background-attachment":"scroll","background-type":"","background-media":"","overlay-type":"","overlay-color":"","overlay-opacity":"","overlay-gradient":""},"tablet":{"background-color":"var(--ast-global-color-5)","background-image":"","background-repeat":"repeat","background-position":"center center","background-size":"auto","background-attachment":"scroll","background-type":"","background-media":"","overlay-type":"","overlay-color":"","overlay-opacity":"","overlay-gradient":""},"mobile":{"background-color":"var(--ast-global-color-5)","background-image":"","background-repeat":"repeat","background-position":"center center","background-size":"auto","background-attachment":"scroll","background-type":"","background-media":"","overlay-type":"","overlay-color":"","overlay-opacity":"","overlay-gradient":""}},"footnotes":""},"categories":[10,12,14,33,1,4,5],"tags":[272,214],"class_list":["post-17473","post","type-post","status-publish","format-standard","has-post-thumbnail","hentry","category-c-i","category-c-m","category-c-s","category-e-i","category-general","category-portada","category-primaria","tag-2020-2021","tag-noms-classe"],"post_mailing_queue_ids":[],"_links":{"self":[{"href":"https:\/\/agora.xtec.cat\/esc-la-cabana\/wp-json\/wp\/v2\/posts\/17473","targetHints":{"allow":["GET"]}}],"collection":[{"href":"https:\/\/agora.xtec.cat\/esc-la-cabana\/wp-json\/wp\/v2\/posts"}],"about":[{"href":"https:\/\/agora.xtec.cat\/esc-la-cabana\/wp-json\/wp\/v2\/types\/post"}],"author":[{"embeddable":true,"href":"https:\/\/agora.xtec.cat\/esc-la-cabana\/wp-json\/wp\/v2\/users\/1"}],"replies":[{"embeddable":true,"href":"https:\/\/agora.xtec.cat\/esc-la-cabana\/wp-json\/wp\/v2\/comments?post=17473"}],"version-history":[{"count":4,"href":"https:\/\/agora.xtec.cat\/esc-la-cabana\/wp-json\/wp\/v2\/posts\/17473\/revisions"}],"predecessor-version":[{"id":17588,"href":"https:\/\/agora.xtec.cat\/esc-la-cabana\/wp-json\/wp\/v2\/posts\/17473\/revisions\/17588"}],"wp:featuredmedia":[{"embeddable":true,"href":"https:\/\/agora.xtec.cat\/esc-la-cabana\/wp-json\/wp\/v2\/media\/17475"}],"wp:attachment":[{"href":"https:\/\/agora.xtec.cat\/esc-la-cabana\/wp-json\/wp\/v2\/media?parent=17473"}],"wp:term":[{"taxonomy":"category","embeddable":true,"href":"https:\/\/agora.xtec.cat\/esc-la-cabana\/wp-json\/wp\/v2\/categories?post=17473"},{"taxonomy":"post_tag","embeddable":true,"href":"https:\/\/agora.xtec.cat\/esc-la-cabana\/wp-json\/wp\/v2\/tags?post=17473"}],"curies":[{"name":"wp","href":"https:\/\/api.w.org\/{rel}","templated":true}]}}