{"id":17461,"date":"2020-10-02T17:48:18","date_gmt":"2020-10-02T15:48:18","guid":{"rendered":"http:\/\/agora.xtec.cat\/esc-la-cabana\/?p=17461"},"modified":"2020-10-02T17:48:18","modified_gmt":"2020-10-02T15:48:18","slug":"com-ens-organitzem-aquest-curs","status":"publish","type":"post","link":"https:\/\/agora.xtec.cat\/esc-la-cabana\/portada\/com-ens-organitzem-aquest-curs\/","title":{"rendered":"COM ENS ORGANITZEM AQUEST CURS?"},"content":{"rendered":"<p><strong>Benvolgudes fam\u00edlies,<\/strong><\/p>\n<p>&nbsp;<\/p>\n<p><strong>Us hem preparat un petit v\u00eddeo de l\u2019organitzaci\u00f3 d\u2019aquests primers dies a l\u2019escola.<\/strong><\/p>\n<p><strong>El professorat est\u00e0 molt content d\u2019haver pogut iniciar un nou curs escolar. <\/strong><\/p>\n<p><strong>Volem felicitar al nostre alumnat per la r\u00e0pida i natural adaptaci\u00f3 que ha fet a totes les mesures de seguretat que cal seguir a l\u2019escola.<\/strong><\/p>\n<p><strong>Ventilaci\u00f3 de les aules, gel hidroalcoh\u00f2lic, mascareta, dist\u00e0ncia, nous accessos, algun canvi d\u2019horari&#8230; i el que \u00e9s m\u00e9s dif\u00edcil: res de contacte f\u00edsic.<\/strong><\/p>\n<p><strong>Amb aquest v\u00eddeo volem fer una abra\u00e7ada virtual als infants de La Cabana.<\/strong><\/p>\n<p><strong>Continuem treballant i adaptant-nos a la situaci\u00f3 de cada dia; aix\u00f2 s\u00ed, entre tots i totes: mestres i personal del centre, ALUMNES i fam\u00edlies.<\/strong><\/p>\n<p>&nbsp;<\/p>\n<p><strong>Moltes gr\u00e0cies!<\/strong><\/p>\n<p>&nbsp;<\/p>\n<div class=\"ast-oembed-container \" style=\"height: 100%;\"><iframe loading=\"lazy\" title=\"Nova Organitzaci\u00f3 - Escola La Cabana\" width=\"500\" height=\"281\" src=\"https:\/\/www.youtube.com\/embed\/WltkxpaF-7g?feature=oembed\" frameborder=\"0\" allow=\"accelerometer; autoplay; clipboard-write; encrypted-media; gyroscope; picture-in-picture; web-share\" referrerpolicy=\"strict-origin-when-cross-origin\" allowfullscreen><\/iframe><\/div>\n","protected":false},"excerpt":{"rendered":"<p>Benvolgudes fam\u00edlies, &nbsp; Us hem preparat un petit v\u00eddeo de l\u2019organitzaci\u00f3 d\u2019aquests primers dies a l\u2019escola. El professorat est\u00e0 molt content d\u2019haver pogut iniciar un nou curs escolar. Volem felicitar al nostre alumnat per la r\u00e0pida i natural adaptaci\u00f3 que ha fet a totes les mesures de seguretat que cal seguir a l\u2019escola. Ventilaci\u00f3 de [&hellip;]<\/p>\n","protected":false},"author":1,"featured_media":17462,"comment_status":"open","ping_status":"closed","sticky":false,"template":"","format":"standard","meta":{"_bbp_topic_count":0,"_bbp_reply_count":0,"_bbp_total_topic_count":0,"_bbp_total_reply_count":0,"_bbp_voice_count":0,"_bbp_anonymous_reply_count":0,"_bbp_topic_count_hidden":0,"_bbp_reply_count_hidden":0,"_bbp_forum_subforum_count":0,"site-sidebar-layout":"default","site-content-layout":"","ast-site-content-layout":"","site-content-style":"default","site-sidebar-style":"default","ast-global-header-display":"","ast-banner-title-visibility":"","ast-main-header-display":"","ast-hfb-above-header-display":"","ast-hfb-below-header-display":"","ast-hfb-mobile-header-display":"","site-post-title":"","ast-breadcrumbs-content":"","ast-featured-img":"","footer-sml-layout":"","theme-transparent-header-meta":"","adv-header-id-meta":"","stick-header-meta":"","header-above-stick-meta":"","header-main-stick-meta":"","header-below-stick-meta":"","astra-migrate-meta-layouts":"default","ast-page-background-enabled":"default","ast-page-background-meta":{"desktop":{"background-color":"var(--ast-global-color-4)","background-image":"","background-repeat":"repeat","background-position":"center center","background-size":"auto","background-attachment":"scroll","background-type":"","background-media":"","overlay-type":"","overlay-color":"","overlay-opacity":"","overlay-gradient":""},"tablet":{"background-color":"","background-image":"","background-repeat":"repeat","background-position":"center center","background-size":"auto","background-attachment":"scroll","background-type":"","background-media":"","overlay-type":"","overlay-color":"","overlay-opacity":"","overlay-gradient":""},"mobile":{"background-color":"","background-image":"","background-repeat":"repeat","background-position":"center center","background-size":"auto","background-attachment":"scroll","background-type":"","background-media":"","overlay-type":"","overlay-color":"","overlay-opacity":"","overlay-gradient":""}},"ast-content-background-meta":{"desktop":{"background-color":"var(--ast-global-color-5)","background-image":"","background-repeat":"repeat","background-position":"center center","background-size":"auto","background-attachment":"scroll","background-type":"","background-media":"","overlay-type":"","overlay-color":"","overlay-opacity":"","overlay-gradient":""},"tablet":{"background-color":"var(--ast-global-color-5)","background-image":"","background-repeat":"repeat","background-position":"center center","background-size":"auto","background-attachment":"scroll","background-type":"","background-media":"","overlay-type":"","overlay-color":"","overlay-opacity":"","overlay-gradient":""},"mobile":{"background-color":"var(--ast-global-color-5)","background-image":"","background-repeat":"repeat","background-position":"center center","background-size":"auto","background-attachment":"scroll","background-type":"","background-media":"","overlay-type":"","overlay-color":"","overlay-opacity":"","overlay-gradient":""}},"footnotes":""},"categories":[33,4,5],"tags":[271,70,102,131],"class_list":["post-17461","post","type-post","status-publish","format-standard","has-post-thumbnail","hentry","category-e-i","category-portada","category-primaria","tag-curs-2020-2021","tag-educacio-infantil","tag-primaria","tag-videos"],"post_mailing_queue_ids":[],"_links":{"self":[{"href":"https:\/\/agora.xtec.cat\/esc-la-cabana\/wp-json\/wp\/v2\/posts\/17461","targetHints":{"allow":["GET"]}}],"collection":[{"href":"https:\/\/agora.xtec.cat\/esc-la-cabana\/wp-json\/wp\/v2\/posts"}],"about":[{"href":"https:\/\/agora.xtec.cat\/esc-la-cabana\/wp-json\/wp\/v2\/types\/post"}],"author":[{"embeddable":true,"href":"https:\/\/agora.xtec.cat\/esc-la-cabana\/wp-json\/wp\/v2\/users\/1"}],"replies":[{"embeddable":true,"href":"https:\/\/agora.xtec.cat\/esc-la-cabana\/wp-json\/wp\/v2\/comments?post=17461"}],"version-history":[{"count":2,"href":"https:\/\/agora.xtec.cat\/esc-la-cabana\/wp-json\/wp\/v2\/posts\/17461\/revisions"}],"predecessor-version":[{"id":17465,"href":"https:\/\/agora.xtec.cat\/esc-la-cabana\/wp-json\/wp\/v2\/posts\/17461\/revisions\/17465"}],"wp:featuredmedia":[{"embeddable":true,"href":"https:\/\/agora.xtec.cat\/esc-la-cabana\/wp-json\/wp\/v2\/media\/17462"}],"wp:attachment":[{"href":"https:\/\/agora.xtec.cat\/esc-la-cabana\/wp-json\/wp\/v2\/media?parent=17461"}],"wp:term":[{"taxonomy":"category","embeddable":true,"href":"https:\/\/agora.xtec.cat\/esc-la-cabana\/wp-json\/wp\/v2\/categories?post=17461"},{"taxonomy":"post_tag","embeddable":true,"href":"https:\/\/agora.xtec.cat\/esc-la-cabana\/wp-json\/wp\/v2\/tags?post=17461"}],"curies":[{"name":"wp","href":"https:\/\/api.w.org\/{rel}","templated":true}]}}