{"id":17279,"date":"2020-06-01T09:05:20","date_gmt":"2020-06-01T07:05:20","guid":{"rendered":"http:\/\/agora.xtec.cat\/esc-la-cabana\/?p=17279"},"modified":"2020-06-17T16:30:33","modified_gmt":"2020-06-17T14:30:33","slug":"rap-del-coronavirus-joemquedoacasa","status":"publish","type":"post","link":"https:\/\/agora.xtec.cat\/esc-la-cabana\/general\/rap-del-coronavirus-joemquedoacasa\/","title":{"rendered":"RAP DEL CORONAVIRUS #JoEmQuedoACasa"},"content":{"rendered":"<p>&nbsp;<\/p>\n<p>Hola a tots penya!<\/p>\n<p>Hem rebut molts v\u00eddeos i \u00e0udios dels raps que heu fet a casa i\u00a0 sabeu qu\u00e8?&#8230; s\u00f3n <strong>&#8220;espectaculars&#8221;!<\/strong><\/p>\n<p>Us els deixem aqu\u00ed perqu\u00e8 feu una ullada i passeu una bona estona. Cada v\u00eddeo t\u00e9 el seu inter\u00e8s. Us recomano que pareu atenci\u00f3 al text, al ritme, a l&#8217;edici\u00f3, a les vestimentes&#8230;<\/p>\n<p>Moltes gr\u00e0cies per la vostra col\u00b7laboraci\u00f3.<\/p>\n<p><strong>La Cabana is the house! <\/strong><\/p>\n<p><strong>Let&#8217;s make some noise!<\/strong><\/p>\n<p>&nbsp;<\/p>\n<p>https:\/\/youtu.be\/-rxuefSMTPU<\/p>\n<p><strong>N\u00faria i Anna<\/strong><\/p>\n<p>&nbsp;<\/p>\n<p>&nbsp;<\/p>\n<p>https:\/\/youtu.be\/mFkMn41XwGs<\/p>\n<p><strong>Eloi (E-loy), Mariona (MaryWave), Joan (Daddy Plani) i Cristina (Mammy Eski)<\/strong><\/p>\n<p>&nbsp;<\/p>\n<p>&nbsp;<\/p>\n<p>https:\/\/youtu.be\/BeJW9Us50RI<\/p>\n<p><strong>Iris, Alba, Emma, Rebeca i Salva.<\/strong><\/p>\n<p>&nbsp;<\/p>\n<p>&nbsp;<\/p>\n<p>https:\/\/youtu.be\/EfoatIyANYQ<\/p>\n<p><strong>Gisela.<\/strong><\/p>\n<p>&nbsp;<\/p>\n<p>https:\/\/youtu.be\/dCapmbR6yGk<\/p>\n<p><strong>Logan i \u00d3scar.<\/strong><\/p>\n<p>&nbsp;<\/p>\n<p>https:\/\/youtu.be\/DgTTaqNLPdo<\/p>\n<p><strong>Jana i Berta.<\/strong><\/p>\n<p>&nbsp;<\/p>\n<p>https:\/\/youtu.be\/28RY2cfLpgU<\/p>\n<p><strong>Lluc.<\/strong><\/p>\n<p>&nbsp;<\/p>\n<p>&nbsp;<\/p>\n<p>https:\/\/youtu.be\/ouvMZrtxeo8<\/p>\n<p><strong>\u00c0lex i Gina.<\/strong><\/p>\n<p>&nbsp;<\/p>\n<p>&nbsp;<\/p>\n<p>https:\/\/youtu.be\/NScLu8jWy_M<\/p>\n<p><strong>Gina i Nil<\/strong><\/p>\n<p>&nbsp;<\/p>\n<p>&nbsp;<\/p>\n<p>&nbsp;<\/p>\n<p>https:\/\/youtu.be\/7qgFrX3MMmw<\/p>\n<p><strong>Naia i \u00cdria.<\/strong><\/p>\n<p>&nbsp;<\/p>\n<p>&nbsp;<\/p>\n<p>https:\/\/youtu.be\/GN7ZGx5h7eE<\/p>\n<p><strong>Pere i Blai.<\/strong><\/p>\n<p>&nbsp;<\/p>\n<p>&nbsp;<\/p>\n<p>https:\/\/youtu.be\/y_E8lS0Ozko<\/p>\n<p><strong>Marc.<\/strong><\/p>\n<p>&nbsp;<\/p>\n<p>&nbsp;<\/p>\n<p>&nbsp;<\/p>\n<!--[if lt IE 9]><script>document.createElement('audio');<\/script><![endif]-->\n<audio class=\"wp-audio-shortcode\" id=\"audio-17279-1\" preload=\"none\" style=\"width: 100%;\" controls=\"controls\"><source type=\"audio\/mpeg\" src=\"https:\/\/agora.xtec.cat\/esc-la-cabana\/wp-content\/uploads\/usu849\/2020\/06\/Garona.mp3?_=1\" \/><a href=\"https:\/\/agora.xtec.cat\/esc-la-cabana\/wp-content\/uploads\/usu849\/2020\/06\/Garona.mp3\">https:\/\/agora.xtec.cat\/esc-la-cabana\/wp-content\/uploads\/usu849\/2020\/06\/Garona.mp3<\/a><\/audio>\n<p><strong>Garona: rap del Coronavirus.\u00a0 \u00a0<\/strong><\/p>\n<p>&nbsp;<\/p>\n<p>&nbsp;<\/p>\n<div class=\"ast-oembed-container \" style=\"height: 100%;\"><iframe loading=\"lazy\" title=\"Mirela i  Nicole\" width=\"500\" height=\"281\" src=\"https:\/\/www.youtube.com\/embed\/33sJ8Is-rUQ?feature=oembed\" frameborder=\"0\" allow=\"accelerometer; autoplay; clipboard-write; encrypted-media; gyroscope; picture-in-picture; web-share\" referrerpolicy=\"strict-origin-when-cross-origin\" allowfullscreen><\/iframe><\/div>\n<p><strong>Mirela, Nicole i Carlos.<\/strong><\/p>\n<p>&nbsp;<\/p>\n<p>&nbsp;<\/p>\n<p>https:\/\/youtu.be\/L1sDns2VTfg<\/p>\n<p><strong>Leire.<\/strong><\/p>\n<p>&nbsp;<\/p>\n<p>&nbsp;<\/p>\n<p>https:\/\/youtu.be\/vtZV2Ofnv7U<\/p>\n<p><strong>Mart\u00ed i Vinyet.\u00a0 \u00a0 \u00a0<\/strong><\/p>\n<p>&nbsp;<\/p>\n<p>&nbsp;<\/p>\n<p>https:\/\/youtu.be\/7UPDpBtog0I<\/p>\n<p><strong>\u00c0lex i Naia.<\/strong><\/p>\n<p>&nbsp;<\/p>\n<p>&nbsp;<\/p>\n<p>https:\/\/youtu.be\/UMSWQhI0jDs<\/p>\n<p><strong>Joana i Marc.<\/strong><\/p>\n<p>&nbsp;<\/p>\n<p>&nbsp;<\/p>\n<p>https:\/\/youtu.be\/TIh5X6aTYXo<\/p>\n<p><strong>\u00a0Txell, Roger i Emma.\u00a0 \u00a0<\/strong><\/p>\n<p>&nbsp;<\/p>\n<p>&nbsp;<\/p>\n<p>https:\/\/youtu.be\/5_eQrdJIs7w<\/p>\n<p><strong>Ismael i Anas.\u00a0\u00a0<\/strong><\/p>\n<p>&nbsp;<\/p>\n<p>&nbsp;<\/p>\n<p>https:\/\/youtu.be\/TG9AIUHo3pc<\/p>\n<p><strong>Ana.<\/strong><\/p>\n<p>&nbsp;<\/p>\n<p>https:\/\/youtu.be\/e63PUUvGlhw<\/p>\n<p>&nbsp;<\/p>\n<p><strong>Ares, Jan, David i Conxi.<\/strong><\/p>\n<p>&nbsp;<\/p>\n","protected":false},"excerpt":{"rendered":"<p>V\u00eddeos dels raps fets per l&#8217;alumnat de l&#8217;escola<\/p>\n","protected":false},"author":1,"featured_media":17280,"comment_status":"open","ping_status":"closed","sticky":false,"template":"","format":"standard","meta":{"_bbp_topic_count":0,"_bbp_reply_count":0,"_bbp_total_topic_count":0,"_bbp_total_reply_count":0,"_bbp_voice_count":0,"_bbp_anonymous_reply_count":0,"_bbp_topic_count_hidden":0,"_bbp_reply_count_hidden":0,"_bbp_forum_subforum_count":0,"site-sidebar-layout":"default","site-content-layout":"","ast-site-content-layout":"","site-content-style":"default","site-sidebar-style":"default","ast-global-header-display":"","ast-banner-title-visibility":"","ast-main-header-display":"","ast-hfb-above-header-display":"","ast-hfb-below-header-display":"","ast-hfb-mobile-header-display":"","site-post-title":"","ast-breadcrumbs-content":"","ast-featured-img":"","footer-sml-layout":"","theme-transparent-header-meta":"","adv-header-id-meta":"","stick-header-meta":"","header-above-stick-meta":"","header-main-stick-meta":"","header-below-stick-meta":"","astra-migrate-meta-layouts":"default","ast-page-background-enabled":"default","ast-page-background-meta":{"desktop":{"background-color":"var(--ast-global-color-4)","background-image":"","background-repeat":"repeat","background-position":"center center","background-size":"auto","background-attachment":"scroll","background-type":"","background-media":"","overlay-type":"","overlay-color":"","overlay-opacity":"","overlay-gradient":""},"tablet":{"background-color":"","background-image":"","background-repeat":"repeat","background-position":"center center","background-size":"auto","background-attachment":"scroll","background-type":"","background-media":"","overlay-type":"","overlay-color":"","overlay-opacity":"","overlay-gradient":""},"mobile":{"background-color":"","background-image":"","background-repeat":"repeat","background-position":"center center","background-size":"auto","background-attachment":"scroll","background-type":"","background-media":"","overlay-type":"","overlay-color":"","overlay-opacity":"","overlay-gradient":""}},"ast-content-background-meta":{"desktop":{"background-color":"var(--ast-global-color-5)","background-image":"","background-repeat":"repeat","background-position":"center center","background-size":"auto","background-attachment":"scroll","background-type":"","background-media":"","overlay-type":"","overlay-color":"","overlay-opacity":"","overlay-gradient":""},"tablet":{"background-color":"var(--ast-global-color-5)","background-image":"","background-repeat":"repeat","background-position":"center center","background-size":"auto","background-attachment":"scroll","background-type":"","background-media":"","overlay-type":"","overlay-color":"","overlay-opacity":"","overlay-gradient":""},"mobile":{"background-color":"var(--ast-global-color-5)","background-image":"","background-repeat":"repeat","background-position":"center center","background-size":"auto","background-attachment":"scroll","background-type":"","background-media":"","overlay-type":"","overlay-color":"","overlay-opacity":"","overlay-gradient":""}},"footnotes":""},"categories":[1,25,4],"tags":[242,257,263],"class_list":["post-17279","post","type-post","status-publish","format-standard","has-post-thumbnail","hentry","category-general","category-musica","category-portada","tag-confinament","tag-coronavirus","tag-rap"],"post_mailing_queue_ids":[],"_links":{"self":[{"href":"https:\/\/agora.xtec.cat\/esc-la-cabana\/wp-json\/wp\/v2\/posts\/17279","targetHints":{"allow":["GET"]}}],"collection":[{"href":"https:\/\/agora.xtec.cat\/esc-la-cabana\/wp-json\/wp\/v2\/posts"}],"about":[{"href":"https:\/\/agora.xtec.cat\/esc-la-cabana\/wp-json\/wp\/v2\/types\/post"}],"author":[{"embeddable":true,"href":"https:\/\/agora.xtec.cat\/esc-la-cabana\/wp-json\/wp\/v2\/users\/1"}],"replies":[{"embeddable":true,"href":"https:\/\/agora.xtec.cat\/esc-la-cabana\/wp-json\/wp\/v2\/comments?post=17279"}],"version-history":[{"count":4,"href":"https:\/\/agora.xtec.cat\/esc-la-cabana\/wp-json\/wp\/v2\/posts\/17279\/revisions"}],"predecessor-version":[{"id":17371,"href":"https:\/\/agora.xtec.cat\/esc-la-cabana\/wp-json\/wp\/v2\/posts\/17279\/revisions\/17371"}],"wp:featuredmedia":[{"embeddable":true,"href":"https:\/\/agora.xtec.cat\/esc-la-cabana\/wp-json\/wp\/v2\/media\/17280"}],"wp:attachment":[{"href":"https:\/\/agora.xtec.cat\/esc-la-cabana\/wp-json\/wp\/v2\/media?parent=17279"}],"wp:term":[{"taxonomy":"category","embeddable":true,"href":"https:\/\/agora.xtec.cat\/esc-la-cabana\/wp-json\/wp\/v2\/categories?post=17279"},{"taxonomy":"post_tag","embeddable":true,"href":"https:\/\/agora.xtec.cat\/esc-la-cabana\/wp-json\/wp\/v2\/tags?post=17279"}],"curies":[{"name":"wp","href":"https:\/\/api.w.org\/{rel}","templated":true}]}}