{"id":16985,"date":"2020-06-12T12:00:34","date_gmt":"2020-06-12T10:00:34","guid":{"rendered":"http:\/\/agora.xtec.cat\/esc-la-cabana\/?p=16985"},"modified":"2020-06-11T23:27:55","modified_gmt":"2020-06-11T21:27:55","slug":"activitats-complementaries-e-i-joemquedoacasa","status":"publish","type":"post","link":"https:\/\/agora.xtec.cat\/esc-la-cabana\/general\/activitats-complementaries-e-i-joemquedoacasa\/","title":{"rendered":"PROPOSTES COMPLEMENT\u00c0RIES E.I. #JoEmQuedoACasa"},"content":{"rendered":"<p><a href=\"https:\/\/agora.xtec.cat\/esc-la-cabana\/wp-content\/uploads\/usu849\/2020\/04\/extra.png\"><img loading=\"lazy\" decoding=\"async\" class=\"alignnone wp-image-16997\" src=\"https:\/\/agora.xtec.cat\/esc-la-cabana\/wp-content\/uploads\/usu849\/2020\/04\/extra.png\" alt=\"\" width=\"249\" height=\"116\" srcset=\"https:\/\/agora.xtec.cat\/esc-la-cabana\/wp-content\/uploads\/usu849\/2020\/04\/extra.png 512w, https:\/\/agora.xtec.cat\/esc-la-cabana\/wp-content\/uploads\/usu849\/2020\/04\/extra-300x139.png 300w\" sizes=\"auto, (max-width: 249px) 100vw, 249px\" \/><\/a><\/p>\n<p>En aquest espai recollirem aquelles <strong>activitats <\/strong>que les mestres hem escollit i seleccionat exclusivament per a vosaltres: les nenes i els nens m\u00e9s intr\u00e8pids&#8230;<\/p>\n<p>Gaudiu-les!!<\/p>\n<p>&nbsp;<\/p>\n<p style=\"text-align: center;\"><strong><a style=\"color: #2795b6; font-family: inherit; font-size: 1em;\" href=\"https:\/\/agora.xtec.cat\/esc-la-cabana\/wp-content\/uploads\/usu849\/2020\/04\/Diari-de-confinament.pdf\">Diari de confinament<\/a><a href=\"https:\/\/agora.xtec.cat\/esc-la-cabana\/wp-content\/uploads\/usu849\/2020\/05\/CURSO-RATOLI.png\"><img loading=\"lazy\" decoding=\"async\" class=\"wp-image-17202 aligncenter\" src=\"https:\/\/agora.xtec.cat\/esc-la-cabana\/wp-content\/uploads\/usu849\/2020\/05\/CURSO-RATOLI.png\" alt=\"\" width=\"68\" height=\"68\" srcset=\"https:\/\/agora.xtec.cat\/esc-la-cabana\/wp-content\/uploads\/usu849\/2020\/05\/CURSO-RATOLI.png 201w, https:\/\/agora.xtec.cat\/esc-la-cabana\/wp-content\/uploads\/usu849\/2020\/05\/CURSO-RATOLI-150x150.png 150w\" sizes=\"auto, (max-width: 68px) 100vw, 68px\" \/><\/a><\/strong><\/p>\n<p style=\"text-align: center;\"><strong><img loading=\"lazy\" decoding=\"async\" class=\"wp-image-16996 aligncenter\" style=\"border: none; color: #2795b6;\" src=\"https:\/\/agora.xtec.cat\/esc-la-cabana\/wp-content\/uploads\/usu849\/2020\/04\/imtg-diari.png\" alt=\"\" width=\"370\" height=\"411\" srcset=\"https:\/\/agora.xtec.cat\/esc-la-cabana\/wp-content\/uploads\/usu849\/2020\/04\/imtg-diari.png 498w, https:\/\/agora.xtec.cat\/esc-la-cabana\/wp-content\/uploads\/usu849\/2020\/04\/imtg-diari-271x300.png 271w\" sizes=\"auto, (max-width: 370px) 100vw, 370px\" \/><\/strong><\/p>\n<p>&nbsp;<\/p>\n<p>&nbsp;<\/p>\n<p style=\"text-align: center;\"><strong><a href=\"https:\/\/agora.xtec.cat\/esc-la-cabana\/wp-content\/uploads\/usu849\/2020\/05\/PROPOSTA1.png\"><img loading=\"lazy\" decoding=\"async\" class=\"size-full wp-image-17195 aligncenter\" src=\"https:\/\/agora.xtec.cat\/esc-la-cabana\/wp-content\/uploads\/usu849\/2020\/05\/PROPOSTA1.png\" alt=\"\" width=\"255\" height=\"55\" \/><\/a> <\/strong><\/p>\n<p style=\"text-align: center;\"><a href=\"https:\/\/agora.xtec.cat\/esc-la-cabana\/wp-content\/uploads\/usu849\/2020\/05\/Lecto-escriptura-1.pdf\">Lecto-escriptura 1<\/a><\/p>\n<p style=\"text-align: center;\"><a href=\"https:\/\/agora.xtec.cat\/esc-la-cabana\/wp-content\/uploads\/usu849\/2020\/05\/Llenguatge-l\u00f2gic-matem\u00e0tic-1.pdf\">Llenguatge l\u00f2gic-matem\u00e0tic 1<\/a><\/p>\n<p style=\"text-align: center;\"><img loading=\"lazy\" decoding=\"async\" class=\"size-large wp-image-17196 aligncenter\" src=\"https:\/\/agora.xtec.cat\/esc-la-cabana\/wp-content\/uploads\/usu849\/2020\/05\/PROPOSTA2.png\" alt=\"\" width=\"250\" height=\"46\" \/><\/p>\n<p style=\"text-align: center;\"><a href=\"https:\/\/agora.xtec.cat\/esc-la-cabana\/wp-content\/uploads\/usu849\/2020\/05\/Lecto-escriptura-2.pdf\">Lecto-escriptura 2<\/a><\/p>\n<p style=\"text-align: center;\"><a href=\"https:\/\/agora.xtec.cat\/esc-la-cabana\/wp-content\/uploads\/usu849\/2020\/05\/Llenguatge-l\u00f2gic-matem\u00e0tic-2.pdf\">Llenguatge l\u00f2gic-matem\u00e0tic 2<\/a><a href=\"https:\/\/agora.xtec.cat\/esc-la-cabana\/wp-content\/uploads\/usu849\/2020\/06\/PROPOSTA-3.png\"><img loading=\"lazy\" decoding=\"async\" class=\"size-full wp-image-17323 aligncenter\" src=\"https:\/\/agora.xtec.cat\/esc-la-cabana\/wp-content\/uploads\/usu849\/2020\/06\/PROPOSTA-3.png\" alt=\"\" width=\"230\" height=\"75\" \/><\/a><\/p>\n<p style=\"text-align: center;\"><a href=\"https:\/\/agora.xtec.cat\/esc-la-cabana\/wp-content\/uploads\/usu849\/2020\/06\/Lecto-escriptura-3-2.pdf\">Lecto-escriptura 3 <\/a><\/p>\n<p style=\"text-align: center;\"><a href=\"https:\/\/agora.xtec.cat\/esc-la-cabana\/wp-content\/uploads\/usu849\/2020\/06\/Llenguatge-l\u00f2gico-matem\u00e0tic-3.pdf\">Llenguatge l\u00f2gic-matem\u00e0tic 3<\/a><\/p>\n<p style=\"text-align: center;\"><a href=\"https:\/\/agora.xtec.cat\/esc-la-cabana\/wp-content\/uploads\/usu849\/2020\/06\/PROPOSTA-4.png\"><img loading=\"lazy\" decoding=\"async\" class=\"alignnone size-large wp-image-17358\" src=\"https:\/\/agora.xtec.cat\/esc-la-cabana\/wp-content\/uploads\/usu849\/2020\/06\/PROPOSTA-4.png\" alt=\"\" width=\"239\" height=\"73\" \/><\/a><\/p>\n<p style=\"text-align: center;\"><a style=\"font-family: inherit; font-size: 1em;\" href=\"https:\/\/agora.xtec.cat\/esc-la-cabana\/wp-content\/uploads\/usu849\/2020\/06\/Lecto-escriptura-4.pdf\">Lecto-escriptura 4<\/a><\/p>\n<p style=\"text-align: center;\"><a style=\"font-family: inherit; font-size: 1em; text-align: left;\" href=\"https:\/\/agora.xtec.cat\/esc-la-cabana\/wp-content\/uploads\/usu849\/2020\/06\/Llenguatge-l\u00f2gic-matem\u00e0tic.pdf\">Llenguatge l\u00f2gic-matem\u00e0tic 4<\/a><\/p>\n<p><img loading=\"lazy\" decoding=\"async\" class=\"wp-image-17201 aligncenter\" src=\"https:\/\/agora.xtec.cat\/esc-la-cabana\/wp-content\/uploads\/usu849\/2020\/05\/FEINES-EXTES.png\" alt=\"\" width=\"374\" height=\"308\" srcset=\"https:\/\/agora.xtec.cat\/esc-la-cabana\/wp-content\/uploads\/usu849\/2020\/05\/FEINES-EXTES.png 351w, https:\/\/agora.xtec.cat\/esc-la-cabana\/wp-content\/uploads\/usu849\/2020\/05\/FEINES-EXTES-300x246.png 300w\" sizes=\"auto, (max-width: 374px) 100vw, 374px\" \/><\/p>\n","protected":false},"excerpt":{"rendered":"<p>Espai on trobareu el recull d&#8217;activitats complement\u00e0ries pels m\u00e9s intr\u00e8pids i les m\u00e9s intr\u00e8pides!<\/p>\n","protected":false},"author":1,"featured_media":17019,"comment_status":"open","ping_status":"closed","sticky":false,"template":"","format":"standard","meta":{"_bbp_topic_count":0,"_bbp_reply_count":0,"_bbp_total_topic_count":0,"_bbp_total_reply_count":0,"_bbp_voice_count":0,"_bbp_anonymous_reply_count":0,"_bbp_topic_count_hidden":0,"_bbp_reply_count_hidden":0,"_bbp_forum_subforum_count":0,"site-sidebar-layout":"default","site-content-layout":"","ast-site-content-layout":"","site-content-style":"default","site-sidebar-style":"default","ast-global-header-display":"","ast-banner-title-visibility":"","ast-main-header-display":"","ast-hfb-above-header-display":"","ast-hfb-below-header-display":"","ast-hfb-mobile-header-display":"","site-post-title":"","ast-breadcrumbs-content":"","ast-featured-img":"","footer-sml-layout":"","theme-transparent-header-meta":"","adv-header-id-meta":"","stick-header-meta":"","header-above-stick-meta":"","header-main-stick-meta":"","header-below-stick-meta":"","astra-migrate-meta-layouts":"default","ast-page-background-enabled":"default","ast-page-background-meta":{"desktop":{"background-color":"var(--ast-global-color-4)","background-image":"","background-repeat":"repeat","background-position":"center center","background-size":"auto","background-attachment":"scroll","background-type":"","background-media":"","overlay-type":"","overlay-color":"","overlay-opacity":"","overlay-gradient":""},"tablet":{"background-color":"","background-image":"","background-repeat":"repeat","background-position":"center center","background-size":"auto","background-attachment":"scroll","background-type":"","background-media":"","overlay-type":"","overlay-color":"","overlay-opacity":"","overlay-gradient":""},"mobile":{"background-color":"","background-image":"","background-repeat":"repeat","background-position":"center center","background-size":"auto","background-attachment":"scroll","background-type":"","background-media":"","overlay-type":"","overlay-color":"","overlay-opacity":"","overlay-gradient":""}},"ast-content-background-meta":{"desktop":{"background-color":"var(--ast-global-color-5)","background-image":"","background-repeat":"repeat","background-position":"center center","background-size":"auto","background-attachment":"scroll","background-type":"","background-media":"","overlay-type":"","overlay-color":"","overlay-opacity":"","overlay-gradient":""},"tablet":{"background-color":"var(--ast-global-color-5)","background-image":"","background-repeat":"repeat","background-position":"center center","background-size":"auto","background-attachment":"scroll","background-type":"","background-media":"","overlay-type":"","overlay-color":"","overlay-opacity":"","overlay-gradient":""},"mobile":{"background-color":"var(--ast-global-color-5)","background-image":"","background-repeat":"repeat","background-position":"center center","background-size":"auto","background-attachment":"scroll","background-type":"","background-media":"","overlay-type":"","overlay-color":"","overlay-opacity":"","overlay-gradient":""}},"footnotes":""},"categories":[33,1,4],"tags":[239,216,70,187],"class_list":["post-16985","post","type-post","status-publish","format-standard","has-post-thumbnail","hentry","category-e-i","category-general","category-portada","tag-joemquedoacasa","tag-curs-2019-2020","tag-educacio-infantil","tag-infantil"],"post_mailing_queue_ids":[],"_links":{"self":[{"href":"https:\/\/agora.xtec.cat\/esc-la-cabana\/wp-json\/wp\/v2\/posts\/16985","targetHints":{"allow":["GET"]}}],"collection":[{"href":"https:\/\/agora.xtec.cat\/esc-la-cabana\/wp-json\/wp\/v2\/posts"}],"about":[{"href":"https:\/\/agora.xtec.cat\/esc-la-cabana\/wp-json\/wp\/v2\/types\/post"}],"author":[{"embeddable":true,"href":"https:\/\/agora.xtec.cat\/esc-la-cabana\/wp-json\/wp\/v2\/users\/1"}],"replies":[{"embeddable":true,"href":"https:\/\/agora.xtec.cat\/esc-la-cabana\/wp-json\/wp\/v2\/comments?post=16985"}],"version-history":[{"count":3,"href":"https:\/\/agora.xtec.cat\/esc-la-cabana\/wp-json\/wp\/v2\/posts\/16985\/revisions"}],"predecessor-version":[{"id":17022,"href":"https:\/\/agora.xtec.cat\/esc-la-cabana\/wp-json\/wp\/v2\/posts\/16985\/revisions\/17022"}],"wp:featuredmedia":[{"embeddable":true,"href":"https:\/\/agora.xtec.cat\/esc-la-cabana\/wp-json\/wp\/v2\/media\/17019"}],"wp:attachment":[{"href":"https:\/\/agora.xtec.cat\/esc-la-cabana\/wp-json\/wp\/v2\/media?parent=16985"}],"wp:term":[{"taxonomy":"category","embeddable":true,"href":"https:\/\/agora.xtec.cat\/esc-la-cabana\/wp-json\/wp\/v2\/categories?post=16985"},{"taxonomy":"post_tag","embeddable":true,"href":"https:\/\/agora.xtec.cat\/esc-la-cabana\/wp-json\/wp\/v2\/tags?post=16985"}],"curies":[{"name":"wp","href":"https:\/\/api.w.org\/{rel}","templated":true}]}}