{"id":16880,"date":"2020-04-15T23:13:17","date_gmt":"2020-04-15T21:13:17","guid":{"rendered":"http:\/\/agora.xtec.cat\/esc-la-cabana\/?p=16880"},"modified":"2020-04-23T12:35:31","modified_gmt":"2020-04-23T10:35:31","slug":"la-llegenda-de-sant-jordi","status":"publish","type":"post","link":"https:\/\/agora.xtec.cat\/esc-la-cabana\/general\/la-llegenda-de-sant-jordi\/","title":{"rendered":"PROPOSTA DID\u00c0CTICA:  SANT JORDI #JoEmQuedoACasa"},"content":{"rendered":"<p>BENVOLGUDES FAM\u00cdLIES,<\/p>\n<p>A continuaci\u00f3, trobareu totes le<span style=\"font-family: inherit; font-size: 1em;\">s propostes de l&#8217;escola per aquestes dies.<\/span><\/p>\n<h3>PROPOSTES D&#8217;EDUCACI\u00d3 INFANTIL<\/h3>\n<p><a href=\"https:\/\/agora.xtec.cat\/esc-la-cabana\/wp-content\/uploads\/usu849\/2020\/04\/Sant-Jordi-virtual.png\"><br \/>\n<img loading=\"lazy\" decoding=\"async\" class=\" wp-image-16883 aligncenter\" src=\"https:\/\/agora.xtec.cat\/esc-la-cabana\/wp-content\/uploads\/usu849\/2020\/04\/Sant-Jordi-virtual.png\" alt=\"\" width=\"338\" height=\"174\" srcset=\"https:\/\/agora.xtec.cat\/esc-la-cabana\/wp-content\/uploads\/usu849\/2020\/04\/Sant-Jordi-virtual.png 540w, https:\/\/agora.xtec.cat\/esc-la-cabana\/wp-content\/uploads\/usu849\/2020\/04\/Sant-Jordi-virtual-300x154.png 300w\" sizes=\"auto, (max-width: 338px) 100vw, 338px\" \/><\/a><\/p>\n<p>Les mestres d&#8217;infantil us presentem amb molta il\u00b7lusi\u00f3, la nostra<em><strong> Llegenda de Sant Jordi<\/strong> <\/em>des de casa.<\/p>\n<p>A continuaci\u00f3, aqu\u00ed teniu:<\/p>\n<ul>\n<li>Els v\u00eddeos de les nostres versions. Hem creat dues, una versi\u00f3 tradicional i una altra en angl\u00e8s, <strong><em>The story of St. George and the Dragon<\/em><\/strong>.<\/li>\n<li>Les propostes de Sant Jordi:<\/li>\n<\/ul>\n<p><a href=\"https:\/\/agora.xtec.cat\/esc-la-cabana\/wp-content\/uploads\/usu849\/2020\/04\/2-PROPOSTA-DE-SANT-JORDI-E.I..pdf\">2 PROPOSTA DE SANT JORDI E.I.<\/a> i el\u00a0 <a href=\"https:\/\/agora.xtec.cat\/esc-la-cabana\/wp-content\/uploads\/usu849\/2020\/04\/MATERIAL-ANNEX-PROPOSTA-SANT-JORDI-E.I..pdf\">MATERIAL ANNEX PROPOSTA SANT JORDI E.I.,<\/a>que necessitareu.<\/p>\n<p>Us animem a inventar la vostra versi\u00f3!!<\/p>\n<div class=\"ast-oembed-container \" style=\"height: 100%;\"><iframe loading=\"lazy\" title=\"Llegenda de Sant Jordi\" width=\"500\" height=\"281\" src=\"https:\/\/www.youtube.com\/embed\/9N4stt3qWOc?feature=oembed\" frameborder=\"0\" allow=\"accelerometer; autoplay; clipboard-write; encrypted-media; gyroscope; picture-in-picture; web-share\" referrerpolicy=\"strict-origin-when-cross-origin\" allowfullscreen><\/iframe><\/div>\n<p>&nbsp;<\/p>\n<p><span style=\"font-weight: 400;\">Des de l\u2019\u00e0rea d\u2019<strong>angl\u00e8s<\/strong> us fem arribar un parell de propostes molt entretingudes relacionades amb el contingut d\u2019aquest bloc (Saint George), que us seran de gran utilitat per poder seguir treballant l\u2019angl\u00e8s a casa. Si voleu tamb\u00e9 podeu accedir a les propostes d&#8217;angl\u00e8s de CI.<\/span><\/p>\n<ul>\n<li><span style=\"font-weight: 400;\">Podeu veure el video clicant damunt de la seg\u00fcent imatge. Enjoy!<\/span><\/li>\n<\/ul>\n<div class=\"ast-oembed-container \" style=\"height: 100%;\"><iframe loading=\"lazy\" title=\"The Story of St  George and the Dragon\" width=\"500\" height=\"281\" src=\"https:\/\/www.youtube.com\/embed\/afAQ1UnXUdw?feature=oembed\" frameborder=\"0\" allow=\"accelerometer; autoplay; clipboard-write; encrypted-media; gyroscope; picture-in-picture; web-share\" referrerpolicy=\"strict-origin-when-cross-origin\" allowfullscreen><\/iframe><\/div>\n<ul>\n<li><span style=\"font-weight: 400;\">Despr\u00e9s de mirar i escoltar la llegenda en angl\u00e8s realitza aquest breu q\u00fcestionari interactiu. <a href=\"https:\/\/forms.gle\/8Ze6pLaaLNTauqvd9\"><b>Qu\u00e8 hem apr\u00e8s?<\/b><\/a><\/span><\/li>\n<\/ul>\n<h3><\/h3>\n<h3><a href=\"https:\/\/agora.xtec.cat\/esc-la-cabana\/wp-content\/uploads\/usu849\/2020\/04\/imatge-2.png\"><img loading=\"lazy\" decoding=\"async\" class=\"wp-image-16929 alignleft\" src=\"https:\/\/agora.xtec.cat\/esc-la-cabana\/wp-content\/uploads\/usu849\/2020\/04\/imatge-2.png\" alt=\"\" width=\"257\" height=\"257\" srcset=\"https:\/\/agora.xtec.cat\/esc-la-cabana\/wp-content\/uploads\/usu849\/2020\/04\/imatge-2.png 512w, https:\/\/agora.xtec.cat\/esc-la-cabana\/wp-content\/uploads\/usu849\/2020\/04\/imatge-2-150x150.png 150w, https:\/\/agora.xtec.cat\/esc-la-cabana\/wp-content\/uploads\/usu849\/2020\/04\/imatge-2-300x300.png 300w\" sizes=\"auto, (max-width: 257px) 100vw, 257px\" \/><\/a>PROPOSTES DE CICLE INICIAL<\/h3>\n<p>Les mestres de cicle inicial us proposen les activitats seg\u00fcents:<\/p>\n<p><strong>1.Text informatiu sobre Sant Jordi (<a href=\"https:\/\/drive.google.com\/file\/d\/1NUa_JjQ6oSWDpGOp6egmmdRn-QEXHPzA\/view\">orientacions i valoraci\u00f3<\/a>).<\/strong><\/p>\n<p>1.1. Text informatiu: Qui era Sant Jordi? (<a href=\"https:\/\/drive.google.com\/file\/d\/1aHQmiyOCpyoOeP9_dlomSVGjwxbVyFZu\/view\">lectura de 1r<\/a> i <a href=\"https:\/\/drive.google.com\/file\/d\/1X9V0lCTCahWlnBN3K6-FIw_FeD7PLn-o\/view\">lectura de 2n<\/a>)<\/p>\n<p>1.1.1. Qu\u00e8 he descobert de Sant Jordi (Emplenar amb les respostes <a href=\"https:\/\/drive.google.com\/file\/d\/1O1xnZM6E3PXcd1pW613neI0t_DO_ozG1\/view\">1r<\/a> i <a href=\"https:\/\/drive.google.com\/file\/d\/1dris2LvtX_tTaDob618adDcGd4Dbtaht\/view\">2n<\/a>)<\/p>\n<p>&nbsp;<\/p>\n<p>&nbsp;<\/p>\n<p><strong>2. Inventar una llegenda (<a href=\"https:\/\/drive.google.com\/file\/d\/16I-20RM3p7_-UScnW0tND8g0rSxQoRC5\/view\">orientacions i valoraci\u00f3<\/a>).<\/strong><\/p>\n<p>2.1. Llegenda inventada <a href=\"https:\/\/drive.google.com\/file\/d\/117mEG_v1IGXQ8hOmXDLKkUUcTSuyuH7t\/view\">gui\u00f3<\/a> (Opci\u00f3 A)\u00a0 i lectures de la Llegenda de Sant Jordi (Opci\u00f3 B: <a href=\"https:\/\/drive.google.com\/file\/d\/1F7giBSX57v-YnjS734VwsK4ouQgAFh0i\/view\">nivell 1<\/a>, <a href=\"https:\/\/drive.google.com\/file\/d\/1YCpk1GKMzhgCYrkJTzez-nxJsThJ7yG6\/view\">nivell 2<\/a> i <a href=\"https:\/\/drive.google.com\/file\/d\/1uLric4xXHxY2Ke2dr2u9SC0G1MrAdH_J\/view\">nivell 3<\/a>)<\/p>\n<p><span style=\"font-family: inherit; font-size: 1em;\">Des de l\u2019\u00e0rea d\u2019<\/span><strong style=\"font-family: inherit; font-size: 1em;\">angl\u00e8s<\/strong><span style=\"font-family: inherit;\"><span style=\"font-size: 1em;\">\u00a0tamb\u00e9 us fem arribar un parell de propostes, tot i que tamb\u00e9\u00a0<\/span><\/span>podeu accedir a les d&#8217;angl\u00e8s de la secci\u00f3 d&#8217;infantil.<\/p>\n<ul>\n<li style=\"list-style-type: none;\">\n<ul>\n<li><span style=\"font-weight: 400;\">Visualitzeu els seg\u00fcents v\u00eddeos i busqueu les difer\u00e8ncies. Podeu veure el video clicant damunt de les seg\u00fcents imatges. Enjoy!<br \/>\n<\/span><\/li>\n<li><strong>THE STORY OF THE GINGERBREAD MAN<\/strong><\/li>\n<\/ul>\n<\/li>\n<\/ul>\n<div class=\"ast-oembed-container \" style=\"height: 100%;\"><iframe loading=\"lazy\" title=\"The Story of the Gingerbread Man\" width=\"500\" height=\"281\" src=\"https:\/\/www.youtube.com\/embed\/BIXP4_azBn8?feature=oembed\" frameborder=\"0\" allow=\"accelerometer; autoplay; clipboard-write; encrypted-media; gyroscope; picture-in-picture; web-share\" referrerpolicy=\"strict-origin-when-cross-origin\" allowfullscreen><\/iframe><\/div>\n<ul>\n<li style=\"list-style-type: none;\">\n<ul>\n<li><strong>THE STORY OF THE CUPCAKE GIRL<\/strong><\/li>\n<\/ul>\n<\/li>\n<\/ul>\n<div class=\"ast-oembed-container \" style=\"height: 100%;\"><iframe loading=\"lazy\" title=\"The Story of the Cupcake Girl\" width=\"500\" height=\"281\" src=\"https:\/\/www.youtube.com\/embed\/ms4c-0J6WPQ?feature=oembed\" frameborder=\"0\" allow=\"accelerometer; autoplay; clipboard-write; encrypted-media; gyroscope; picture-in-picture; web-share\" referrerpolicy=\"strict-origin-when-cross-origin\" allowfullscreen><\/iframe><\/div>\n<ul>\n<li style=\"list-style-type: none;\">\n<ul>\n<li><strong><span style=\"font-weight: 400;\">Despr\u00e9s de mirar i escoltar la llegenda en angl\u00e8s <\/span><\/strong><strong><span style=\"font-weight: 400;\">realitza aquest breu q\u00fcestionari interactiu. <b><a href=\"https:\/\/forms.gle\/x6MyQrxeSNbs3kms9\">Qu\u00e8 hem apr\u00e8s?<\/a><\/b><\/span><\/strong><\/li>\n<\/ul>\n<\/li>\n<\/ul>\n<h3><\/h3>\n<h3>PROPOSTES DE CICLE MITJ\u00c0<\/h3>\n<p>&nbsp;<\/p>\n<p><img loading=\"lazy\" decoding=\"async\" class=\"wp-image-16936 alignleft\" src=\"https:\/\/agora.xtec.cat\/esc-la-cabana\/wp-content\/uploads\/usu849\/2020\/04\/Sant-jordi-CM.jpg\" alt=\"\" width=\"267\" height=\"230\" srcset=\"https:\/\/agora.xtec.cat\/esc-la-cabana\/wp-content\/uploads\/usu849\/2020\/04\/Sant-jordi-CM.jpg 710w, https:\/\/agora.xtec.cat\/esc-la-cabana\/wp-content\/uploads\/usu849\/2020\/04\/Sant-jordi-CM-300x259.jpg 300w\" sizes=\"auto, (max-width: 267px) 100vw, 267px\" \/>La proposta que us fem les mestres de cicle mitj\u00e0 \u00e9s la seg\u00fcent:<\/p>\n<p>En aquest <a href=\"https:\/\/agora.xtec.cat\/esc-la-cabana\/wp-content\/uploads\/usu849\/2020\/04\/0_TEXT_INFORMATIU_SOBRE_SANT_JORDI.pdf\" target=\"_blank\" rel=\"noopener noreferrer\">document<\/a> hi trobareu tota l&#8217;explicaci\u00f3 de com realitzar-la i us proposem dues grans activitats:<\/p>\n<ol>\n<li>Fes de <a href=\"https:\/\/agora.xtec.cat\/esc-la-cabana\/wp-content\/uploads\/usu849\/2020\/04\/1.-Activitat-1.-FES-DE-CONTA-CONTES.pdf\" target=\"_blank\" rel=\"noopener noreferrer\">conta-contes<\/a> del conte que tu mateix t&#8217;has inventat, per si alg\u00fa encara no<br \/>\nl&#8217;ha escrit podeu consultar aquest <a href=\"https:\/\/agora.xtec.cat\/esc-la-cabana\/wp-content\/uploads\/usu849\/2020\/04\/Expressi\u00f3_escrita_-Conte_CM-editable.pdf\" target=\"_blank\" rel=\"noopener noreferrer\">gui\u00f3<\/a> per fer-ho.<\/li>\n<li>El <a href=\"https:\/\/agora.xtec.cat\/esc-la-cabana\/wp-content\/uploads\/usu849\/2020\/04\/2.-Activitat_-JOC_DE_SANT_JORDI.pdf\" target=\"_blank\" rel=\"noopener noreferrer\">joc de Sant Jordi.<\/a> Per fer aquest joc i arribar al nivell d&#8217;expert haur\u00e0s de consultar aquests <a href=\"https:\/\/agora.xtec.cat\/esc-la-cabana\/wp-content\/uploads\/usu849\/2020\/04\/3.-DOCUMENTS-PER-INVESTIGAR.pdf\" target=\"_blank\" rel=\"noopener noreferrer\">documents per investigar.<\/a><\/li>\n<\/ol>\n<p>I per \u00faltim, la proposta d&#8217;angl\u00e8s <a href=\"https:\/\/agora.xtec.cat\/esc-la-cabana\/wp-content\/uploads\/usu849\/2020\/04\/ENGLISH_-SAINT-GEORGE-PILL-PRIMARY-3.pdf\" target=\"_blank\" rel=\"noopener noreferrer\">Sant George pill <\/a>per l&#8217;alumnat de tercer.<\/p>\n<h3><\/h3>\n<h3>PROPOSTES DE CICLE SUPERIOR<\/h3>\n<p>L&#8217;equip de mestres de Cicle Superior us fa arribar aquesta proposta d&#8217;activitats, que estan detallades en aquest <a href=\"https:\/\/agora.xtec.cat\/esc-la-cabana\/wp-content\/uploads\/usu849\/2020\/04\/Text-informatiu-1a-c\u00e0psula.pdf\">gui\u00f3<\/a>:<\/p>\n<p><u>Activitat n\u00ba 1: Quina difer\u00e8ncia hi ha entre un conte i una llegenda?<\/u><\/p>\n<p>1.1 PROPOSTA A (<strong>Recerca a internet<\/strong>)<\/p>\n<p>1.2 PROPOSTA B (<strong>Troba la difer\u00e8ncia<\/strong>)<\/p>\n<p><u>Activitat n\u00ba 2:\u00a0La llegenda<\/u><img loading=\"lazy\" decoding=\"async\" class=\"alignright\" src=\"https:\/\/encrypted-tbn0.gstatic.com\/images?q=tbn%3AANd9GcT31NhhxEbhtddioxPNPBCKOP6q0ti4kE3sldTyKYNdb11gIE7_&amp;usqp=CAU\" alt=\"SANT JORDI 2020 - Home | Facebook\" width=\"407\" height=\"407\" \/><\/p>\n<p>2.1 PROPOSTA A (<strong>Comprensi\u00f3 lectora d\u2019un text escrit<\/strong>)<\/p>\n<p>2.2 PROPOSTA B (<strong>Comprensi\u00f3 d\u2019un text oral<\/strong>)<\/p>\n<p><u>Activitat n\u00ba 3:\u00a0La nostra hist\u00f2ria<\/u><\/p>\n<p>3.1 PROPOSTA A (<strong>Un final diferent<\/strong>)<\/p>\n<p>3.2 PROPOSTA B (<strong>Una hist\u00f2ria inventada<\/strong>)<\/p>\n<p><u>Activitat n\u00ba 4:\u00a0Lectura dramatitzada<\/u><\/p>\n<p>4.1 PROPOSTA A (<strong>Representaci\u00f3 visual de la hist\u00f2ria<\/strong>)<\/p>\n<p>4.2 PROPOSTA B (<strong>Enregistrament oral de la hist\u00f2ria<\/strong>)<\/p>\n<p><u>Activitat n\u00ba 5:\u00a0Fem origami<\/u><\/p>\n<p>5.1 PROPOSTA A (<strong>El drac de paper<\/strong>)<\/p>\n<p>5.2 PROPOSTA B (<strong>La rosa de paper<\/strong>)<\/p>\n<h2><\/h2>\n<h2 style=\"text-align: center;\">Esperem que les gaudiu molt !!<\/h2>\n<p><iframe loading=\"lazy\" src=\"\/\/giphy.com\/embed\/l4Ki4biBSwhjyrS48\" width=\"480\" height=\"480\" frameborder=\"0\"><\/iframe><\/p>\n","protected":false},"excerpt":{"rendered":"<p>Aqu\u00ed teniu recollides totes les activitats que es realitzaran a l&#8217;escola del 17 d&#8217;abril a l&#8217;1 de maig de 2020.<\/p>\n","protected":false},"author":1,"featured_media":16883,"comment_status":"open","ping_status":"closed","sticky":false,"template":"","format":"standard","meta":{"_bbp_topic_count":0,"_bbp_reply_count":0,"_bbp_total_topic_count":0,"_bbp_total_reply_count":0,"_bbp_voice_count":0,"_bbp_anonymous_reply_count":0,"_bbp_topic_count_hidden":0,"_bbp_reply_count_hidden":0,"_bbp_forum_subforum_count":0,"site-sidebar-layout":"default","site-content-layout":"","ast-site-content-layout":"","site-content-style":"default","site-sidebar-style":"default","ast-global-header-display":"","ast-banner-title-visibility":"","ast-main-header-display":"","ast-hfb-above-header-display":"","ast-hfb-below-header-display":"","ast-hfb-mobile-header-display":"","site-post-title":"","ast-breadcrumbs-content":"","ast-featured-img":"","footer-sml-layout":"","theme-transparent-header-meta":"","adv-header-id-meta":"","stick-header-meta":"","header-above-stick-meta":"","header-main-stick-meta":"","header-below-stick-meta":"","astra-migrate-meta-layouts":"default","ast-page-background-enabled":"default","ast-page-background-meta":{"desktop":{"background-color":"var(--ast-global-color-4)","background-image":"","background-repeat":"repeat","background-position":"center center","background-size":"auto","background-attachment":"scroll","background-type":"","background-media":"","overlay-type":"","overlay-color":"","overlay-opacity":"","overlay-gradient":""},"tablet":{"background-color":"","background-image":"","background-repeat":"repeat","background-position":"center center","background-size":"auto","background-attachment":"scroll","background-type":"","background-media":"","overlay-type":"","overlay-color":"","overlay-opacity":"","overlay-gradient":""},"mobile":{"background-color":"","background-image":"","background-repeat":"repeat","background-position":"center center","background-size":"auto","background-attachment":"scroll","background-type":"","background-media":"","overlay-type":"","overlay-color":"","overlay-opacity":"","overlay-gradient":""}},"ast-content-background-meta":{"desktop":{"background-color":"var(--ast-global-color-5)","background-image":"","background-repeat":"repeat","background-position":"center center","background-size":"auto","background-attachment":"scroll","background-type":"","background-media":"","overlay-type":"","overlay-color":"","overlay-opacity":"","overlay-gradient":""},"tablet":{"background-color":"var(--ast-global-color-5)","background-image":"","background-repeat":"repeat","background-position":"center center","background-size":"auto","background-attachment":"scroll","background-type":"","background-media":"","overlay-type":"","overlay-color":"","overlay-opacity":"","overlay-gradient":""},"mobile":{"background-color":"var(--ast-global-color-5)","background-image":"","background-repeat":"repeat","background-position":"center center","background-size":"auto","background-attachment":"scroll","background-type":"","background-media":"","overlay-type":"","overlay-color":"","overlay-opacity":"","overlay-gradient":""}},"footnotes":""},"categories":[23,10,12,14,33,1,4,5],"tags":[239,129,106,74,70,244,145,245,131],"class_list":["post-16880","post","type-post","status-publish","format-standard","has-post-thumbnail","hentry","category-angles","category-c-i","category-c-m","category-c-s","category-e-i","category-general","category-portada","category-primaria","tag-joemquedoacasa","tag-angles","tag-cicle-mitja","tag-cicle-superior","tag-educacio-infantil","tag-la-llegenda-de-sant-jordi","tag-primer-inicial","tag-propostes","tag-videos"],"post_mailing_queue_ids":[],"_links":{"self":[{"href":"https:\/\/agora.xtec.cat\/esc-la-cabana\/wp-json\/wp\/v2\/posts\/16880","targetHints":{"allow":["GET"]}}],"collection":[{"href":"https:\/\/agora.xtec.cat\/esc-la-cabana\/wp-json\/wp\/v2\/posts"}],"about":[{"href":"https:\/\/agora.xtec.cat\/esc-la-cabana\/wp-json\/wp\/v2\/types\/post"}],"author":[{"embeddable":true,"href":"https:\/\/agora.xtec.cat\/esc-la-cabana\/wp-json\/wp\/v2\/users\/1"}],"replies":[{"embeddable":true,"href":"https:\/\/agora.xtec.cat\/esc-la-cabana\/wp-json\/wp\/v2\/comments?post=16880"}],"version-history":[{"count":9,"href":"https:\/\/agora.xtec.cat\/esc-la-cabana\/wp-json\/wp\/v2\/posts\/16880\/revisions"}],"predecessor-version":[{"id":16971,"href":"https:\/\/agora.xtec.cat\/esc-la-cabana\/wp-json\/wp\/v2\/posts\/16880\/revisions\/16971"}],"wp:featuredmedia":[{"embeddable":true,"href":"https:\/\/agora.xtec.cat\/esc-la-cabana\/wp-json\/wp\/v2\/media\/16883"}],"wp:attachment":[{"href":"https:\/\/agora.xtec.cat\/esc-la-cabana\/wp-json\/wp\/v2\/media?parent=16880"}],"wp:term":[{"taxonomy":"category","embeddable":true,"href":"https:\/\/agora.xtec.cat\/esc-la-cabana\/wp-json\/wp\/v2\/categories?post=16880"},{"taxonomy":"post_tag","embeddable":true,"href":"https:\/\/agora.xtec.cat\/esc-la-cabana\/wp-json\/wp\/v2\/tags?post=16880"}],"curies":[{"name":"wp","href":"https:\/\/api.w.org\/{rel}","templated":true}]}}