{"id":16841,"date":"2020-05-13T12:13:29","date_gmt":"2020-05-13T10:13:29","guid":{"rendered":"http:\/\/agora.xtec.cat\/esc-la-cabana\/?p=16841"},"modified":"2020-05-21T11:19:52","modified_gmt":"2020-05-21T09:19:52","slug":"tot-anira-be","status":"publish","type":"post","link":"https:\/\/agora.xtec.cat\/esc-la-cabana\/general\/tot-anira-be\/","title":{"rendered":"ACCEPTES EL REPTE? #JoEmQuedoACasa"},"content":{"rendered":"<p><span style=\"font-weight: 400;\"><a href=\"https:\/\/agora.xtec.cat\/esc-la-cabana\/wp-content\/uploads\/usu849\/2020\/03\/TOT-ANIRA\u0300-BE\u0301-2.jpg\"><img loading=\"lazy\" decoding=\"async\" class=\"wp-image-16843 alignright\" src=\"https:\/\/agora.xtec.cat\/esc-la-cabana\/wp-content\/uploads\/usu849\/2020\/03\/TOT-ANIRA\u0300-BE\u0301-2-1024x576.jpg\" alt=\"\" width=\"397\" height=\"223\" srcset=\"https:\/\/agora.xtec.cat\/esc-la-cabana\/wp-content\/uploads\/usu849\/2020\/03\/TOT-ANIRA\u0300-BE\u0301-2-1024x576.jpg 1024w, https:\/\/agora.xtec.cat\/esc-la-cabana\/wp-content\/uploads\/usu849\/2020\/03\/TOT-ANIRA\u0300-BE\u0301-2-300x169.jpg 300w, https:\/\/agora.xtec.cat\/esc-la-cabana\/wp-content\/uploads\/usu849\/2020\/03\/TOT-ANIRA\u0300-BE\u0301-2-768x432.jpg 768w, https:\/\/agora.xtec.cat\/esc-la-cabana\/wp-content\/uploads\/usu849\/2020\/03\/TOT-ANIRA\u0300-BE\u0301-2.jpg 1280w\" sizes=\"auto, (max-width: 397px) 100vw, 397px\" \/><\/a>Hola fam\u00edlies!!!<\/span><\/p>\n<p><span style=\"font-weight: 400;\">Esperem que tots i totes estigueu molt b\u00e9. Nosaltres ja tenim molt\u00edssimes ganes de veure-us.<\/span><\/p>\n<p><span style=\"font-weight: 400;\">Els i les mestres de l\u2019escola us escrivim aquest article per dos motius:<\/span><\/p>\n<p><span style=\"font-weight: 400;\">1r) Per donar-vos molts \u00e0nims i molta for\u00e7a durant aquest dies, ja que sabem que&#8230; estar tot el dia tancats a casa es fa molt llarg. TOT ANIR\u00c0 MOLT B\u00c9!!! I de ben segur que ens podrem veure ben aviat!<\/span><\/p>\n<p><span style=\"font-weight: 400;\">2n) Per tal d\u2019ajudar-vos a passar bones estones amb la fam\u00edlia de la manera m\u00e9s l\u00fadica i educativa possible, els mestres us hem preparat uns v\u00eddeos amb molta estimaci\u00f3 amb la intenci\u00f3 d\u2019animar-vos a fer cosetes en fam\u00edlia.<\/span><\/p>\n<p><span style=\"font-weight: 400;\">Aix\u00ed doncs, a partir d\u2019avui i cada setmana, intentarem penjar-vos\u00a0 en aquest article de la web, els nostres v\u00eddeos. ESTIGUEU ALERTA!! Valdr\u00e0 la pena!!!!<\/span><\/p>\n<p><span style=\"font-weight: 400;\">Esperem que en gaudiu molt\u00edssim i que us atreviu a fer els reptes que us proposem.<\/span><\/p>\n<p><span style=\"font-weight: 400;\">Molts petonets i abra\u00e7ades virtuals!!<\/span><\/p>\n<p><span style=\"font-weight: 400;\">L\u2019EQUIP DOCENT DE L\u2019ESCOLA LA CABANA<\/span><\/p>\n<p>#JoEmQuedoACasa<\/p>\n<p>Cliqueu sobre els enlla\u00e7os per visualitzar els v\u00eddeos.<\/p>\n<p>&nbsp;<\/p>\n<p><strong>7\u00e8 REPTE: <a href=\"https:\/\/drive.google.com\/file\/d\/13TjwbtK6wjiG88QELVxgL0YeU5fTfYPI\/view?usp=sharing\" target=\"_blank\" rel=\"noopener noreferrer\">GUJI-GUJI<\/a><\/strong><\/p>\n<p><img loading=\"lazy\" decoding=\"async\" class=\" wp-image-17167 alignleft\" src=\"https:\/\/agora.xtec.cat\/esc-la-cabana\/wp-content\/uploads\/usu849\/2020\/05\/baixa.jpg\" alt=\"\" width=\"98\" height=\"138\" \/>En Guji Guji \u00e9s un animal molt especial, el vols con\u00e8ixer?<\/p>\n<p>Escolta el conte i descobrir\u00e0s que \u00e9s una animal molt peculiar I despr\u00e9s&#8230;. el gran repte:<\/p>\n<p>inventa&#8217;t un animal tant fant\u00e0stic i extraordinari com en Guji Guji.<\/p>\n<p>&nbsp;<\/p>\n<p><strong>6\u00e8 REPTE: <\/strong><a href=\"https:\/\/youtu.be\/a9eWfhWKq_k\" target=\"_blank\" rel=\"noopener noreferrer\">FEM D&#8217;ARTISTES<\/a><\/p>\n<p><a href=\"https:\/\/agora.xtec.cat\/esc-la-cabana\/wp-content\/uploads\/usu849\/2020\/05\/manchas-pintura-coloridas_1035-7496.jpg\"><img loading=\"lazy\" decoding=\"async\" class=\"wp-image-17068 alignleft\" src=\"https:\/\/agora.xtec.cat\/esc-la-cabana\/wp-content\/uploads\/usu849\/2020\/05\/manchas-pintura-coloridas_1035-7496.jpg\" alt=\"\" width=\"138\" height=\"138\" srcset=\"https:\/\/agora.xtec.cat\/esc-la-cabana\/wp-content\/uploads\/usu849\/2020\/05\/manchas-pintura-coloridas_1035-7496.jpg 626w, https:\/\/agora.xtec.cat\/esc-la-cabana\/wp-content\/uploads\/usu849\/2020\/05\/manchas-pintura-coloridas_1035-7496-150x150.jpg 150w, https:\/\/agora.xtec.cat\/esc-la-cabana\/wp-content\/uploads\/usu849\/2020\/05\/manchas-pintura-coloridas_1035-7496-300x300.jpg 300w\" sizes=\"auto, (max-width: 138px) 100vw, 138px\" \/><\/a><\/p>\n<p>Aqu\u00ed teniu una proposta art\u00edstica amb una t\u00e8cnica de gravat casol\u00e0&#8230;<\/p>\n<p>\u00c9s senzilla per\u00f2 el resultat \u00e9s molt atractiu!<\/p>\n<p>Us animeu a provar-ho, artistes?<\/p>\n<p>&nbsp;<\/p>\n<p><strong>5\u00e8 REPTE: <\/strong><a href=\"https:\/\/youtu.be\/0xXnLoi6-P8\" target=\"_blank\" rel=\"noopener noreferrer\">THE CUPCAKE CHALLENGE.<\/a><strong><br \/>\n<\/strong><\/p>\n<p><img loading=\"lazy\" decoding=\"async\" class=\"wp-image-17168 alignleft\" src=\"https:\/\/agora.xtec.cat\/esc-la-cabana\/wp-content\/uploads\/usu849\/2020\/05\/chai-latte-cupcakes-683x1024.jpg\" alt=\"\" width=\"118\" height=\"177\" srcset=\"https:\/\/agora.xtec.cat\/esc-la-cabana\/wp-content\/uploads\/usu849\/2020\/05\/chai-latte-cupcakes-683x1024.jpg 683w, https:\/\/agora.xtec.cat\/esc-la-cabana\/wp-content\/uploads\/usu849\/2020\/05\/chai-latte-cupcakes-200x300.jpg 200w, https:\/\/agora.xtec.cat\/esc-la-cabana\/wp-content\/uploads\/usu849\/2020\/05\/chai-latte-cupcakes-768x1152.jpg 768w, https:\/\/agora.xtec.cat\/esc-la-cabana\/wp-content\/uploads\/usu849\/2020\/05\/chai-latte-cupcakes.jpg 1200w\" sizes=\"auto, (max-width: 118px) 100vw, 118px\" \/><\/p>\n<p>Alguna vegada has fet magdalenes a casa?<\/p>\n<p>Et proposem un nou repte; fer una recepta f\u00e0cil que de ben segur us agradar\u00e0. El resultat \u00e9s bon\u00edssim!! Are you ready?<\/p>\n<p>Si\u00a0 <span style=\"font-family: inherit; font-size: 1em;\">voleu ens podeu fer arribar les vostres fotos o escriure un comentari a la web!<\/span><\/p>\n<p>&nbsp;<\/p>\n<p><strong>4t REPTE<\/strong> (1+1): <a href=\"https:\/\/youtu.be\/YE_rUQQ5aTo\" target=\"_blank\" rel=\"noopener noreferrer\">ON \u00c9S EL DRAC? <\/a>+\u00a0 <a href=\"https:\/\/sites.google.com\/xtec.cat\/learning-with-gamification\" target=\"_blank\" rel=\"noopener noreferrer\">SAINT GEORGE ESCAPE CLASSROOM<\/a>.<\/p>\n<div>Benvolguts nens i nenes, per Sant Jordi us proposem dos reptes:<\/div>\n<div><\/div>\n<div>\n<p>Mireu el conte:\u00a0<b>On \u00e9s el drac?\u00a0<\/b>Despr\u00e9s podeu explicar un conte a alg\u00fa de la vostra fam\u00edlia, a un animal de peluix que tingueu, als avis o tiets per tel\u00e8fon, com vulgueu!<\/p>\n<div>Per als m\u00e9s grans de l&#8217;escola i per els m\u00e9s atrevits us proposem un Escape Room de Saint George contextualitzat a la nostra zona. Are you ready?<\/div>\n<div><\/div>\n<div>Ens podeu fer arribar els vostres comentaris a la web!<\/div>\n<div><\/div>\n<\/div>\n<p>&nbsp;<\/p>\n<p><strong>3r REPTE:<\/strong> <a href=\"https:\/\/drive.google.com\/open?id=1jyIaMYZirvgN1FT6vyI-aC5g7-x7EzIK\" target=\"_blank\" rel=\"noopener noreferrer\">FEM LLUM DE LAVA.<\/a><\/p>\n<p><img loading=\"lazy\" decoding=\"async\" class=\" wp-image-17169 alignleft\" src=\"https:\/\/agora.xtec.cat\/esc-la-cabana\/wp-content\/uploads\/usu849\/2020\/05\/baixa-1.jpg\" alt=\"\" width=\"237\" height=\"133\" \/><\/p>\n<p>T&#8217;atreveixes a fer aquest experiment? La Mayca, el David i l&#8217;Eliseu ens proposen de fer &#8220;Llum de Lava&#8221; com si d&#8217;un volc\u00e0 es tractara. Voleu provar-ho?<\/p>\n<p>Envieu-nos alguna foto o v\u00eddeo si en teniu ganes.<\/p>\n<p>&nbsp;<\/p>\n<p><strong>2n REPTE:<\/strong> <a href=\"https:\/\/youtu.be\/PifUMICId5c\" target=\"_blank\" rel=\"noopener noreferrer\">FEM UNA MINI SESSI\u00d3 DE CONTE-IOGA<\/a><\/p>\n<p>El ioga ens ajuda a alliberar tensions. Amb aquest conte us convidem a viure la natura des de la nostra llar. Esperem\u00a0 que el gaudiu molt , i tan petits com grans trobeu un moment de calma per escoltar-lo i practicar-lo.<\/p>\n<div dir=\"ltr\"><\/div>\n<div dir=\"ltr\"><\/div>\n<p><strong>1r REPTE:<\/strong> <a href=\"https:\/\/youtu.be\/m2eEdZ9QhmE\" target=\"_blank\" rel=\"noopener noreferrer\">MAKING A SPINACH OMELETTE<\/a>.<\/p>\n<p>Us atreviu a escriure la recepta? Us atreviu a fer un v\u00eddeo amb alguna recepta que us agradi? Deixa&#8217;n alguna evid\u00e8ncia!<\/p>\n","protected":false},"excerpt":{"rendered":"<p>JO EM QUEDO A CASA&#8230; i faig reptes amb la fam\u00edlia.<\/p>\n","protected":false},"author":18,"featured_media":16842,"comment_status":"open","ping_status":"closed","sticky":false,"template":"","format":"standard","meta":{"_bbp_topic_count":0,"_bbp_reply_count":0,"_bbp_total_topic_count":0,"_bbp_total_reply_count":0,"_bbp_voice_count":0,"_bbp_anonymous_reply_count":0,"_bbp_topic_count_hidden":0,"_bbp_reply_count_hidden":0,"_bbp_forum_subforum_count":0,"site-sidebar-layout":"default","site-content-layout":"","ast-site-content-layout":"","site-content-style":"default","site-sidebar-style":"default","ast-global-header-display":"","ast-banner-title-visibility":"","ast-main-header-display":"","ast-hfb-above-header-display":"","ast-hfb-below-header-display":"","ast-hfb-mobile-header-display":"","site-post-title":"","ast-breadcrumbs-content":"","ast-featured-img":"","footer-sml-layout":"","theme-transparent-header-meta":"","adv-header-id-meta":"","stick-header-meta":"","header-above-stick-meta":"","header-main-stick-meta":"","header-below-stick-meta":"","astra-migrate-meta-layouts":"default","ast-page-background-enabled":"default","ast-page-background-meta":{"desktop":{"background-color":"var(--ast-global-color-4)","background-image":"","background-repeat":"repeat","background-position":"center center","background-size":"auto","background-attachment":"scroll","background-type":"","background-media":"","overlay-type":"","overlay-color":"","overlay-opacity":"","overlay-gradient":""},"tablet":{"background-color":"","background-image":"","background-repeat":"repeat","background-position":"center center","background-size":"auto","background-attachment":"scroll","background-type":"","background-media":"","overlay-type":"","overlay-color":"","overlay-opacity":"","overlay-gradient":""},"mobile":{"background-color":"","background-image":"","background-repeat":"repeat","background-position":"center center","background-size":"auto","background-attachment":"scroll","background-type":"","background-media":"","overlay-type":"","overlay-color":"","overlay-opacity":"","overlay-gradient":""}},"ast-content-background-meta":{"desktop":{"background-color":"var(--ast-global-color-5)","background-image":"","background-repeat":"repeat","background-position":"center center","background-size":"auto","background-attachment":"scroll","background-type":"","background-media":"","overlay-type":"","overlay-color":"","overlay-opacity":"","overlay-gradient":""},"tablet":{"background-color":"var(--ast-global-color-5)","background-image":"","background-repeat":"repeat","background-position":"center center","background-size":"auto","background-attachment":"scroll","background-type":"","background-media":"","overlay-type":"","overlay-color":"","overlay-opacity":"","overlay-gradient":""},"mobile":{"background-color":"var(--ast-global-color-5)","background-image":"","background-repeat":"repeat","background-position":"center center","background-size":"auto","background-attachment":"scroll","background-type":"","background-media":"","overlay-type":"","overlay-color":"","overlay-opacity":"","overlay-gradient":""}},"footnotes":""},"categories":[1,4],"tags":[239,70,102,131],"class_list":["post-16841","post","type-post","status-publish","format-standard","has-post-thumbnail","hentry","category-general","category-portada","tag-joemquedoacasa","tag-educacio-infantil","tag-primaria","tag-videos"],"post_mailing_queue_ids":[],"_links":{"self":[{"href":"https:\/\/agora.xtec.cat\/esc-la-cabana\/wp-json\/wp\/v2\/posts\/16841","targetHints":{"allow":["GET"]}}],"collection":[{"href":"https:\/\/agora.xtec.cat\/esc-la-cabana\/wp-json\/wp\/v2\/posts"}],"about":[{"href":"https:\/\/agora.xtec.cat\/esc-la-cabana\/wp-json\/wp\/v2\/types\/post"}],"author":[{"embeddable":true,"href":"https:\/\/agora.xtec.cat\/esc-la-cabana\/wp-json\/wp\/v2\/users\/18"}],"replies":[{"embeddable":true,"href":"https:\/\/agora.xtec.cat\/esc-la-cabana\/wp-json\/wp\/v2\/comments?post=16841"}],"version-history":[{"count":7,"href":"https:\/\/agora.xtec.cat\/esc-la-cabana\/wp-json\/wp\/v2\/posts\/16841\/revisions"}],"predecessor-version":[{"id":17170,"href":"https:\/\/agora.xtec.cat\/esc-la-cabana\/wp-json\/wp\/v2\/posts\/16841\/revisions\/17170"}],"wp:featuredmedia":[{"embeddable":true,"href":"https:\/\/agora.xtec.cat\/esc-la-cabana\/wp-json\/wp\/v2\/media\/16842"}],"wp:attachment":[{"href":"https:\/\/agora.xtec.cat\/esc-la-cabana\/wp-json\/wp\/v2\/media?parent=16841"}],"wp:term":[{"taxonomy":"category","embeddable":true,"href":"https:\/\/agora.xtec.cat\/esc-la-cabana\/wp-json\/wp\/v2\/categories?post=16841"},{"taxonomy":"post_tag","embeddable":true,"href":"https:\/\/agora.xtec.cat\/esc-la-cabana\/wp-json\/wp\/v2\/tags?post=16841"}],"curies":[{"name":"wp","href":"https:\/\/api.w.org\/{rel}","templated":true}]}}