{"id":1672,"date":"2018-02-22T16:31:34","date_gmt":"2018-02-22T15:31:34","guid":{"rendered":"http:\/\/agora.xtec.cat\/esc-la-cabana\/?p=1672"},"modified":"2018-02-22T17:08:43","modified_gmt":"2018-02-22T16:08:43","slug":"winter","status":"publish","type":"post","link":"https:\/\/agora.xtec.cat\/esc-la-cabana\/general\/winter\/","title":{"rendered":"WINTER"},"content":{"rendered":"<p>Aquest segon trimestre estem aprenent moltes coses sobre les diferents estacions de l&#8217;any, fent especial \u00e8mfasi a l&#8217;hivern (Winter).<\/p>\n<p>Amb l&#8217;ajuda del &#8220;<em>Frosty, the snowman<\/em>&#8221; hem descobert el nom de les diferents peces de roba en Angl\u00e8s i hem ajudat al Frosty a vestir-se adientment amb roba d&#8217;hivern per quan fa fred i amb roba m\u00e9s estiuenca per quan arribi el bon temps.<\/p>\n<p style=\"text-align: center\">\u00a0\u00a0 \u00a0 \u00a0 \u00a0 \u00a0 \u00a0\u00a0 <a href=\"http:\/\/agora.xtec.cat\/esc-la-cabana\/wp-content\/uploads\/usu849\/2018\/02\/IMG_0649.jpg\"><img loading=\"lazy\" decoding=\"async\" class=\"alignnone wp-image-1678\" src=\"http:\/\/agora.xtec.cat\/esc-la-cabana\/wp-content\/uploads\/usu849\/2018\/02\/IMG_0649.jpg\" alt=\"\" width=\"125\" height=\"174\" srcset=\"https:\/\/agora.xtec.cat\/esc-la-cabana\/wp-content\/uploads\/usu849\/2018\/02\/IMG_0649.jpg 461w, https:\/\/agora.xtec.cat\/esc-la-cabana\/wp-content\/uploads\/usu849\/2018\/02\/IMG_0649-216x300.jpg 216w\" sizes=\"auto, (max-width: 125px) 100vw, 125px\" \/><\/a>\u00a0\u00a0\u00a0\u00a0 <a href=\"http:\/\/agora.xtec.cat\/esc-la-cabana\/wp-content\/uploads\/usu849\/2018\/02\/IMG_0650.jpg\"><img loading=\"lazy\" decoding=\"async\" class=\"alignnone wp-image-1679\" src=\"http:\/\/agora.xtec.cat\/esc-la-cabana\/wp-content\/uploads\/usu849\/2018\/02\/IMG_0650.jpg\" alt=\"\" width=\"116\" height=\"173\" srcset=\"https:\/\/agora.xtec.cat\/esc-la-cabana\/wp-content\/uploads\/usu849\/2018\/02\/IMG_0650.jpg 428w, https:\/\/agora.xtec.cat\/esc-la-cabana\/wp-content\/uploads\/usu849\/2018\/02\/IMG_0650-201x300.jpg 201w\" sizes=\"auto, (max-width: 116px) 100vw, 116px\" \/><\/a>\u00a0\u00a0\u00a0\u00a0 <a href=\"http:\/\/agora.xtec.cat\/esc-la-cabana\/wp-content\/uploads\/usu849\/2018\/02\/IMG_0651.jpg\"><img loading=\"lazy\" decoding=\"async\" class=\"alignnone wp-image-1680\" src=\"http:\/\/agora.xtec.cat\/esc-la-cabana\/wp-content\/uploads\/usu849\/2018\/02\/IMG_0651.jpg\" alt=\"\" width=\"106\" height=\"172\" srcset=\"https:\/\/agora.xtec.cat\/esc-la-cabana\/wp-content\/uploads\/usu849\/2018\/02\/IMG_0651.jpg 395w, https:\/\/agora.xtec.cat\/esc-la-cabana\/wp-content\/uploads\/usu849\/2018\/02\/IMG_0651-185x300.jpg 185w\" sizes=\"auto, (max-width: 106px) 100vw, 106px\" \/><\/a><\/p>\n<p style=\"text-align: center\">\u00a0 \u00a0 \u00a0 \u00a0 \u00a0 \u00a0 \u00a0 \u00a0 \u00a0 <a href=\"http:\/\/agora.xtec.cat\/esc-la-cabana\/wp-content\/uploads\/usu849\/2018\/02\/IMG_0731-1.jpg\"><img loading=\"lazy\" decoding=\"async\" class=\"alignnone wp-image-1696\" src=\"http:\/\/agora.xtec.cat\/esc-la-cabana\/wp-content\/uploads\/usu849\/2018\/02\/IMG_0731-1.jpg\" alt=\"\" width=\"329\" height=\"247\" srcset=\"https:\/\/agora.xtec.cat\/esc-la-cabana\/wp-content\/uploads\/usu849\/2018\/02\/IMG_0731-1.jpg 640w, https:\/\/agora.xtec.cat\/esc-la-cabana\/wp-content\/uploads\/usu849\/2018\/02\/IMG_0731-1-300x225.jpg 300w, https:\/\/agora.xtec.cat\/esc-la-cabana\/wp-content\/uploads\/usu849\/2018\/02\/IMG_0731-1-200x150.jpg 200w\" sizes=\"auto, (max-width: 329px) 100vw, 329px\" \/><\/a><\/p>\n<p>Tamb\u00e9 hem decorat la classe amb flocs de neu (<em>snowflakes<\/em>), ninots de neu (<em>snowman<\/em>), bufanda, barret i guants (<em>scarf, hat, gloves<\/em>) i hem apr\u00e8s a escriure algunes d&#8217;aquestes paraules.<\/p>\n<p><a href=\"http:\/\/agora.xtec.cat\/esc-la-cabana\/wp-content\/uploads\/usu849\/2018\/02\/IMG_1831-2.jpg\"><img loading=\"lazy\" decoding=\"async\" class=\"size-large wp-image-1697 aligncenter\" src=\"http:\/\/agora.xtec.cat\/esc-la-cabana\/wp-content\/uploads\/usu849\/2018\/02\/IMG_1831-2-1024x509.jpg\" alt=\"\" width=\"1024\" height=\"509\" srcset=\"https:\/\/agora.xtec.cat\/esc-la-cabana\/wp-content\/uploads\/usu849\/2018\/02\/IMG_1831-2-1024x509.jpg 1024w, https:\/\/agora.xtec.cat\/esc-la-cabana\/wp-content\/uploads\/usu849\/2018\/02\/IMG_1831-2-300x149.jpg 300w, https:\/\/agora.xtec.cat\/esc-la-cabana\/wp-content\/uploads\/usu849\/2018\/02\/IMG_1831-2-768x382.jpg 768w, https:\/\/agora.xtec.cat\/esc-la-cabana\/wp-content\/uploads\/usu849\/2018\/02\/IMG_1831-2.jpg 1829w\" sizes=\"auto, (max-width: 1024px) 100vw, 1024px\" \/><\/a><\/p>\n<p style=\"text-align: center\">\u00a0\u00a0 <a href=\"http:\/\/agora.xtec.cat\/esc-la-cabana\/wp-content\/uploads\/usu849\/2018\/02\/IMG_1744.jpg\"><img loading=\"lazy\" decoding=\"async\" class=\"wp-image-1686 alignnone\" src=\"http:\/\/agora.xtec.cat\/esc-la-cabana\/wp-content\/uploads\/usu849\/2018\/02\/IMG_1744.jpg\" alt=\"\" width=\"137\" height=\"182\" srcset=\"https:\/\/agora.xtec.cat\/esc-la-cabana\/wp-content\/uploads\/usu849\/2018\/02\/IMG_1744.jpg 480w, https:\/\/agora.xtec.cat\/esc-la-cabana\/wp-content\/uploads\/usu849\/2018\/02\/IMG_1744-225x300.jpg 225w\" sizes=\"auto, (max-width: 137px) 100vw, 137px\" \/><\/a>\u00a0\u00a0\u00a0 <a href=\"http:\/\/agora.xtec.cat\/esc-la-cabana\/wp-content\/uploads\/usu849\/2018\/02\/IMG_1746.jpg\"><img loading=\"lazy\" decoding=\"async\" class=\"alignnone wp-image-1687\" src=\"http:\/\/agora.xtec.cat\/esc-la-cabana\/wp-content\/uploads\/usu849\/2018\/02\/IMG_1746.jpg\" alt=\"\" width=\"135\" height=\"180\" srcset=\"https:\/\/agora.xtec.cat\/esc-la-cabana\/wp-content\/uploads\/usu849\/2018\/02\/IMG_1746.jpg 480w, https:\/\/agora.xtec.cat\/esc-la-cabana\/wp-content\/uploads\/usu849\/2018\/02\/IMG_1746-225x300.jpg 225w\" sizes=\"auto, (max-width: 135px) 100vw, 135px\" \/><\/a>\u00a0\u00a0 <a href=\"http:\/\/agora.xtec.cat\/esc-la-cabana\/wp-content\/uploads\/usu849\/2018\/02\/IMG_1748.jpg\"><img loading=\"lazy\" decoding=\"async\" class=\"alignnone wp-image-1689\" src=\"http:\/\/agora.xtec.cat\/esc-la-cabana\/wp-content\/uploads\/usu849\/2018\/02\/IMG_1748.jpg\" alt=\"\" width=\"135\" height=\"180\" srcset=\"https:\/\/agora.xtec.cat\/esc-la-cabana\/wp-content\/uploads\/usu849\/2018\/02\/IMG_1748.jpg 480w, https:\/\/agora.xtec.cat\/esc-la-cabana\/wp-content\/uploads\/usu849\/2018\/02\/IMG_1748-225x300.jpg 225w\" sizes=\"auto, (max-width: 135px) 100vw, 135px\" \/><\/a><\/p>\n<p style=\"text-align: center\">\u00a0 \u00a0 \u00a0 \u00a0\u00a0 <a href=\"http:\/\/agora.xtec.cat\/esc-la-cabana\/wp-content\/uploads\/usu849\/2018\/02\/IMG_1742.jpg\"><img loading=\"lazy\" decoding=\"async\" class=\"alignnone wp-image-1677\" src=\"http:\/\/agora.xtec.cat\/esc-la-cabana\/wp-content\/uploads\/usu849\/2018\/02\/IMG_1742.jpg\" alt=\"\" width=\"348\" height=\"261\" srcset=\"https:\/\/agora.xtec.cat\/esc-la-cabana\/wp-content\/uploads\/usu849\/2018\/02\/IMG_1742.jpg 640w, https:\/\/agora.xtec.cat\/esc-la-cabana\/wp-content\/uploads\/usu849\/2018\/02\/IMG_1742-300x225.jpg 300w, https:\/\/agora.xtec.cat\/esc-la-cabana\/wp-content\/uploads\/usu849\/2018\/02\/IMG_1742-200x150.jpg 200w\" sizes=\"auto, (max-width: 348px) 100vw, 348px\" \/><\/a><\/p>\n<p>A continuaci\u00f3 us adjuntem un parell de can\u00e7ons que hem escoltat a classe relacionades amb l&#8217;hivern i la neu. Us hem adjuntat la lletra de les can\u00e7ons perqu\u00e8 les pugueu cantar amb els vostres fills\/es.<\/p>\n<div class=\"ast-oembed-container \" style=\"height: 100%;\"><iframe loading=\"lazy\" title=\"I&#039;m A Little Snowman | Super Simple Songs | Winter Song For Kids\" width=\"500\" height=\"281\" src=\"https:\/\/www.youtube.com\/embed\/FczqntFwb6k?feature=oembed\" frameborder=\"0\" allow=\"accelerometer; autoplay; clipboard-write; encrypted-media; gyroscope; picture-in-picture; web-share\" referrerpolicy=\"strict-origin-when-cross-origin\" allowfullscreen><\/iframe><\/div>\n<p>En aquest <a href=\"http:\/\/agora.xtec.cat\/esc-la-cabana\/wp-content\/uploads\/usu849\/2018\/02\/Im-a-Little-Snowman-Lyrics.pdf\">document<\/a> podeu trobar la lletra de la can\u00e7\u00f3.<\/p>\n<div class=\"ast-oembed-container \" style=\"height: 100%;\"><iframe loading=\"lazy\" title=\"Little Snowflake | Kids Songs | Super Simple Songs\" width=\"500\" height=\"281\" src=\"https:\/\/www.youtube.com\/embed\/tbbKjDjMDok?feature=oembed\" frameborder=\"0\" allow=\"accelerometer; autoplay; clipboard-write; encrypted-media; gyroscope; picture-in-picture; web-share\" referrerpolicy=\"strict-origin-when-cross-origin\" allowfullscreen><\/iframe><\/div>\n<p>En aquest\u00a0<a href=\"http:\/\/agora.xtec.cat\/esc-la-cabana\/wp-content\/uploads\/usu849\/2018\/02\/Little-Snowflake-Lyrics.pdf\">document<\/a> podeu trobar la lletra de la can\u00e7\u00f3.<\/p>\n","protected":false},"excerpt":{"rendered":"<p>L&#8217;hivern arriba a la classe d&#8217;Angl\u00e8s (P4 i P5)<\/p>\n","protected":false},"author":1,"featured_media":1704,"comment_status":"open","ping_status":"closed","sticky":false,"template":"","format":"standard","meta":{"_bbp_topic_count":0,"_bbp_reply_count":0,"_bbp_total_topic_count":0,"_bbp_total_reply_count":0,"_bbp_voice_count":0,"_bbp_anonymous_reply_count":0,"_bbp_topic_count_hidden":0,"_bbp_reply_count_hidden":0,"_bbp_forum_subforum_count":0,"site-sidebar-layout":"default","site-content-layout":"","ast-site-content-layout":"","site-content-style":"default","site-sidebar-style":"default","ast-global-header-display":"","ast-banner-title-visibility":"","ast-main-header-display":"","ast-hfb-above-header-display":"","ast-hfb-below-header-display":"","ast-hfb-mobile-header-display":"","site-post-title":"","ast-breadcrumbs-content":"","ast-featured-img":"","footer-sml-layout":"","theme-transparent-header-meta":"","adv-header-id-meta":"","stick-header-meta":"","header-above-stick-meta":"","header-main-stick-meta":"","header-below-stick-meta":"","astra-migrate-meta-layouts":"default","ast-page-background-enabled":"default","ast-page-background-meta":{"desktop":{"background-color":"var(--ast-global-color-4)","background-image":"","background-repeat":"repeat","background-position":"center center","background-size":"auto","background-attachment":"scroll","background-type":"","background-media":"","overlay-type":"","overlay-color":"","overlay-opacity":"","overlay-gradient":""},"tablet":{"background-color":"","background-image":"","background-repeat":"repeat","background-position":"center center","background-size":"auto","background-attachment":"scroll","background-type":"","background-media":"","overlay-type":"","overlay-color":"","overlay-opacity":"","overlay-gradient":""},"mobile":{"background-color":"","background-image":"","background-repeat":"repeat","background-position":"center center","background-size":"auto","background-attachment":"scroll","background-type":"","background-media":"","overlay-type":"","overlay-color":"","overlay-opacity":"","overlay-gradient":""}},"ast-content-background-meta":{"desktop":{"background-color":"var(--ast-global-color-5)","background-image":"","background-repeat":"repeat","background-position":"center center","background-size":"auto","background-attachment":"scroll","background-type":"","background-media":"","overlay-type":"","overlay-color":"","overlay-opacity":"","overlay-gradient":""},"tablet":{"background-color":"var(--ast-global-color-5)","background-image":"","background-repeat":"repeat","background-position":"center center","background-size":"auto","background-attachment":"scroll","background-type":"","background-media":"","overlay-type":"","overlay-color":"","overlay-opacity":"","overlay-gradient":""},"mobile":{"background-color":"var(--ast-global-color-5)","background-image":"","background-repeat":"repeat","background-position":"center center","background-size":"auto","background-attachment":"scroll","background-type":"","background-media":"","overlay-type":"","overlay-color":"","overlay-opacity":"","overlay-gradient":""}},"footnotes":""},"categories":[33,1,4],"tags":[129,70],"class_list":["post-1672","post","type-post","status-publish","format-standard","has-post-thumbnail","hentry","category-e-i","category-general","category-portada","tag-angles","tag-educacio-infantil"],"post_mailing_queue_ids":[],"_links":{"self":[{"href":"https:\/\/agora.xtec.cat\/esc-la-cabana\/wp-json\/wp\/v2\/posts\/1672","targetHints":{"allow":["GET"]}}],"collection":[{"href":"https:\/\/agora.xtec.cat\/esc-la-cabana\/wp-json\/wp\/v2\/posts"}],"about":[{"href":"https:\/\/agora.xtec.cat\/esc-la-cabana\/wp-json\/wp\/v2\/types\/post"}],"author":[{"embeddable":true,"href":"https:\/\/agora.xtec.cat\/esc-la-cabana\/wp-json\/wp\/v2\/users\/1"}],"replies":[{"embeddable":true,"href":"https:\/\/agora.xtec.cat\/esc-la-cabana\/wp-json\/wp\/v2\/comments?post=1672"}],"version-history":[{"count":3,"href":"https:\/\/agora.xtec.cat\/esc-la-cabana\/wp-json\/wp\/v2\/posts\/1672\/revisions"}],"predecessor-version":[{"id":1708,"href":"https:\/\/agora.xtec.cat\/esc-la-cabana\/wp-json\/wp\/v2\/posts\/1672\/revisions\/1708"}],"wp:featuredmedia":[{"embeddable":true,"href":"https:\/\/agora.xtec.cat\/esc-la-cabana\/wp-json\/wp\/v2\/media\/1704"}],"wp:attachment":[{"href":"https:\/\/agora.xtec.cat\/esc-la-cabana\/wp-json\/wp\/v2\/media?parent=1672"}],"wp:term":[{"taxonomy":"category","embeddable":true,"href":"https:\/\/agora.xtec.cat\/esc-la-cabana\/wp-json\/wp\/v2\/categories?post=1672"},{"taxonomy":"post_tag","embeddable":true,"href":"https:\/\/agora.xtec.cat\/esc-la-cabana\/wp-json\/wp\/v2\/tags?post=1672"}],"curies":[{"name":"wp","href":"https:\/\/api.w.org\/{rel}","templated":true}]}}