{"id":16698,"date":"2020-02-12T09:15:21","date_gmt":"2020-02-12T08:15:21","guid":{"rendered":"http:\/\/agora.xtec.cat\/esc-la-cabana\/?p=16698"},"modified":"2020-02-12T09:19:17","modified_gmt":"2020-02-12T08:19:17","slug":"250e-aniversari-naixement-l-v-beethoven","status":"publish","type":"post","link":"https:\/\/agora.xtec.cat\/esc-la-cabana\/general\/250e-aniversari-naixement-l-v-beethoven\/","title":{"rendered":"250\u00e8 ANIVERSARI NAIXEMENT L.V. BEETHOVEN"},"content":{"rendered":"<p>Aquest any 2020 celebrem el 250\u00e8 aniversari del naixement d&#8217;un dels grans genis de la hist\u00f2ria de la m\u00fasica: <strong>Ludwing Van Beethoven <\/strong>(Bonn 1770- Viena 1827) .<\/p>\n<p>Per aquest motiu anirem penjant audicions, imatges, jocs i curiositats per aprendre m\u00e9s coses d&#8217;aquest gran compositor, director d&#8217;orquestra i pianista alemany.<\/p>\n<p>Comencem per un fragment, l&#8217;\u00faltim moviment, de la conegud\u00edssima 9a simfonia, que molts coneixem amb el nom d&#8217;Oda a l&#8217;alegria&#8221;. Aquesta m\u00fasica ha esdevingut un s\u00edmbol de llibertat i germanor entre pobles i des de 1986 \u00e9s l&#8217;himne de la Uni\u00f3 Europea.<\/p>\n<p>Escolteu-la sencera, \u00e9s molt recomanable. Poseu especial atenci\u00f3 a partir del minut 3 i 20 segons. Segur que aquest fragment us sona.<\/p>\n<div class=\"ast-oembed-container \" style=\"height: 100%;\"><iframe loading=\"lazy\" title=\"Beethoven 9na-Sinfonia\" width=\"500\" height=\"375\" src=\"https:\/\/www.youtube.com\/embed\/tpGSzH0Wlls?feature=oembed\" frameborder=\"0\" allow=\"accelerometer; autoplay; clipboard-write; encrypted-media; gyroscope; picture-in-picture; web-share\" referrerpolicy=\"strict-origin-when-cross-origin\" allowfullscreen><\/iframe><\/div>\n<p>&nbsp;<\/p>\n<p>Per si us ve de gust intentar tocar-la, aqu\u00ed us deixo una partitura.<\/p>\n<p><a href=\"https:\/\/agora.xtec.cat\/esc-la-cabana\/wp-content\/uploads\/usu849\/2020\/02\/Tema-9a-simfonia.jpg\"><img loading=\"lazy\" decoding=\"async\" class=\"alignnone size-large wp-image-16702\" src=\"https:\/\/agora.xtec.cat\/esc-la-cabana\/wp-content\/uploads\/usu849\/2020\/02\/Tema-9a-simfonia-1024x776.jpg\" alt=\"\" width=\"1024\" height=\"776\" srcset=\"https:\/\/agora.xtec.cat\/esc-la-cabana\/wp-content\/uploads\/usu849\/2020\/02\/Tema-9a-simfonia-1024x776.jpg 1024w, https:\/\/agora.xtec.cat\/esc-la-cabana\/wp-content\/uploads\/usu849\/2020\/02\/Tema-9a-simfonia-300x227.jpg 300w, https:\/\/agora.xtec.cat\/esc-la-cabana\/wp-content\/uploads\/usu849\/2020\/02\/Tema-9a-simfonia-768x582.jpg 768w, https:\/\/agora.xtec.cat\/esc-la-cabana\/wp-content\/uploads\/usu849\/2020\/02\/Tema-9a-simfonia.jpg 1600w\" sizes=\"auto, (max-width: 1024px) 100vw, 1024px\" \/><\/a><\/p>\n<p>&nbsp;<\/p>\n<p>Salut i m\u00fasica!!<\/p>\n","protected":false},"excerpt":{"rendered":"<p>250\u00e8 aniversari del naixement de L.V. Beethoven<\/p>\n","protected":false},"author":3,"featured_media":16699,"comment_status":"open","ping_status":"closed","sticky":false,"template":"","format":"standard","meta":{"_bbp_topic_count":0,"_bbp_reply_count":0,"_bbp_total_topic_count":0,"_bbp_total_reply_count":0,"_bbp_voice_count":0,"_bbp_anonymous_reply_count":0,"_bbp_topic_count_hidden":0,"_bbp_reply_count_hidden":0,"_bbp_forum_subforum_count":0,"site-sidebar-layout":"default","site-content-layout":"","ast-site-content-layout":"","site-content-style":"default","site-sidebar-style":"default","ast-global-header-display":"","ast-banner-title-visibility":"","ast-main-header-display":"","ast-hfb-above-header-display":"","ast-hfb-below-header-display":"","ast-hfb-mobile-header-display":"","site-post-title":"","ast-breadcrumbs-content":"","ast-featured-img":"","footer-sml-layout":"","theme-transparent-header-meta":"","adv-header-id-meta":"","stick-header-meta":"","header-above-stick-meta":"","header-main-stick-meta":"","header-below-stick-meta":"","astra-migrate-meta-layouts":"default","ast-page-background-enabled":"default","ast-page-background-meta":{"desktop":{"background-color":"var(--ast-global-color-4)","background-image":"","background-repeat":"repeat","background-position":"center center","background-size":"auto","background-attachment":"scroll","background-type":"","background-media":"","overlay-type":"","overlay-color":"","overlay-opacity":"","overlay-gradient":""},"tablet":{"background-color":"","background-image":"","background-repeat":"repeat","background-position":"center center","background-size":"auto","background-attachment":"scroll","background-type":"","background-media":"","overlay-type":"","overlay-color":"","overlay-opacity":"","overlay-gradient":""},"mobile":{"background-color":"","background-image":"","background-repeat":"repeat","background-position":"center center","background-size":"auto","background-attachment":"scroll","background-type":"","background-media":"","overlay-type":"","overlay-color":"","overlay-opacity":"","overlay-gradient":""}},"ast-content-background-meta":{"desktop":{"background-color":"var(--ast-global-color-5)","background-image":"","background-repeat":"repeat","background-position":"center center","background-size":"auto","background-attachment":"scroll","background-type":"","background-media":"","overlay-type":"","overlay-color":"","overlay-opacity":"","overlay-gradient":""},"tablet":{"background-color":"var(--ast-global-color-5)","background-image":"","background-repeat":"repeat","background-position":"center center","background-size":"auto","background-attachment":"scroll","background-type":"","background-media":"","overlay-type":"","overlay-color":"","overlay-opacity":"","overlay-gradient":""},"mobile":{"background-color":"var(--ast-global-color-5)","background-image":"","background-repeat":"repeat","background-position":"center center","background-size":"auto","background-attachment":"scroll","background-type":"","background-media":"","overlay-type":"","overlay-color":"","overlay-opacity":"","overlay-gradient":""}},"footnotes":""},"categories":[1,25,4],"tags":[233,232,230,38,231],"class_list":["post-16698","post","type-post","status-publish","format-standard","has-post-thumbnail","hentry","category-general","category-musica","category-portada","tag-250e-aniversari","tag-9a-simfonia","tag-beethoven","tag-musica","tag-oda-a-lalegria"],"post_mailing_queue_ids":[],"_links":{"self":[{"href":"https:\/\/agora.xtec.cat\/esc-la-cabana\/wp-json\/wp\/v2\/posts\/16698","targetHints":{"allow":["GET"]}}],"collection":[{"href":"https:\/\/agora.xtec.cat\/esc-la-cabana\/wp-json\/wp\/v2\/posts"}],"about":[{"href":"https:\/\/agora.xtec.cat\/esc-la-cabana\/wp-json\/wp\/v2\/types\/post"}],"author":[{"embeddable":true,"href":"https:\/\/agora.xtec.cat\/esc-la-cabana\/wp-json\/wp\/v2\/users\/3"}],"replies":[{"embeddable":true,"href":"https:\/\/agora.xtec.cat\/esc-la-cabana\/wp-json\/wp\/v2\/comments?post=16698"}],"version-history":[{"count":3,"href":"https:\/\/agora.xtec.cat\/esc-la-cabana\/wp-json\/wp\/v2\/posts\/16698\/revisions"}],"predecessor-version":[{"id":16703,"href":"https:\/\/agora.xtec.cat\/esc-la-cabana\/wp-json\/wp\/v2\/posts\/16698\/revisions\/16703"}],"wp:featuredmedia":[{"embeddable":true,"href":"https:\/\/agora.xtec.cat\/esc-la-cabana\/wp-json\/wp\/v2\/media\/16699"}],"wp:attachment":[{"href":"https:\/\/agora.xtec.cat\/esc-la-cabana\/wp-json\/wp\/v2\/media?parent=16698"}],"wp:term":[{"taxonomy":"category","embeddable":true,"href":"https:\/\/agora.xtec.cat\/esc-la-cabana\/wp-json\/wp\/v2\/categories?post=16698"},{"taxonomy":"post_tag","embeddable":true,"href":"https:\/\/agora.xtec.cat\/esc-la-cabana\/wp-json\/wp\/v2\/tags?post=16698"}],"curies":[{"name":"wp","href":"https:\/\/api.w.org\/{rel}","templated":true}]}}